{"id":121345,"date":"2025-05-23T06:43:20","date_gmt":"2025-05-23T06:43:20","guid":{"rendered":"https:\/\/www.europesays.com\/fr\/121345\/"},"modified":"2025-05-23T06:43:20","modified_gmt":"2025-05-23T06:43:20","slug":"lille-licam-se-reinvente-avec-un-campus-nouvelle-generation","status":"publish","type":"post","link":"https:\/\/www.europesays.com\/fr\/121345\/","title":{"rendered":"Lille : l\u2019ICAM se r\u00e9invente avec un campus nouvelle g\u00e9n\u00e9ration"},"content":{"rendered":"<p>Apr\u00e8s 127 ans d\u2019ancrage dans le quartier Vauban \u00e0 Lille, l\u2019Institut Catholique d&rsquo;Arts et M\u00e9tiers de l&rsquo;Universit\u00e9 Catholique de Lille (ICAM) tourne une page importante de son histoire. On vous en dit plus.\n<\/p>\n<p>L\u2019\u00e9tablissement d\u2019enseignement sup\u00e9rieur et de recherche inaugure, ce jeudi 22 mai 2025, un nouveau campus totalement repens\u00e9, fruit d\u2019une ambitieuse r\u00e9novation men\u00e9e en profondeur. \u00c0 la cl\u00e9 : un cadre modernis\u00e9, plus fonctionnel, mieux int\u00e9gr\u00e9 au tissu urbain et \u00e0 la hauteur des ambitions p\u00e9dagogiques et scientifiques de l\u2019\u00e9cole.<\/p>\n<p><img loading=\"lazy\" decoding=\"async\" class=\"size-full wp-image-182771 aligncenter\" src=\"https:\/\/www.europesays.com\/fr\/wp-content\/uploads\/2025\/05\/WhatsApp-Image-2025-05-22-at-16.51.28.jpeg\" alt=\"\" width=\"2048\" height=\"1536\"  \/><\/p>\n<p>Un projet de transformation de grande ampleur<\/p>\n<p>Implant\u00e9 depuis 1898 sur un site de 31 550 m\u00b2, <a href=\"https:\/\/www.icam.fr\/les-campus-icam\/lecole-a-lille\/\" target=\"_blank\" rel=\"noopener\">l\u2019ICAM Lille<\/a> n\u2019\u00e9chappait plus \u00e0 l\u2019\u00e9preuve du temps. Pour r\u00e9pondre aux nouveaux standards de l\u2019enseignement sup\u00e9rieur et renforcer son rayonnement, l\u2019\u00e9tablissement, en partenariat avec<a href=\"https:\/\/www.fondation-feron-vrau-icam.fr\/\" target=\"_blank\" rel=\"noopener\"> la Fondation F\u00e9ron Vrau<\/a>, propri\u00e9taire des lieux, a lanc\u00e9 un vaste chantier de restructuration : le projet \u00ab\u00a0Nouveau Campus ICAM Lille\u00a0\u00bb.<\/p>\n<p>D\u2019un co\u00fbt global de 40 millions d\u2019euros, cette op\u00e9ration comprend plusieurs volets majeurs :<\/p>\n<ul>\n<li>La r\u00e9novation du b\u00e2timent historique d\u2019acc\u00e8s et des anciens ateliers,<\/li>\n<li>La d\u00e9molition d\u2019un b\u00e2timent v\u00e9tuste, en pr\u00e9servant sa fa\u00e7ade embl\u00e9matique sur la cour d\u2019honneur,<\/li>\n<li>La construction d\u2019un nouvel espace sportif et culturel \u00e0 destination des \u00e9tudiants,<\/li>\n<li>La r\u00e9organisation d\u2019espaces pour accueillir de nouvelles activit\u00e9s acad\u00e9miques et associatives,<\/li>\n<li>L\u2019am\u00e9lioration des circulations pi\u00e9tonnes et de l\u2019int\u00e9gration urbaine du campus.<\/li>\n<\/ul>\n<p>Ce projet architectural vise \u00e0 allier modernit\u00e9, respect du patrimoine et ouverture sur le quartier.<\/p>\n<p>Un financement solide, soutenu par la R\u00e9gion<\/p>\n<p>Le financement du projet repose sur un mod\u00e8le \u00e9quilibr\u00e9 : 17,2 millions d\u2019euros d\u2019autofinancement et un emprunt de 22,8 millions d\u2019euros contract\u00e9 aupr\u00e8s de la Banque de D\u00e9veloppement du Conseil de l\u2019Europe.<\/p>\n<p>La R\u00e9gion Hauts-de-France, fid\u00e8le \u00e0 son engagement en faveur de la formation et de l\u2019innovation, apporte son soutien sous forme de garantie d\u2019emprunt \u00e0 hauteur de 5,7 millions d\u2019euros, soit 25 % du montant du pr\u00eat. <a href=\"https:\/\/www.lillemetropole.fr\/\" target=\"_blank\" rel=\"noopener\">La M\u00e9tropole Europ\u00e9enne de Lille (MEL)<\/a> a \u00e9galement \u00e9t\u00e9 sollicit\u00e9e \u00e0 parts \u00e9gales pour s\u00e9curiser l\u2019op\u00e9ration.<\/p>\n<p>Une ambition renouvel\u00e9e pour l\u2019avenir<\/p>\n<p>Ce nouveau campus marque une nouvelle \u00e9tape dans l\u2019histoire de l\u2019ICAM, qui entend faire de cet outil un levier de transformation. \u00c0 travers cette r\u00e9habilitation, l\u2019\u00e9cole r\u00e9affirme ses priorit\u00e9s :<\/p>\n<ul>\n<li>Faire \u00e9voluer ses formations d\u2019ing\u00e9nieurs au plus pr\u00e8s des besoins du monde \u00e9conomique,<\/li>\n<li>Intensifier ses activit\u00e9s de recherche et d\u2019innovation,<\/li>\n<li>Renforcer ses engagements en faveur de la mixit\u00e9 sociale, de la diversit\u00e9 et de l\u2019inclusion,<\/li>\n<li>\u00c9largir son offre de formations tout au long de la vie pour accompagner les mutations des entreprises et des territoires.<\/li>\n<\/ul>\n<p>Une \u00e9cole d\u2019ing\u00e9nieurs tourn\u00e9e vers demain<\/p>\n<p>L\u2019ICAM de Lille s\u2019offre ainsi un nouveau souffle et un outil \u00e0 la mesure de ses ambitions. Ce campus r\u00e9nov\u00e9 incarne la volont\u00e9 de l\u2019\u00e9tablissement d\u2019\u00eatre un acteur majeur du d\u00e9veloppement r\u00e9gional, au service des jeunes, des entreprises et de l\u2019innovation.<\/p>\n<p>Avec le soutien actif de la R\u00e9gion Hauts-de-France, ce projet illustre une fois de plus l\u2019importance des coop\u00e9rations territoriales pour pr\u00e9parer l\u2019avenir et relever ensemble les d\u00e9fis de la transformation \u00e9conomique et soci\u00e9tale.<\/p>\n","protected":false},"excerpt":{"rendered":"Apr\u00e8s 127 ans d\u2019ancrage dans le quartier Vauban \u00e0 Lille, l\u2019Institut Catholique d&rsquo;Arts et M\u00e9tiers de l&rsquo;Universit\u00e9 Catholique&hellip;\n","protected":false},"author":2,"featured_media":121346,"comment_status":"","ping_status":"","sticky":false,"template":"","format":"standard","meta":{"footnotes":""},"categories":[2815],"tags":[1111,11,4854,1777,674,1011,27,811,5701,1307,12,959,25],"class_list":{"0":"post-121345","1":"post","2":"type-post","3":"status-publish","4":"format-standard","5":"has-post-thumbnail","7":"category-lille","8":"tag-actu","9":"tag-actualites","10":"tag-enseignement-superieur","11":"tag-eu","12":"tag-europe","13":"tag-fr","14":"tag-france","15":"tag-hauts-de-france","16":"tag-innovation","17":"tag-lille","18":"tag-news","19":"tag-recherche","20":"tag-republique-francaise"},"share_on_mastodon":{"url":"https:\/\/pubeurope.com\/@fr\/114555794453099671","error":""},"_links":{"self":[{"href":"https:\/\/www.europesays.com\/fr\/wp-json\/wp\/v2\/posts\/121345","targetHints":{"allow":["GET"]}}],"collection":[{"href":"https:\/\/www.europesays.com\/fr\/wp-json\/wp\/v2\/posts"}],"about":[{"href":"https:\/\/www.europesays.com\/fr\/wp-json\/wp\/v2\/types\/post"}],"author":[{"embeddable":true,"href":"https:\/\/www.europesays.com\/fr\/wp-json\/wp\/v2\/users\/2"}],"replies":[{"embeddable":true,"href":"https:\/\/www.europesays.com\/fr\/wp-json\/wp\/v2\/comments?post=121345"}],"version-history":[{"count":0,"href":"https:\/\/www.europesays.com\/fr\/wp-json\/wp\/v2\/posts\/121345\/revisions"}],"wp:featuredmedia":[{"embeddable":true,"href":"https:\/\/www.europesays.com\/fr\/wp-json\/wp\/v2\/media\/121346"}],"wp:attachment":[{"href":"https:\/\/www.europesays.com\/fr\/wp-json\/wp\/v2\/media?parent=121345"}],"wp:term":[{"taxonomy":"category","embeddable":true,"href":"https:\/\/www.europesays.com\/fr\/wp-json\/wp\/v2\/categories?post=121345"},{"taxonomy":"post_tag","embeddable":true,"href":"https:\/\/www.europesays.com\/fr\/wp-json\/wp\/v2\/tags?post=121345"}],"curies":[{"name":"wp","href":"https:\/\/api.w.org\/{rel}","templated":true}]}}