{"id":121347,"date":"2025-05-23T06:44:09","date_gmt":"2025-05-23T06:44:09","guid":{"rendered":"https:\/\/www.europesays.com\/fr\/121347\/"},"modified":"2025-05-23T06:44:09","modified_gmt":"2025-05-23T06:44:09","slug":"onsemelespoir-le-sentier-pollinier-mele-soin-et-nature","status":"publish","type":"post","link":"https:\/\/www.europesays.com\/fr\/121347\/","title":{"rendered":"[#OnS\u00e8meLespoir] Le sentier pollinier m\u00eale soin et nature"},"content":{"rendered":"\n<p>C\u2019est un projet port\u00e9 avec \u00ab\u00a0pugnacit\u00e9\u00a0\u00bb pendant pr\u00e8s de 15\u00a0ans par le professeur Denis Charpin qui a enfin vu le jour. Ce jeudi matin, la ville de Marseille a inaugur\u00e9 son tout premier sentier pollinier au parc Bor\u00e9ly et son jardin botanique. Ce parcours de 1,5\u00a0km met l\u2019accent sur 24\u00a0esp\u00e8ces v\u00e9g\u00e9tales allergisantes comme le cypr\u00e8s, l\u2019olivier ou la pari\u00e9taire typique des paysages proven\u00e7aux, dans un but \u00e0 la fois scientifique, p\u00e9dagogique et citoyen.<\/p>\n<p>Pour Nassera Benmarnia, adjointe au maire en charge du retour de la nature en ville et des parcs et jardins, il s\u2019agit d\u2019un tournant \u00e9cologique pour Marseille. \u00ab\u00a0Ce sentier symbolise une ville plus verte et plus r\u00e9siliente, plaide-t-elle. Il s\u2019inscrit dans notre ambition de reprendre en main nos 26\u00a0parcs, en associant les citoyens \u00e0 tous les am\u00e9nagements, qu\u2019il s\u2019agisse de d\u00e9bitumisation, de plantations ou de p\u00e9dagogie. Les allergies au pollen augmentent avec la pollution et le changement climatique et ce type d\u2019initiative, ce n\u2019est pas de la communication, c\u2019est ce que nous faisons au quotidien pour r\u00e9vitaliser notre cadre de vie.\u00a0\u00bb<\/p>\n<p>Ce sentier immersif propose une d\u00e9ambulation accessible, ponctu\u00e9e de panneaux illustr\u00e9s avec QR codes informatifs, autour des plantes \u00e0 fort potentiel allergisant. Il permet de comprendre les m\u00e9canismes de la pollinisation, d\u2019identifier les esp\u00e8ces concern\u00e9es et de sensibiliser aux liens entre biodiversit\u00e9, sant\u00e9 et climat. Le jardin botanique, gratuit depuis 2020, accueille les visiteurs en semaine l\u2019apr\u00e8s-midi et toute la journ\u00e9e le week-end.<\/p>\n<p>Olivia Fortin, maire (MadMars) des 6-8, se f\u00e9licite \u00e9galement de cette ouverture\u00a0: \u00ab\u00a0Je suis heureuse de voir na\u00eetre ce sentier dans un lieu aussi embl\u00e9matique que Bor\u00e9ly. Il m\u00eale soin et nature, en prenant \u00e0 la fois soin de nos espaces verts et de notre sant\u00e9.\u00a0\u00bb<\/p>\n<p>Pour le professeur Denis Charpin, pneumologue engag\u00e9 dans la lutte contre les allergies, l\u2019\u00e9motion est palpable. \u00ab\u00a0C\u2019est une grande satisfaction personnelle. Enfant, j\u2019accompagnais mes parents dans leurs pr\u00e9l\u00e8vements de pollen. Ce projet, qui aurait pu voir le jour bien plus t\u00f4t, n\u2019a abouti qu\u2019avec un changement de municipalit\u00e9. Le pollen, minuscule mais puissant allerg\u00e8ne, peut voyager sur des milliers de kilom\u00e8tres. Comprendre son impact, c\u2019est aussi mieux agir.\u00a0\u00bb<\/p>\n<p>\u00c0 l\u2019issue des prises de parole, une visite guid\u00e9e du parcours a \u00e9t\u00e9 propos\u00e9e. Le sentier d\u00e9bute au ch\u00e2teau Bor\u00e9ly, fait le tour du lac, passe par l\u2019\u00eele et se termine dans le jardin botanique. Il est jalonn\u00e9 de balisages en forme d\u2019abeille, symboles de la pollinisation, et d\u2019une cinquantaine de panneaux p\u00e9dagogiques.<\/p>\n","protected":false},"excerpt":{"rendered":"C\u2019est un projet port\u00e9 avec \u00ab\u00a0pugnacit\u00e9\u00a0\u00bb pendant pr\u00e8s de 15\u00a0ans par le professeur Denis Charpin qui a enfin&hellip;\n","protected":false},"author":2,"featured_media":121348,"comment_status":"","ping_status":"","sticky":false,"template":"","format":"standard","meta":{"footnotes":""},"categories":[2814],"tags":[1111,11,1777,674,1011,27,884,12,13415,882,25],"class_list":{"0":"post-121347","1":"post","2":"type-post","3":"status-publish","4":"format-standard","5":"has-post-thumbnail","7":"category-marseille","8":"tag-actu","9":"tag-actualites","10":"tag-eu","11":"tag-europe","12":"tag-fr","13":"tag-france","14":"tag-marseille","15":"tag-news","16":"tag-pollen","17":"tag-provence-alpes-cote-dazur","18":"tag-republique-francaise"},"share_on_mastodon":{"url":"https:\/\/pubeurope.com\/@fr\/114555798426253245","error":""},"_links":{"self":[{"href":"https:\/\/www.europesays.com\/fr\/wp-json\/wp\/v2\/posts\/121347","targetHints":{"allow":["GET"]}}],"collection":[{"href":"https:\/\/www.europesays.com\/fr\/wp-json\/wp\/v2\/posts"}],"about":[{"href":"https:\/\/www.europesays.com\/fr\/wp-json\/wp\/v2\/types\/post"}],"author":[{"embeddable":true,"href":"https:\/\/www.europesays.com\/fr\/wp-json\/wp\/v2\/users\/2"}],"replies":[{"embeddable":true,"href":"https:\/\/www.europesays.com\/fr\/wp-json\/wp\/v2\/comments?post=121347"}],"version-history":[{"count":0,"href":"https:\/\/www.europesays.com\/fr\/wp-json\/wp\/v2\/posts\/121347\/revisions"}],"wp:featuredmedia":[{"embeddable":true,"href":"https:\/\/www.europesays.com\/fr\/wp-json\/wp\/v2\/media\/121348"}],"wp:attachment":[{"href":"https:\/\/www.europesays.com\/fr\/wp-json\/wp\/v2\/media?parent=121347"}],"wp:term":[{"taxonomy":"category","embeddable":true,"href":"https:\/\/www.europesays.com\/fr\/wp-json\/wp\/v2\/categories?post=121347"},{"taxonomy":"post_tag","embeddable":true,"href":"https:\/\/www.europesays.com\/fr\/wp-json\/wp\/v2\/tags?post=121347"}],"curies":[{"name":"wp","href":"https:\/\/api.w.org\/{rel}","templated":true}]}}