{"id":121349,"date":"2025-05-23T06:45:10","date_gmt":"2025-05-23T06:45:10","guid":{"rendered":"https:\/\/www.europesays.com\/fr\/121349\/"},"modified":"2025-05-23T06:45:10","modified_gmt":"2025-05-23T06:45:10","slug":"marseille-premiere-ville-francaise-du-city-challenge-nature-avec-13-000-observations","status":"publish","type":"post","link":"https:\/\/www.europesays.com\/fr\/121349\/","title":{"rendered":"Marseille, premi\u00e8re ville fran\u00e7aise du City challenge nature avec 13 000 observations"},"content":{"rendered":"<p>Marseille la min\u00e9rale aime la nature. Jeudi 22\u00a0mai au soir, la Ville et l\u2019universit\u00e9 d\u2019Aix-Marseille (AMU) ont annonc\u00e9 les r\u00e9sultats du 2e <a href=\"https:\/\/www.laprovence.com\/article\/region\/2253158848688114\/decouvrez-et-repertoriez-la-faune-et-la-flore-marseillaise-lors-du-city-nature-challenge-2025\" target=\"_blank\" rel=\"noopener\">City Nature Challenge qui s\u2019est d\u00e9roul\u00e9 sur un week-end fin avril<\/a>. Lanc\u00e9 il y a dix ans par l\u2019Acad\u00e9mie des sciences de Californie et le Mus\u00e9um d\u2019histoire naturelle du comt\u00e9 de Los Angeles, ce d\u00e9fi scientifique a pour objectif de collecter des observations sur la biodiversit\u00e9 de 666\u00a0villes \u00e0 travers le monde.<\/p>\n<p>Marseille 50e au classement mondial<\/p>\n<p>Alors que les Marseillais <a href=\"https:\/\/www.laprovence.com\/article\/region\/230435305629115\/marseille-14e-ville-francaise-du-city-nature-challenge-avec-1-335-especes-observees-en-une-journee\" target=\"_blank\" rel=\"noopener\">avaient recens\u00e9 7\u00a0159\u00a0observations en\u00a02024<\/a>, ils ont, lors de cette 2e \u00e9dition, effectu\u00e9 plus de 13\u00a0000\u00a0observations. \u00ab\u00a0Marseille est la premi\u00e8re ville fran\u00e7aise du City Nature Challenge, derri\u00e8re le d\u00e9partement de la Guyane et devant Paris, se f\u00e9licite Christine Juste, adjointe (EELV) au maire de Marseille en charge de l\u2019environnement. Plus de 25 structures partenaires ont particip\u00e9 \u00e0 ce challenge et les Marseillais ont \u00e9t\u00e9 au rendez-vous puisque nous sommes 50e au classement mondial\u00a0\u00bb.<\/p>\n<p>Ce week-end de science participative a permis d\u2019observer une esp\u00e8ce rare de plante, la roem\u00e9rie hybride, au parc Montgolfier (14e). Un petit m\u00e9rou royal a \u00e9t\u00e9 photographi\u00e9 dans le Parc national des Calanques\u00a0: \u00ab\u00a0On voit tr\u00e8s peu de m\u00e9rou royal et la pr\u00e9sence de ce petit m\u00e9rou laisse supposer qu\u2019il y a dans le Parc des reproductions de cette esp\u00e8ce, commente Delphine Thibault, enseignante-chercheuse \u00e0 l\u2019Institut m\u00e9diterran\u00e9en d\u2019oc\u00e9anologie (MIO). C\u2019est tr\u00e8s bon signe.\u00a0\u00bb Jeudi soir, la Ville et AMU ont d\u00e9cern\u00e9 plusieurs prix aux participants\u00a0: trois prix des observateurs, trois prix du nombre d\u2019esp\u00e8ces observ\u00e9es et sept prix de la photo coup de c\u0153ur.<\/p>\n","protected":false},"excerpt":{"rendered":"Marseille la min\u00e9rale aime la nature. Jeudi 22\u00a0mai au soir, la Ville et l\u2019universit\u00e9 d\u2019Aix-Marseille (AMU) ont annonc\u00e9&hellip;\n","protected":false},"author":2,"featured_media":121350,"comment_status":"","ping_status":"","sticky":false,"template":"","format":"standard","meta":{"footnotes":""},"categories":[2814],"tags":[17,1111,11,24300,10006,1777,674,1011,26,27,884,2742,12,3051,882,16,25,4824],"class_list":{"0":"post-121349","1":"post","2":"type-post","3":"status-publish","4":"format-standard","5":"has-post-thumbnail","7":"category-marseille","8":"tag-17","9":"tag-actu","10":"tag-actualites","11":"tag-challenge","12":"tag-city","13":"tag-eu","14":"tag-europe","15":"tag-fr","16":"tag-francaise","17":"tag-france","18":"tag-marseille","19":"tag-nature","20":"tag-news","21":"tag-premiere","22":"tag-provence-alpes-cote-dazur","23":"tag-region","24":"tag-republique-francaise","25":"tag-ville"},"share_on_mastodon":{"url":"https:\/\/pubeurope.com\/@fr\/114555802283856744","error":""},"_links":{"self":[{"href":"https:\/\/www.europesays.com\/fr\/wp-json\/wp\/v2\/posts\/121349","targetHints":{"allow":["GET"]}}],"collection":[{"href":"https:\/\/www.europesays.com\/fr\/wp-json\/wp\/v2\/posts"}],"about":[{"href":"https:\/\/www.europesays.com\/fr\/wp-json\/wp\/v2\/types\/post"}],"author":[{"embeddable":true,"href":"https:\/\/www.europesays.com\/fr\/wp-json\/wp\/v2\/users\/2"}],"replies":[{"embeddable":true,"href":"https:\/\/www.europesays.com\/fr\/wp-json\/wp\/v2\/comments?post=121349"}],"version-history":[{"count":0,"href":"https:\/\/www.europesays.com\/fr\/wp-json\/wp\/v2\/posts\/121349\/revisions"}],"wp:featuredmedia":[{"embeddable":true,"href":"https:\/\/www.europesays.com\/fr\/wp-json\/wp\/v2\/media\/121350"}],"wp:attachment":[{"href":"https:\/\/www.europesays.com\/fr\/wp-json\/wp\/v2\/media?parent=121349"}],"wp:term":[{"taxonomy":"category","embeddable":true,"href":"https:\/\/www.europesays.com\/fr\/wp-json\/wp\/v2\/categories?post=121349"},{"taxonomy":"post_tag","embeddable":true,"href":"https:\/\/www.europesays.com\/fr\/wp-json\/wp\/v2\/tags?post=121349"}],"curies":[{"name":"wp","href":"https:\/\/api.w.org\/{rel}","templated":true}]}}