{"id":12135,"date":"2025-04-09T08:19:09","date_gmt":"2025-04-09T08:19:09","guid":{"rendered":"https:\/\/www.europesays.com\/fr\/12135\/"},"modified":"2025-04-09T08:19:09","modified_gmt":"2025-04-09T08:19:09","slug":"cest-completement-stupide-on-nous-renvoie-tous-dans-un-enorme-bouchon-galere-et-agacement-pour-les-automobilistes-au-niveau-de-la-bretelle-de-la8-desormais-fermee-a-nice","status":"publish","type":"post","link":"https:\/\/www.europesays.com\/fr\/12135\/","title":{"rendered":"\u00ab\u00a0C\u2019est compl\u00e8tement stupide, on nous renvoie tous dans un \u00e9norme bouchon\u00a0\u00bb: gal\u00e8re et agacement pour les automobilistes au niveau de la bretelle de l\u2019A8 d\u00e9sormais ferm\u00e9e \u00e0 Nice"},"content":{"rendered":"<p>\u00ab\u00a0Je ne comprends rien. La signalisation est mal faite\u00a0\u00bb, se plaint \u00c9douard qui pensait pouvoir tourner \u00e0 droite pour rejoindre l\u2019autoroute. La bretelle d\u2019entr\u00e9e de l\u2019\u00e9changeur Nice Ouest (n\u00b0 50) en provenance du boulevard du Mercantour &#8211; depuis la promenade des Anglais \u2013 est <strong><a href=\"https:\/\/www.nicematin.com\/info-trafic\/une-fermeture-et-de-nombreuses-questions-981312\" target=\"_blank\" rel=\"noopener\">d\u00e9finitivement ferm\u00e9e depuis ce mardi<\/a><\/strong>.<\/p>\n<p>Sauf que cet automobiliste peut toujours tourner \u00e0 droite avant le carrefour pour emprunter l\u2019avenue Val\u00e9ry-Giscard-d\u2019Estaing (ex-route de Grenoble).<\/p>\n<p>Trente m\u00e8tres plus loin, une fois engag\u00e9 sur l\u2019avenue, il tombe sur une interdiction de tourner \u00e0 droite et la pr\u00e9sence d\u2019un policier municipal. Il ne peut donc rejoindre la bretelle d\u2019acc\u00e8s \u00e0 l\u2019autoroute et se voit forcer de s\u2019enfoncer dans les bouchons de l\u2019avenue en travaux.<\/p>\n<p><strong>Des dizaines d\u2019automobilistes ne respectent pas l\u2019interdiction<\/strong><\/p>\n<p>Contrairement \u00e0 \u00c9douard, avant l\u2019arriv\u00e9e de la police municipale et s\u00fbrement apr\u00e8s, ils sont des dizaines d\u2019automobilistes \u00e0 ne pas respecter l\u2019interdiction. Et contrecarrent les plans bien ficel\u00e9s de la M\u00e9tropole dans son sch\u00e9ma de circulation.<\/p>\n<p>La pagaille aidant, la police municipale a d\u00fb placer l\u2019une de ses voitures dans la file pour tourner \u00e0 droite boulevard du Mercantour et emp\u00eacher ainsi les automobilistes de se rendre avenue Val\u00e9ry-Giscard-d\u2019Estaing (ex-route de Grenoble).<\/p>\n<p>\u00ab\u00a0Je dois me rendre chez Peugeot, pourquoi vous ne me laissez pas passer\u00a0\u00bb, s\u2019interroge un automobiliste qui maugr\u00e9e.<\/p>\n<p>\u00ab\u00a0C\u2019est compl\u00e8tement stupide, on nous renvoie tous dans un \u00e9norme bouchon\u00a0\u00bb, r\u00e2le Marie qui redoute la travers\u00e9e du carrefour sous l\u2019autopont du palais Nika\u00efa.<\/p>\n<p>\u00ab\u00a0Christian Estrosi devrait conduire dans Nice pour se rendre compte de la situation au lieu de se faire conduire par son chauffeur\u00a0\u00bb, s\u2019emporte Jessica. Ce n\u2019est pas le seul \u00e0 en prendre pour son grade. \u00ab\u00a0Ga\u00ebl Nofri se pavane aux endroits o\u00f9 il n\u2019y a pas de probl\u00e8mes. On ne le voit pas aux heures de pointe pour constater que son plan ne fonctionne pas\u00a0\u00bb, pointe Eric.<\/p>\n<p><strong>\u00ab\u00a0Apr\u00e8s les vacances, ce sera le chaos\u00a0\u00bb<\/strong><\/p>\n<p>Un peu plus loin, \u00e0 l\u2019intersection de la traverse de la Digue-des-Fran\u00e7ais et du boulevard du Mercantour \u2013 qui permet de rejoindre l\u2019autoroute A8 par l\u2019\u00e9changeur Nice A\u00e9roport (n\u00b0 51) au niveau du CADAM, les bouchons s\u2019allongent.<\/p>\n<p>Mais rien d\u2019insurmontable en p\u00e9riode de vacances scolaires. \u00ab\u00a0Vous croyez qu\u2019apr\u00e8s les vacances ce sera comment? s\u2019interroge Marina. Ce sera le chaos.\u00a0\u00bb<\/p>\n<p>              <img ci-src=\"https:\/\/www.nicematin.com\/info-trafic\/protec\/DATA_ART_15310853-2cT1wxVW.jpg?vh=4eceef&amp;ci_seal=be5224c08d\" alt=\"\"\/><br \/>\n         <strong>Photo Cyril Dodergny.<\/strong> <\/p>\n<p>\u00ab\u00a0Je ne comprends rien. La signalisation est mal faite\u00a0\u00bb, se plaint \u00c9douard qui pensait pouvoir tourner \u00e0 droite pour rejoindre l\u2019autoroute. La bretelle d\u2019entr\u00e9e de l\u2019\u00e9changeur Nice Ouest (n\u00b0 50) en provenance du boulevard du Mercantour &#8211; depuis la promenade des Anglais \u2013\u00a0 depuis mardi 8 avril 2025.<\/p>\n<p>Sauf que cet automobiliste peut toujours tourner \u00e0 droite avant le carrefour pour emprunter l\u2019avenue Val\u00e9ry-Giscard-d\u2019Estaing (ex-route de Grenoble). Trente m\u00e8tres plus loin, une fois engag\u00e9 sur l\u2019avenue, il tombe sur une interdiction de tourner \u00e0 droite et la pr\u00e9sence d\u2019un policier municipal. Il ne peut donc rejoindre la bretelle d\u2019acc\u00e8s \u00e0 l\u2019autoroute et se voit forcer de s\u2019enfoncer dans les bouchons de l\u2019avenue en travaux.<\/p>\n<p><strong>Des dizaines d\u2019automobilistes ne respectent pas l\u2019interdiction<\/strong><\/p>\n<p>Contrairement \u00e0 \u00c9douard, avant l\u2019arriv\u00e9e de la police municipale et s\u00fbrement apr\u00e8s, ils sont des dizaines d\u2019automobilistes \u00e0 ne pas respecter l\u2019interdiction. Et contrecarrent les plans bien ficel\u00e9s de la M\u00e9tropole dans son sch\u00e9ma de circulation.<\/p>\n<p>La pagaille aidant, la police municipale a d\u00fb placer l\u2019une de ses voitures dans la file pour tourner \u00e0 droite boulevard du Mercantour et emp\u00eacher ainsi les automobilistes de se rendre avenue Val\u00e9ry-Giscard-d\u2019Estaing (ex-route de Grenoble). \u00ab\u00a0Je dois me rendre chez Peugeot, pourquoi vous ne me laissez pas passer\u00a0\u00bb, s\u2019interroge un automobiliste qui maugr\u00e9e. \u00ab\u00a0C\u2019est compl\u00e8tement stupide, on nous renvoie tous dans un \u00e9norme bouchon\u00a0\u00bb, r\u00e2le Marie qui redoute la travers\u00e9e du carrefour sous l\u2019autopont du palais Nika\u00efa.<\/p>\n<p>\u00ab\u00a0Christian Estrosi devrait conduire dans Nice pour se rendre compte de la situation au lieu de se faire conduire par son chauffeur\u00a0\u00bb, s\u2019emporte Jessica. Ce n\u2019est pas le seul \u00e0 en prendre pour son grade. \u00ab\u00a0Ga\u00ebl Nofri se pavane aux endroits o\u00f9 il n\u2019y a pas de probl\u00e8mes. On ne le voit pas aux heures de pointe pour constater que son plan ne fonctionne pas\u00a0\u00bb, pointe Eric.<\/p>\n<p>\u00ab\u00a0Apr\u00e8s les vacances, ce sera le chaos\u00a0\u00bb<\/p>\n<p>Un peu plus loin, \u00e0 l\u2019intersection de la traverse de la Digue-des-Fran\u00e7ais et du boulevard du Mercantour \u2013 qui permet de rejoindre l\u2019autoroute A8 par l\u2019\u00e9changeur Nice A\u00e9roport (n\u00b0 51) au niveau du CADAM, les bouchons s\u2019allongent.<\/p>\n<p>Mais rien d\u2019insurmontable en p\u00e9riode de vacances scolaires.<\/p>\n<p>\u00ab\u00a0Vous croyez qu\u2019apr\u00e8s les vacances ce sera comment? s\u2019interroge Marina. Ce sera le chaos.\u00a0\u00bb<\/p>\n<p>              <img ci-src=\"https:\/\/www.nicematin.com\/info-trafic\/protec\/DATA_ART_15310852-onUa4UdO.jpg?vh=f199c9&amp;ci_seal=fe505e82fd\" alt=\"\"\/><br \/>\n         <strong>Photo Cyril Dodergny.<\/strong> <\/p>\n","protected":false},"excerpt":{"rendered":"\u00ab\u00a0Je ne comprends rien. La signalisation est mal faite\u00a0\u00bb, se plaint \u00c9douard qui pensait pouvoir tourner \u00e0 droite&hellip;\n","protected":false},"author":2,"featured_media":12136,"comment_status":"","ping_status":"","sticky":false,"template":"","format":"standard","meta":{"footnotes":""},"categories":[2819],"tags":[1111,11,1777,674,1011,27,803,12,2401,882,25],"class_list":{"0":"post-12135","1":"post","2":"type-post","3":"status-publish","4":"format-standard","5":"has-post-thumbnail","7":"category-nice","8":"tag-actu","9":"tag-actualites","10":"tag-eu","11":"tag-europe","12":"tag-fr","13":"tag-france","14":"tag-info-trafic","15":"tag-news","16":"tag-nice","17":"tag-provence-alpes-cote-dazur","18":"tag-republique-francaise"},"share_on_mastodon":{"url":"https:\/\/pubeurope.com\/@fr\/114307030252641614","error":""},"_links":{"self":[{"href":"https:\/\/www.europesays.com\/fr\/wp-json\/wp\/v2\/posts\/12135","targetHints":{"allow":["GET"]}}],"collection":[{"href":"https:\/\/www.europesays.com\/fr\/wp-json\/wp\/v2\/posts"}],"about":[{"href":"https:\/\/www.europesays.com\/fr\/wp-json\/wp\/v2\/types\/post"}],"author":[{"embeddable":true,"href":"https:\/\/www.europesays.com\/fr\/wp-json\/wp\/v2\/users\/2"}],"replies":[{"embeddable":true,"href":"https:\/\/www.europesays.com\/fr\/wp-json\/wp\/v2\/comments?post=12135"}],"version-history":[{"count":0,"href":"https:\/\/www.europesays.com\/fr\/wp-json\/wp\/v2\/posts\/12135\/revisions"}],"wp:featuredmedia":[{"embeddable":true,"href":"https:\/\/www.europesays.com\/fr\/wp-json\/wp\/v2\/media\/12136"}],"wp:attachment":[{"href":"https:\/\/www.europesays.com\/fr\/wp-json\/wp\/v2\/media?parent=12135"}],"wp:term":[{"taxonomy":"category","embeddable":true,"href":"https:\/\/www.europesays.com\/fr\/wp-json\/wp\/v2\/categories?post=12135"},{"taxonomy":"post_tag","embeddable":true,"href":"https:\/\/www.europesays.com\/fr\/wp-json\/wp\/v2\/tags?post=12135"}],"curies":[{"name":"wp","href":"https:\/\/api.w.org\/{rel}","templated":true}]}}