{"id":121351,"date":"2025-05-23T06:46:08","date_gmt":"2025-05-23T06:46:08","guid":{"rendered":"https:\/\/www.europesays.com\/fr\/121351\/"},"modified":"2025-05-23T06:46:08","modified_gmt":"2025-05-23T06:46:08","slug":"cette-descente-anti-stups-permet-de-saisir-des-armes-un-quad-et-darreter-des-clandestins","status":"publish","type":"post","link":"https:\/\/www.europesays.com\/fr\/121351\/","title":{"rendered":"cette descente anti-stups permet de saisir des armes, un quad et d&rsquo;arr\u00eater des clandestins"},"content":{"rendered":"<p>Pr\u00e8s de Lyon : cette descente anti-stups permet de saisir des armes, un quad et d&rsquo;arr\u00eater des clandestins &#8211; DR DIPN69<\/p>\n<p itemprop=\"description\"><strong>Le quartier de la Saulaie \u00e0 Oullins-Pierre-B\u00e9nite doit prochainement changer de visage.<\/strong><\/p>\n<p>En attendant, il reste l&rsquo;un des points les plus sensibles de l&rsquo;agglom\u00e9ration, coinc\u00e9e entre la M7, l&rsquo;Yzeron et le m\u00e9tro B.<\/p>\n<p>Ce mardi, une op\u00e9ration anti-stups y a \u00e9t\u00e9 men\u00e9e. Et elle a \u00e9t\u00e9 plut\u00f4t fructueuse. La police nationale annonce avoir d\u00e9mantel\u00e9 un point de deal.<\/p>\n<p>Pas moins de 30 infractions ont \u00e9t\u00e9 relev\u00e9es, menant \u00e0 5 interpellations. Trois \u00e9trangers en situation irr\u00e9guli\u00e8re ont \u00e9t\u00e9 contr\u00f4l\u00e9s.<\/p>\n<p>Enfin, des armes ont \u00e9t\u00e9 retrouv\u00e9es et saisies \u00e0 la Saulaie, tout comme un quad et des stup\u00e9fiants.<\/p>\n","protected":false},"excerpt":{"rendered":"Pr\u00e8s de Lyon : cette descente anti-stups permet de saisir des armes, un quad et d&rsquo;arr\u00eater des clandestins&hellip;\n","protected":false},"author":2,"featured_media":121352,"comment_status":"","ping_status":"","sticky":false,"template":"","format":"standard","meta":{"footnotes":""},"categories":[1889],"tags":[1111,11,2813,2190,2430,1109,251,1112,2811,1777,674,118,1011,27,1922,1110,1114,2428,2810,12,241,316,25,2812,517,800],"class_list":{"0":"post-121351","1":"post","2":"type-post","3":"status-publish","4":"format-standard","5":"has-post-thumbnail","7":"category-lyon","8":"tag-actu","9":"tag-actualites","10":"tag-article","11":"tag-asvel","12":"tag-auvergne-rhone-alpes","13":"tag-breves","14":"tag-culture","15":"tag-depeches","16":"tag-economique","17":"tag-eu","18":"tag-europe","19":"tag-faits-divers","20":"tag-fr","21":"tag-france","22":"tag-info","23":"tag-informations","24":"tag-infos","25":"tag-lyon","26":"tag-lyonmag","27":"tag-news","28":"tag-ol","29":"tag-politique","30":"tag-republique-francaise","31":"tag-sociale","32":"tag-sport","33":"tag-transports"},"share_on_mastodon":{"url":"https:\/\/pubeurope.com\/@fr\/114555806231673485","error":""},"_links":{"self":[{"href":"https:\/\/www.europesays.com\/fr\/wp-json\/wp\/v2\/posts\/121351","targetHints":{"allow":["GET"]}}],"collection":[{"href":"https:\/\/www.europesays.com\/fr\/wp-json\/wp\/v2\/posts"}],"about":[{"href":"https:\/\/www.europesays.com\/fr\/wp-json\/wp\/v2\/types\/post"}],"author":[{"embeddable":true,"href":"https:\/\/www.europesays.com\/fr\/wp-json\/wp\/v2\/users\/2"}],"replies":[{"embeddable":true,"href":"https:\/\/www.europesays.com\/fr\/wp-json\/wp\/v2\/comments?post=121351"}],"version-history":[{"count":0,"href":"https:\/\/www.europesays.com\/fr\/wp-json\/wp\/v2\/posts\/121351\/revisions"}],"wp:featuredmedia":[{"embeddable":true,"href":"https:\/\/www.europesays.com\/fr\/wp-json\/wp\/v2\/media\/121352"}],"wp:attachment":[{"href":"https:\/\/www.europesays.com\/fr\/wp-json\/wp\/v2\/media?parent=121351"}],"wp:term":[{"taxonomy":"category","embeddable":true,"href":"https:\/\/www.europesays.com\/fr\/wp-json\/wp\/v2\/categories?post=121351"},{"taxonomy":"post_tag","embeddable":true,"href":"https:\/\/www.europesays.com\/fr\/wp-json\/wp\/v2\/tags?post=121351"}],"curies":[{"name":"wp","href":"https:\/\/api.w.org\/{rel}","templated":true}]}}