{"id":121353,"date":"2025-05-23T06:47:08","date_gmt":"2025-05-23T06:47:08","guid":{"rendered":"https:\/\/www.europesays.com\/fr\/121353\/"},"modified":"2025-05-23T06:47:08","modified_gmt":"2025-05-23T06:47:08","slug":"un-homme-grievement-blesse-par-balles-aux-minguettes","status":"publish","type":"post","link":"https:\/\/www.europesays.com\/fr\/121353\/","title":{"rendered":"un homme gri\u00e8vement bless\u00e9 par balles aux Minguettes"},"content":{"rendered":"<p>V\u00e9nissieux : un homme bless\u00e9 par balle aux Minguettes ce jeudi apr\u00e8s-midi &#8211; LyonMag<\/p>\n<p>Les faits se sont produits avenue de la Division Leclerc.<\/p>\n<p>Des tirs ont \u00e9t\u00e9 entendus ce jeudi 22 mai, aux alentours de 14 heures, dans le quartier des Minguettes \u00e0 V\u00e9nissieux.<\/p>\n<p>Selon les premiers \u00e9l\u00e9ments recueillis, un homme de 25 ans, identifi\u00e9 comme \u00e9tant un dealer, a \u00e9t\u00e9 bless\u00e9 d&rsquo;au moins une balle dans les fesses. La direction interd\u00e9partementale de la police nationale (DIPN) nous pr\u00e9cise que son pronostic vital n&rsquo;est pas engag\u00e9.<\/p>\n<p>Il a \u00e9t\u00e9 transport\u00e9 \u00e0 l&rsquo;h\u00f4pital.\u00a0<\/p>\n<p>Les circonstances de l&rsquo;incident restent pour l\u2019heure \u00e0 \u00e9claircir.<\/p>\n<p>Une enqu\u00eate devrait \u00eatre ouverte pour d\u00e9terminer les causes et le d\u00e9roulement exact des faits.<\/p>\n","protected":false},"excerpt":{"rendered":"V\u00e9nissieux : un homme bless\u00e9 par balle aux Minguettes ce jeudi apr\u00e8s-midi &#8211; LyonMag Les faits se sont&hellip;\n","protected":false},"author":2,"featured_media":121354,"comment_status":"","ping_status":"","sticky":false,"template":"","format":"standard","meta":{"footnotes":""},"categories":[1889],"tags":[1111,11,2813,2190,2430,1109,251,1112,2811,1777,674,118,1011,27,1922,1110,1114,2428,2810,12,241,316,25,2812,517,800],"class_list":{"0":"post-121353","1":"post","2":"type-post","3":"status-publish","4":"format-standard","5":"has-post-thumbnail","7":"category-lyon","8":"tag-actu","9":"tag-actualites","10":"tag-article","11":"tag-asvel","12":"tag-auvergne-rhone-alpes","13":"tag-breves","14":"tag-culture","15":"tag-depeches","16":"tag-economique","17":"tag-eu","18":"tag-europe","19":"tag-faits-divers","20":"tag-fr","21":"tag-france","22":"tag-info","23":"tag-informations","24":"tag-infos","25":"tag-lyon","26":"tag-lyonmag","27":"tag-news","28":"tag-ol","29":"tag-politique","30":"tag-republique-francaise","31":"tag-sociale","32":"tag-sport","33":"tag-transports"},"share_on_mastodon":{"url":"https:\/\/pubeurope.com\/@fr\/114555810153370050","error":""},"_links":{"self":[{"href":"https:\/\/www.europesays.com\/fr\/wp-json\/wp\/v2\/posts\/121353","targetHints":{"allow":["GET"]}}],"collection":[{"href":"https:\/\/www.europesays.com\/fr\/wp-json\/wp\/v2\/posts"}],"about":[{"href":"https:\/\/www.europesays.com\/fr\/wp-json\/wp\/v2\/types\/post"}],"author":[{"embeddable":true,"href":"https:\/\/www.europesays.com\/fr\/wp-json\/wp\/v2\/users\/2"}],"replies":[{"embeddable":true,"href":"https:\/\/www.europesays.com\/fr\/wp-json\/wp\/v2\/comments?post=121353"}],"version-history":[{"count":0,"href":"https:\/\/www.europesays.com\/fr\/wp-json\/wp\/v2\/posts\/121353\/revisions"}],"wp:featuredmedia":[{"embeddable":true,"href":"https:\/\/www.europesays.com\/fr\/wp-json\/wp\/v2\/media\/121354"}],"wp:attachment":[{"href":"https:\/\/www.europesays.com\/fr\/wp-json\/wp\/v2\/media?parent=121353"}],"wp:term":[{"taxonomy":"category","embeddable":true,"href":"https:\/\/www.europesays.com\/fr\/wp-json\/wp\/v2\/categories?post=121353"},{"taxonomy":"post_tag","embeddable":true,"href":"https:\/\/www.europesays.com\/fr\/wp-json\/wp\/v2\/tags?post=121353"}],"curies":[{"name":"wp","href":"https:\/\/api.w.org\/{rel}","templated":true}]}}