{"id":121365,"date":"2025-05-23T06:58:09","date_gmt":"2025-05-23T06:58:09","guid":{"rendered":"https:\/\/www.europesays.com\/fr\/121365\/"},"modified":"2025-05-23T06:58:09","modified_gmt":"2025-05-23T06:58:09","slug":"bedos-ne-avant-la-honte-les-feministes-affichent-la-maison-dedition-de-lacteur-a-paris","status":"publish","type":"post","link":"https:\/\/www.europesays.com\/fr\/121365\/","title":{"rendered":"\u00ab Bedos, n\u00e9 avant la honte \u00bb : les f\u00e9ministes affichent la maison d\u2019\u00e9dition de l\u2019acteur \u00e0 Paris"},"content":{"rendered":"<p class=\"paragraph text_align_left\">Des militantes du collectif f\u00e9ministe #Noustoutes ont asperg\u00e9 de peinture et coll\u00e9 des messages vendredi matin sur la fa\u00e7ade des \u00e9ditions de l\u2019Observatoire \u00e0 Paris pour d\u00e9noncer <a href=\"https:\/\/www.leparisien.fr\/culture-loisirs\/livres\/agressions-sexuelles-alcool-outrances-nicolas-bedos-balance-tout-dans-son-livre-la-soif-de-honte-01-05-2025-JMTOFDU4XBBANL472WRFLR7ATE.php\" target=\"_blank\" rel=\"noreferrer nofollow noopener\">la publication d\u2019un livre de Nicolas Bedos, <\/a>condamn\u00e9 en octobre pour agressions sexuelles.<\/p>\n<p class=\"paragraph text_align_left\">Vers 7 heures, une dizaine de militantes ont d\u00e9vers\u00e9 de la peinture violette sur la fa\u00e7ade du si\u00e8ge de l\u2019\u00e9diteur, situ\u00e9 pr\u00e8s de Port Royal (Ve arrondissement) avant de se disperser dans le calme, sans qu\u2019aucune intervention n\u2019ait lieu.<\/p>\n<p class=\"paragraph text_align_left\">Les f\u00e9ministes ont \u00e9galement appos\u00e9 un portrait de l\u2019artiste et coll\u00e9 des affiches sur lesquelles on pouvait lire: \u00ab Victimes insult\u00e9es, Bedos n\u00e9 avant la honte \u00bb et \u00ab Humensis tremblez ! les f\u00e9ministes l\u00e2chent pas \u00bb, a constat\u00e9 l\u2019AFP.<\/p>\n<p class=\"title-embed-dailymotion lp-color-text lp-f-subtitle-04\">Vid\u00e9oL\u2019acteur Nicolas Bedos condamn\u00e9 \u00e0 un an de prison dont six mois avec sursis pour agressions sexuelles<\/p>\n<p class=\"paragraph text_align_left\">Nicolas Bedos a \u00e9t\u00e9 <a href=\"https:\/\/www.leparisien.fr\/faits-divers\/nicolas-bedos-condamne-a-6-mois-de-prison-ferme-pour-agressions-sexuelles-une-peine-inedite-vraiment-22-10-2024-VINQOBQDS5APRJ2CMITJRSMOLE.php\" target=\"_blank\" rel=\"noreferrer nofollow noopener\">condamn\u00e9 en octobre 2024 <\/a>\u00e0 un an de prison dont six mois avec sursis pour des agressions sexuelles sur deux femmes en 2023. Il a renonc\u00e9 fin janvier \u00e0 faire appel \u00ab dans un souci d\u2019apaisement \u00bb.<\/p>\n<p class=\"paragraph text_align_left\">L\u2019acteur est depuis <a href=\"https:\/\/www.leparisien.fr\/culture-loisirs\/cest-important-le-consentement-nicolas-bedos-recadre-dans-lemission-quelle-epoque-04-05-2025-6LEZUUPWMFCDNM7AHVT6IEF5PU.php\" target=\"_blank\" rel=\"noreferrer nofollow noopener\">revenu sur son parcours<\/a> avant et apr\u00e8s sa condamnation dans des interviews accord\u00e9es \u00e0 l\u2019occasion de la parution, le 7 mai, de son livre \u00ab La Soif de honte \u00bb, publi\u00e9 aux \u00e9ditions de l\u2019Observatoire.<\/p>\n<p class=\"paragraph text_align_left\">Au cours de l\u2019audience, Nicolas Bedos s\u2019\u00e9tait d\u00e9fendu d\u2019\u00eatre \u00ab un agresseur sexuel \u00bb et avait \u00e9voqu\u00e9 un \u00ab black-out \u00bb, en reconnaissant des probl\u00e8mes d\u2019alcool et \u00ab une amabilit\u00e9 lourde \u00bb en cas d\u2019ivresse.<\/p>\n","protected":false},"excerpt":{"rendered":"Des militantes du collectif f\u00e9ministe #Noustoutes ont asperg\u00e9 de peinture et coll\u00e9 des messages vendredi matin sur la&hellip;\n","protected":false},"author":2,"featured_media":121366,"comment_status":"","ping_status":"","sticky":false,"template":"","format":"standard","meta":{"footnotes":""},"categories":[1888],"tags":[11,872,1777,674,1011,27,1944,12,626,25],"class_list":{"0":"post-121365","1":"post","2":"type-post","3":"status-publish","4":"format-standard","5":"has-post-thumbnail","7":"category-paris","8":"tag-actualites","9":"tag-culture-et-loisirs","10":"tag-eu","11":"tag-europe","12":"tag-fr","13":"tag-france","14":"tag-ma-ville","15":"tag-news","16":"tag-paris","17":"tag-republique-francaise"},"share_on_mastodon":{"url":"https:\/\/pubeurope.com\/@fr\/114555853618647381","error":""},"_links":{"self":[{"href":"https:\/\/www.europesays.com\/fr\/wp-json\/wp\/v2\/posts\/121365","targetHints":{"allow":["GET"]}}],"collection":[{"href":"https:\/\/www.europesays.com\/fr\/wp-json\/wp\/v2\/posts"}],"about":[{"href":"https:\/\/www.europesays.com\/fr\/wp-json\/wp\/v2\/types\/post"}],"author":[{"embeddable":true,"href":"https:\/\/www.europesays.com\/fr\/wp-json\/wp\/v2\/users\/2"}],"replies":[{"embeddable":true,"href":"https:\/\/www.europesays.com\/fr\/wp-json\/wp\/v2\/comments?post=121365"}],"version-history":[{"count":0,"href":"https:\/\/www.europesays.com\/fr\/wp-json\/wp\/v2\/posts\/121365\/revisions"}],"wp:featuredmedia":[{"embeddable":true,"href":"https:\/\/www.europesays.com\/fr\/wp-json\/wp\/v2\/media\/121366"}],"wp:attachment":[{"href":"https:\/\/www.europesays.com\/fr\/wp-json\/wp\/v2\/media?parent=121365"}],"wp:term":[{"taxonomy":"category","embeddable":true,"href":"https:\/\/www.europesays.com\/fr\/wp-json\/wp\/v2\/categories?post=121365"},{"taxonomy":"post_tag","embeddable":true,"href":"https:\/\/www.europesays.com\/fr\/wp-json\/wp\/v2\/tags?post=121365"}],"curies":[{"name":"wp","href":"https:\/\/api.w.org\/{rel}","templated":true}]}}