{"id":121370,"date":"2025-05-23T07:01:08","date_gmt":"2025-05-23T07:01:08","guid":{"rendered":"https:\/\/www.europesays.com\/fr\/121370\/"},"modified":"2025-05-23T07:01:08","modified_gmt":"2025-05-23T07:01:08","slug":"aux-etats-unis-la-resistance-a-trump-sorganise-au-sein-du-collectif-indivisible","status":"publish","type":"post","link":"https:\/\/www.europesays.com\/fr\/121370\/","title":{"rendered":"aux Etats-Unis, la r\u00e9sistance \u00e0 Trump s\u2019organise au sein du collectif Indivisible"},"content":{"rendered":"<p>    Lire\u00a0plus\u00a0tard  <\/p>\n<p><a aria-label=\"Nous suivre sur Google News\" href=\"https:\/\/news.google.com\/publications\/CAAqBwgKMJe4nQkw3dFs?hl=fr&amp;gl=FR&amp;ceid=FR%3Afr\" target=\"_blank\" data-piano=\"Page_Article,Sous_date_publi,Nous_suivre_sur_google_news,1er_clic,action\" class=\"btn btn--small btn--secondary\" rel=\"noopener\"><\/p>\n<p>      Google Actualit\u00e9s<br \/>\n  <\/a><\/p>\n<p>  Partager<\/p>\n<p>        Facebook<\/p>\n<p>        Bluesky<\/p>\n<p>        E-mail<\/p>\n<p>        Copier le lien<\/p>\n<p>      Envoyer<\/p>\n<p>    Offrir\u00a0cet\u00a0article<\/p>\n<p>S\u2019abonner permet d\u2019offrir les articles \u00e0 vos proches. Et pas que\u00a0: vous pouvez les consulter et les commenter.<\/p>\n<p class=\"article__description latino-600m \" data-oncrawl-chapo-length=\"316\">\n  \t  D\u00e9cryptage\u00a0<br \/>\n    Ils sont derri\u00e8re les appels \u00e0 boycotter Tesla, la grande manifestation du 5 avril, le discours de vingt-cinq\u00a0heures du s\u00e9nateur d\u00e9mocrate Cory Booker. Les membres du collectif Indivisible, comme plusieurs groupes de mobilisation citoyenne et une poign\u00e9e d\u2019\u00e9lus, m\u00e8nent la gu\u00e9rilla citoyenne contre Trump.<\/p>\n<p>    Temps de lecture\u00a0:\u00a08\u00a0min.<\/p>\n<p class=\"badge badge--content-premium latino-100b\">Abonn\u00e9<\/p>\n<p class=\"node__paragraphe antonia-750r text-grey-800 pb-24 pb-md-30\">\nSur sa pelouse tondue de pr\u00e8s, Mary Ann a hiss\u00e9 fin f\u00e9vrier un drapeau am\u00e9ricain \u00e0 l\u2019envers. Un SOS angoiss\u00e9, signe d\u2019un pays en d\u00e9tresse. Quelques semaines plus tard, elle a plant\u00e9 un petit panneau qui invite \u00e0 l\u2019action en lettres blanches\u00a0: \u00ab\u00a0March, Protest, Strike, Vote\u00a0\u00bb. Puis, elle a franchi le pas en postant sur le groupe de discussions du quartier un appel \u00e0 manifester sur une avenue proche de sa maison, le 19 avril. A elle seule, cette retrait\u00e9e de la banlieue de Washington raconte le lent r\u00e9veil de la r\u00e9sistance face au bulldozer Trump. Aujourd\u2019hui, Mary Ann fait partie de la cohorte des milliers de citoyens ayant rejoint le collectif Indivisible. Un groupe qui s\u2019est impos\u00e9 comme le moteur de l\u2019opposition au nouveau ma\u00eetre de l\u2019Am\u00e9rique.<\/p>\n<p class=\"node__paragraphe antonia-750r text-grey-800 pb-8\">\nLa premi\u00e8re mobilisation, le 4 f\u00e9vrier devant le Tr\u00e9sor, pour protester contre la prise de contr\u00f4le du minist\u00e8re par Elon Musk, c\u2019\u00e9tait eux. L\u2019appel \u00e0 boycotter les voitures Tesla, la marque embl\u00e9matique du buddy de Donald Trump, \u00e9galement eux. L\u2019id\u00e9e de tenir des empty chair town halls, des assembl\u00e9es publiques<strong> <\/strong>avec des<strong> <\/strong>chaises vides \u00e0 la place des \u00e9lus r\u00e9publicains ayant renonc\u00e9 \u00e0 affronter l\u2019indignation de leurs \u00e9lecteurs, eux encore. Et la p\u2026<\/p>\n<p class=\"latino-100m text-blue-400\">Article r\u00e9serv\u00e9 aux abonn\u00e9s.<\/p>\n<p>          Se connecter<\/p>\n<p class=\"text-center antonia-1850c\" style=\"margin-bottom:4px;\">Envie de lire la suite ?<\/p>\n<p class=\"text-center antonia-800c pb-15\">Tous nos articles en int\u00e9gralit\u00e9 d\u00e8s\u00a01\u20ac<\/p>\n<p>        S&rsquo;abonner<\/p>\n<p class=\"text-grey-700 or\">ou<\/p>\n<p>            <img width=\"164\" height=\"20\" src=\"data:image\/svg+xml,%3Csvg%20xmlns%3D%27http%3A%2F%2Fwww.w3.org%2F2000%2Fsvg%27%20fill%3D%22%23e4e4e4%22%20viewBox%3D%270%200%20282%2054%27%20width%3D%22282%22%20height%3D%2254%22%3E%3Cpath%20d%3D%27M0%200h282v54H0z%27%2F%3E%3C%2Fsvg%3E\"  class=\"js-swg-placeholder\" alt=\"Subscribe with Google\" loading=\"lazy\" decoding=\"async\"\/><\/p>\n<p>          D\u00e9couvrir toutes nos offres<\/p>\n","protected":false},"excerpt":{"rendered":"Lire\u00a0plus\u00a0tard Google Actualit\u00e9s Partager Facebook Bluesky E-mail Copier le lien Envoyer Offrir\u00a0cet\u00a0article S\u2019abonner permet d\u2019offrir les articles \u00e0&hellip;\n","protected":false},"author":2,"featured_media":121371,"comment_status":"","ping_status":"","sticky":false,"template":"","format":"standard","meta":{"footnotes":""},"categories":[1589],"tags":[17,11,24301,12727,75,14068,73,1866,74,12,12819,9855,467,14069,1864,1865,1863,308],"class_list":{"0":"post-121370","1":"post","2":"type-post","3":"status-publish","4":"format-standard","5":"has-post-thumbnail","7":"category-etats-unis","8":"tag-17","9":"tag-actualites","10":"tag-contagieuse","11":"tag-courage","12":"tag-donald-trump","13":"tag-etats","14":"tag-etats-unis","15":"tag-etats-unis-damerique","16":"tag-monde","17":"tag-news","18":"tag-peur","19":"tag-resistance","20":"tag-trump","21":"tag-unis","22":"tag-united-states","23":"tag-united-states-of-america","24":"tag-us","25":"tag-usa"},"share_on_mastodon":{"url":"https:\/\/pubeurope.com\/@fr\/114555865274327523","error":""},"_links":{"self":[{"href":"https:\/\/www.europesays.com\/fr\/wp-json\/wp\/v2\/posts\/121370","targetHints":{"allow":["GET"]}}],"collection":[{"href":"https:\/\/www.europesays.com\/fr\/wp-json\/wp\/v2\/posts"}],"about":[{"href":"https:\/\/www.europesays.com\/fr\/wp-json\/wp\/v2\/types\/post"}],"author":[{"embeddable":true,"href":"https:\/\/www.europesays.com\/fr\/wp-json\/wp\/v2\/users\/2"}],"replies":[{"embeddable":true,"href":"https:\/\/www.europesays.com\/fr\/wp-json\/wp\/v2\/comments?post=121370"}],"version-history":[{"count":0,"href":"https:\/\/www.europesays.com\/fr\/wp-json\/wp\/v2\/posts\/121370\/revisions"}],"wp:featuredmedia":[{"embeddable":true,"href":"https:\/\/www.europesays.com\/fr\/wp-json\/wp\/v2\/media\/121371"}],"wp:attachment":[{"href":"https:\/\/www.europesays.com\/fr\/wp-json\/wp\/v2\/media?parent=121370"}],"wp:term":[{"taxonomy":"category","embeddable":true,"href":"https:\/\/www.europesays.com\/fr\/wp-json\/wp\/v2\/categories?post=121370"},{"taxonomy":"post_tag","embeddable":true,"href":"https:\/\/www.europesays.com\/fr\/wp-json\/wp\/v2\/tags?post=121370"}],"curies":[{"name":"wp","href":"https:\/\/api.w.org\/{rel}","templated":true}]}}