{"id":12138,"date":"2025-04-09T08:21:29","date_gmt":"2025-04-09T08:21:29","guid":{"rendered":"https:\/\/www.europesays.com\/fr\/12138\/"},"modified":"2025-04-09T08:21:29","modified_gmt":"2025-04-09T08:21:29","slug":"reze-initiation-au-theatre-les-9-a-14-ans","status":"publish","type":"post","link":"https:\/\/www.europesays.com\/fr\/12138\/","title":{"rendered":"Rez\u00e9. Initiation au th\u00e9\u00e2tre les 9 \u00e0 14\u00a0ans"},"content":{"rendered":"<p>Un stage de th\u00e9\u00e2tre s\u2019ouvre pour les 9 \u00e0 14\u00a0ans, mercredi\u00a016 et jeudi 17\u00a0avril, de 9\u00a0h\u00a030 \u00e0 17\u00a0h, salle du C\u00e9pal, 8, rue des Roquios.<\/p>\n<p>La com\u00e9die Mi S\u00e8vre mi-raisin organise un stage th\u00e9\u00e2tre d\u00e9couverte et perfectionnement pour les jeunes.<\/p>\n<p>\u00a0Les jeunes seront encadr\u00e9s par une \u00e9quipe de professionnels qualifi\u00e9s et exp\u00e9riment\u00e9s, dont deux metteurs en sc\u00e8ne et des com\u00e9diens. Cette session propose un programme adapt\u00e9\u00a0, pr\u00e9cisent les organisateurs. Les parents sont invit\u00e9s \u00e0 assister \u00e0 une restitution du travail effectu\u00e9 par les jeunes le dernier jour d\u00e8s 17\u00a0h.<\/p>\n<p>Tarif\u00a0: 35\u00a0\u20ac les 2\u00a0jours. Panier-repas \u00e0 pr\u00e9voir pour le d\u00e9jeuner, le go\u00fbter est offert par l\u2019association.<\/p>\n<p>Places limit\u00e9es, inscriptions recommand\u00e9es.<\/p>\n<p>Contact\u00a0: Yannick Guillou au 06\u00a063\u00a014\u00a012\u00a077\u00a0; lacomediemisevremiraisin.fr ou lacomediemisevremiraisin@outlook.fr.<\/p>\n<p>\u00a0<\/p>\n","protected":false},"excerpt":{"rendered":"Un stage de th\u00e9\u00e2tre s\u2019ouvre pour les 9 \u00e0 14\u00a0ans, mercredi\u00a016 et jeudi 17\u00a0avril, de 9\u00a0h\u00a030 \u00e0 17\u00a0h,&hellip;\n","protected":false},"author":2,"featured_media":12139,"comment_status":"","ping_status":"","sticky":false,"template":"","format":"standard","meta":{"footnotes":""},"categories":[2818],"tags":[5659,5658,1111,11,1764,1777,674,1011,27,5657,766,12,2636,25,3740,3272,1347],"class_list":{"0":"post-12138","1":"post","2":"type-post","3":"status-publish","4":"format-standard","5":"has-post-thumbnail","7":"category-nantes","8":"tag-5659","9":"tag-5658","10":"tag-actu","11":"tag-actualites","12":"tag-ans","13":"tag-eu","14":"tag-europe","15":"tag-fr","16":"tag-france","17":"tag-initiation","18":"tag-nantes","19":"tag-news","20":"tag-pays-de-la-loire","21":"tag-republique-francaise","22":"tag-reze","23":"tag-saint-nazaire","24":"tag-theatre"},"share_on_mastodon":{"url":"https:\/\/pubeurope.com\/@fr\/114307038153005260","error":""},"_links":{"self":[{"href":"https:\/\/www.europesays.com\/fr\/wp-json\/wp\/v2\/posts\/12138","targetHints":{"allow":["GET"]}}],"collection":[{"href":"https:\/\/www.europesays.com\/fr\/wp-json\/wp\/v2\/posts"}],"about":[{"href":"https:\/\/www.europesays.com\/fr\/wp-json\/wp\/v2\/types\/post"}],"author":[{"embeddable":true,"href":"https:\/\/www.europesays.com\/fr\/wp-json\/wp\/v2\/users\/2"}],"replies":[{"embeddable":true,"href":"https:\/\/www.europesays.com\/fr\/wp-json\/wp\/v2\/comments?post=12138"}],"version-history":[{"count":0,"href":"https:\/\/www.europesays.com\/fr\/wp-json\/wp\/v2\/posts\/12138\/revisions"}],"wp:featuredmedia":[{"embeddable":true,"href":"https:\/\/www.europesays.com\/fr\/wp-json\/wp\/v2\/media\/12139"}],"wp:attachment":[{"href":"https:\/\/www.europesays.com\/fr\/wp-json\/wp\/v2\/media?parent=12138"}],"wp:term":[{"taxonomy":"category","embeddable":true,"href":"https:\/\/www.europesays.com\/fr\/wp-json\/wp\/v2\/categories?post=12138"},{"taxonomy":"post_tag","embeddable":true,"href":"https:\/\/www.europesays.com\/fr\/wp-json\/wp\/v2\/tags?post=12138"}],"curies":[{"name":"wp","href":"https:\/\/api.w.org\/{rel}","templated":true}]}}