{"id":121381,"date":"2025-05-23T07:07:09","date_gmt":"2025-05-23T07:07:09","guid":{"rendered":"https:\/\/www.europesays.com\/fr\/121381\/"},"modified":"2025-05-23T07:07:09","modified_gmt":"2025-05-23T07:07:09","slug":"cette-loi-est-faite-pour-saint-germain-des-pres","status":"publish","type":"post","link":"https:\/\/www.europesays.com\/fr\/121381\/","title":{"rendered":"\u00abCette loi est faite pour Saint-Germain-des-Pr\u00e9s\u00bb"},"content":{"rendered":"<p><strong>ENTRETIEN &#8211;<\/strong> Bien qu\u2019ath\u00e9e, l\u2019essayiste adopte sur le projet de loi permettant l\u2019euthanasie le m\u00eame point de vue que les trois grandes religions. Mais pour d\u2019autres raisons.<\/p>\n<p class=\"fig-paragraph\"><strong>LE FIGARO MAGAZINE. &#8211;<\/strong>\u00a0<strong> Pourquoi \u00eates-vous oppos\u00e9 au vote de la loi qui l\u00e9galiserait l\u2019euthanasie, le suicide assist\u00e9 ou ce qu\u2019on appelle \u00ab\u00a0l\u2019aide active \u00e0 mourir\u00a0\u00bb\u00a0?<\/strong><\/p>\n<p class=\"fig-paragraph\"><strong>ALAIN MINC. &#8211; <\/strong>Je suis convaincu que\u00a0<a href=\"http:\/\/www.lefigaro.fr\/actualite-france\/cancer-alzheimer-maladie-de-charcot-un-droit-a-l-aide-a-mourir-pour-qui-20250518\" data-fig-type=\"Article\" data-gtm-custom-categorie=\"navigation\" data-gtm-custom-action=\"crossclick\" data-gtm-custom-label=\"Contextuel\" data-gtm-event=\"customEventSPE\" data-fig-domain=\"LEFIGARO\" target=\"_blank\" rel=\"noopener\">le droit de mourir<\/a>\u00a0que certains d\u00e9put\u00e9s\u00a0<a href=\"http:\/\/www.lefigaro.fr\/actualite-france\/fin-de-vie-un-texte-qui-divise-le-gouvernement-20250511\" data-fig-type=\"Article\" data-gtm-custom-categorie=\"navigation\" data-gtm-custom-action=\"crossclick\" data-gtm-custom-label=\"Contextuel\" data-gtm-event=\"customEventSPE\" data-fig-domain=\"LEFIGARO\" target=\"_blank\" rel=\"noopener\">tentent de faire adopter<\/a>\u00a0va bient\u00f4t devenir un devoir de mourir pour le plus grand nombre. Cette loi est faite pour Saint-Germain-des-Pr\u00e9s, pour des gens form\u00e9s, ma\u00eetres de leur destin et de leur intellect. Des personnes qui n\u2019ont aucun probl\u00e8me d\u2019ordre mat\u00e9riel, qui lisent les journaux et font des choix personnels libres.<\/p>\n<p class=\"fig-paragraph\"><strong>Pourquoi\u202fcette loi creuserait-elle les in\u00e9galit\u00e9s sociales\u00a0?<\/strong><\/p>\n<p class=\"fig-paragraph\">Ce n\u2019est pas la peine de lire Balzac, Stendhal ou Zola pour deviner les conversations aux tables familiales o\u00f9 le vieillard entend ses enfants discuter sans aucune agressivit\u00e9 de la vie qu\u2019ils auront apr\u00e8s sa mort, ce qu\u2019ils feront apr\u00e8s lui,\u00a0etc. Imaginez quelle pression cette\u00a0<a href=\"http:\/\/sante.lefigaro.fr\/medecine\/la-chaleur-fait-vieillir-plus-vite-les-personnes-agees-en-modifiant-leur-adn-20250305\" data-fig-type=\"Article\" data-gtm-custom-categorie=\"navigation\" data-gtm-custom-action=\"crossclick\" data-gtm-custom-label=\"Contextuel\" data-gtm-event=\"customEventSPE\" data-fig-domain=\"SANTE\" target=\"_blank\" rel=\"noopener\">personne \u00e2g\u00e9e<\/a>\u00a0aurait sur ses \u00e9paules pour d\u00e9barrasser le plancher si elle en avait\u2026<\/p>\n<p class=\"fig-premium-paywall__infos\">\n        Cet article est r\u00e9serv\u00e9 aux abonn\u00e9s.        Il vous reste 82% \u00e0 d\u00e9couvrir.\n    <\/p>\n<p>                <img  data- alt=\"Le Figaro\" class=\"fig-img--complete fig-img\"\/><\/p>\n<p class=\"fig-premium-paywall__title\">Vente Flash<\/p>\n<p class=\"fig-premium-paywall__subtitle\">4,99\u20ac par mois pendant 12 mois. Sans engagement.<\/p>\n<p class=\"fig-premium-paywall__connect\">\n                D\u00e9j\u00e0 abonn\u00e9\u00a0?                <a class=\"fig-premium-paywall__connect-link\" href=\"https:\/\/connect.lefigaro.fr\/login?client=horizon_web&amp;type=main&amp;redirect_uri=https%3A%2F%2Fwww.lefigaro.fr%2Factualite-france%2Falain-minc-sur-la-fin-de-vie-cette-loi-est-faite-pour-saint-germain-des-pres-20250523\" data-js-gtm=\"{&quot;customCategorie&quot;: &quot;conversion&quot;, &quot;customAction&quot;: &quot;before_Landing_Connexion_paywall_auto&quot;, &quot;customLabel&quot;: &quot;bGVmaWdhcm8uZnJfXzFmMDM2M2EyLWM0YjMtNmEyOC04M2U3LTVmZWU0MDkzM2YyOV9fQXJ0aWNsZQ==_Alain Minc sur la fin de vie\u00a0: \u00abCette loi est faite pour Saint-Germain-des-Pr\u00e9s\u00bb_360&quot;, &quot;customIDSPE&quot;: &quot;bGVmaWdhcm8uZnJfXzFmMDM2M2EyLWM0YjMtNmEyOC04M2U3LTVmZWU0MDkzM2YyOV9fQXJ0aWNsZQ==&quot;, &quot;event&quot;: &quot;customEventSPE&quot;}\" target=\"_blank\" rel=\"noopener\"><br \/>\n                    Connectez-vous<br \/>\n                <\/a>\n            <\/p>\n","protected":false},"excerpt":{"rendered":"ENTRETIEN &#8211; Bien qu\u2019ath\u00e9e, l\u2019essayiste adopte sur le projet de loi permettant l\u2019euthanasie le m\u00eame point de vue&hellip;\n","protected":false},"author":2,"featured_media":121382,"comment_status":"","ping_status":"","sticky":false,"template":"","format":"standard","meta":{"footnotes":""},"categories":[2],"tags":[47,1058,1054,1059,1060,1055,11,1057,118,7977,1011,27,1061,303,12,1062,25,656,104,1056,809],"class_list":{"0":"post-121381","1":"post","2":"type-post","3":"status-publish","4":"format-standard","5":"has-post-thumbnail","7":"category-actualites","8":"tag-actualite","9":"tag-actualite-education","10":"tag-actualite-france","11":"tag-actualite-justice","12":"tag-actualite-securite","13":"tag-actualite-societe","14":"tag-actualites","15":"tag-education","16":"tag-faits-divers","17":"tag-fin-de-vie","18":"tag-fr","19":"tag-france","20":"tag-immigration","21":"tag-justice","22":"tag-news","23":"tag-polemique","24":"tag-republique-francaise","25":"tag-securite","26":"tag-societe","27":"tag-societe-francaise","28":"tag-violence"},"share_on_mastodon":{"url":"https:\/\/pubeurope.com\/@fr\/114555888828407093","error":""},"_links":{"self":[{"href":"https:\/\/www.europesays.com\/fr\/wp-json\/wp\/v2\/posts\/121381","targetHints":{"allow":["GET"]}}],"collection":[{"href":"https:\/\/www.europesays.com\/fr\/wp-json\/wp\/v2\/posts"}],"about":[{"href":"https:\/\/www.europesays.com\/fr\/wp-json\/wp\/v2\/types\/post"}],"author":[{"embeddable":true,"href":"https:\/\/www.europesays.com\/fr\/wp-json\/wp\/v2\/users\/2"}],"replies":[{"embeddable":true,"href":"https:\/\/www.europesays.com\/fr\/wp-json\/wp\/v2\/comments?post=121381"}],"version-history":[{"count":0,"href":"https:\/\/www.europesays.com\/fr\/wp-json\/wp\/v2\/posts\/121381\/revisions"}],"wp:featuredmedia":[{"embeddable":true,"href":"https:\/\/www.europesays.com\/fr\/wp-json\/wp\/v2\/media\/121382"}],"wp:attachment":[{"href":"https:\/\/www.europesays.com\/fr\/wp-json\/wp\/v2\/media?parent=121381"}],"wp:term":[{"taxonomy":"category","embeddable":true,"href":"https:\/\/www.europesays.com\/fr\/wp-json\/wp\/v2\/categories?post=121381"},{"taxonomy":"post_tag","embeddable":true,"href":"https:\/\/www.europesays.com\/fr\/wp-json\/wp\/v2\/tags?post=121381"}],"curies":[{"name":"wp","href":"https:\/\/api.w.org\/{rel}","templated":true}]}}