{"id":121391,"date":"2025-05-23T07:14:08","date_gmt":"2025-05-23T07:14:08","guid":{"rendered":"https:\/\/www.europesays.com\/fr\/121391\/"},"modified":"2025-05-23T07:14:08","modified_gmt":"2025-05-23T07:14:08","slug":"aprilia-guerre-absurde-a-martin","status":"publish","type":"post","link":"https:\/\/www.europesays.com\/fr\/121391\/","title":{"rendered":"Aprilia, guerre absurde \u00e0 Martin ?"},"content":{"rendered":"<p>OK, on suppose que pour une raison X, perte du proc\u00e8s, n\u00e9gos qui virent vinaigre etc&#8230; Martin reste chez Aprilia.. Il y a une r\u00e8gle absolue dans les sports m\u00e9caniques, on ne fait pas rouler un pilote qui n&rsquo;a plus envie de courir pour le team. Parce que, outre le fait que l&rsquo;on peut s&rsquo;y tuer ou s&rsquo;y blesser \u00e0 vie, en course personne ne roule les doigts de pieds en \u00e9ventail, c&rsquo;est concentration \u00e0 mille pour cent et on donne tout \u00e0 chaque seconde des essais, de la pole ou des courses. Il n&rsquo;y a aucune place pour penser \u00e0 autre chose que gagner. On peut, en course, \u00e9tablir une nouvelle tactique en fonction de ce qui se passe, de la m\u00e9t\u00e9o ou autre, mais courir sans avoir envie est impossible. D&rsquo;ailleurs, on imagine Martin se faisant \u00e0 nouveau tr\u00e8s mal ou pire alors qu&rsquo;il est en roulage forc\u00e9 ? L&rsquo;image de marque pour Aprilia ? Mais dont acte, Aprilia fait un peu du Trump qui commence par lancer une grenade avant de prendre une d\u00e9cision. On se souvient que ce n&rsquo;est pas la premi\u00e8re fois qu&rsquo;un pilote quitte un team en pleine saison, c&rsquo;est arriv\u00e9 dans la moto, dans la F1, dans tous les sports. Il y a eu aussi des bo\u00eetes qui ont vir\u00e9 les pilotes en cours de saison ! Bref Aprilia rue \u00e9videmment dans les brancards pour ouvrir une vraie n\u00e9go. Un vrai proc\u00e8s prendrait des ann\u00e9es, avec les appels, en revanche prendre un peu de bl\u00e9 pour avoir de quoi attirer un autre gros calibre semble \u00eatre une vraie d\u00e9marche intelligente&#8230; Tout \u00e7a pour \u00e7a ?<\/p>\n","protected":false},"excerpt":{"rendered":"OK, on suppose que pour une raison X, perte du proc\u00e8s, n\u00e9gos qui virent vinaigre etc&#8230; Martin reste&hellip;\n","protected":false},"author":2,"featured_media":121392,"comment_status":"","ping_status":"","sticky":false,"template":"","format":"standard","meta":{"footnotes":""},"categories":[1413],"tags":[17,5828,18735,1011,27,1466,1457,1456,1458,60,24302],"class_list":{"0":"post-121391","1":"post","2":"type-post","3":"status-publish","4":"format-standard","5":"has-post-thumbnail","7":"category-moto","8":"tag-17","9":"tag-aprilia","10":"tag-attack","11":"tag-fr","12":"tag-france","13":"tag-jorge-martin","14":"tag-moto","15":"tag-motocycle","16":"tag-motogp","17":"tag-sports","18":"tag-valera"},"share_on_mastodon":{"url":"https:\/\/pubeurope.com\/@fr\/114555916350373635","error":""},"_links":{"self":[{"href":"https:\/\/www.europesays.com\/fr\/wp-json\/wp\/v2\/posts\/121391","targetHints":{"allow":["GET"]}}],"collection":[{"href":"https:\/\/www.europesays.com\/fr\/wp-json\/wp\/v2\/posts"}],"about":[{"href":"https:\/\/www.europesays.com\/fr\/wp-json\/wp\/v2\/types\/post"}],"author":[{"embeddable":true,"href":"https:\/\/www.europesays.com\/fr\/wp-json\/wp\/v2\/users\/2"}],"replies":[{"embeddable":true,"href":"https:\/\/www.europesays.com\/fr\/wp-json\/wp\/v2\/comments?post=121391"}],"version-history":[{"count":0,"href":"https:\/\/www.europesays.com\/fr\/wp-json\/wp\/v2\/posts\/121391\/revisions"}],"wp:featuredmedia":[{"embeddable":true,"href":"https:\/\/www.europesays.com\/fr\/wp-json\/wp\/v2\/media\/121392"}],"wp:attachment":[{"href":"https:\/\/www.europesays.com\/fr\/wp-json\/wp\/v2\/media?parent=121391"}],"wp:term":[{"taxonomy":"category","embeddable":true,"href":"https:\/\/www.europesays.com\/fr\/wp-json\/wp\/v2\/categories?post=121391"},{"taxonomy":"post_tag","embeddable":true,"href":"https:\/\/www.europesays.com\/fr\/wp-json\/wp\/v2\/tags?post=121391"}],"curies":[{"name":"wp","href":"https:\/\/api.w.org\/{rel}","templated":true}]}}