{"id":121393,"date":"2025-05-23T07:15:11","date_gmt":"2025-05-23T07:15:11","guid":{"rendered":"https:\/\/www.europesays.com\/fr\/121393\/"},"modified":"2025-05-23T07:15:11","modified_gmt":"2025-05-23T07:15:11","slug":"verstappen-trouve-la-rb21-encore-trop-similaire-a-la-rb20","status":"publish","type":"post","link":"https:\/\/www.europesays.com\/fr\/121393\/","title":{"rendered":"Verstappen trouve la RB21 encore trop similaire \u00e0 la RB20"},"content":{"rendered":"<p><a href=\"https:\/\/fr.motorsport.com\/driver\/max-verstappen\/93029\/\" target=\"_blank\" rel=\"noopener\">Max Verstappen<\/a> est arriv\u00e9 \u00e0 Monaco en tant que dernier vainqueur de Grand Prix en date. Le N\u00e9erlandais a glan\u00e9 une victoire autoritaire \u00e0 Imola, face aux deux pilotes <a href=\"https:\/\/fr.motorsport.com\/team\/mclaren\/609\/\" target=\"_blank\" rel=\"noopener\">McLaren<\/a>, <a href=\"https:\/\/fr.motorsport.com\/driver\/oscar-piastri\/835356\/\" target=\"_blank\" rel=\"noopener\">Oscar Piastri<\/a> et <a href=\"https:\/\/fr.motorsport.com\/driver\/lando-norris\/289708\/\" target=\"_blank\" rel=\"noopener\">Lando Norris<\/a>.\u00a0Verstappen s&rsquo;est empar\u00e9 de la t\u00eate de la course lors d&rsquo;un d\u00e9passement audacieux au virage 2, \u00e0 l&rsquo;entr\u00e9e de la chicane de Tamburello, chipant la premi\u00e8re place \u00e0 un Piastri qui n&rsquo;a sembl\u00e9 rien voir venir. Le pilote <a href=\"https:\/\/fr.motorsport.com\/team\/red-bull\/553\/\" target=\"_blank\" rel=\"noopener\">Red Bull<\/a> est revenu sur cette man\u0153uvre, jeudi, dans le paddock du Grand Prix de Monaco.<\/p>\n<p>\u00ab\u00a0J&rsquo;ai souri un peu dans la voiture, apr\u00e8s que \u00e7a ait fonctionn\u00e9\u00a0\u00bb, a avou\u00e9 Verstappen au sujet de son d\u00e9passement. \u00ab\u00a0J&rsquo;ai d\u00fb sourire dans le virage 3 en me disant : &lsquo;Oui, celui-l\u00e0 \u00e9tait bon&rsquo; ! Avec le recul, je pense qu&rsquo;on peut voir que [Piastri] \u00e9tait vraiment concentr\u00e9 sur George [Russell, parti troisi\u00e8me], surtout parce qu&rsquo;\u00e0 ce moment-l\u00e0, George \u00e9tait quasiment deuxi\u00e8me. Donc je comprends, il ne s&rsquo;attendait tout simplement pas \u00e0 moi.\u00a0\u00bb<\/p>\n<p>Arriv\u00e9 de tr\u00e8s loin, le N\u00e9erlandais a frein\u00e9 tr\u00e8s tard, se portant \u00e0 la hauteur de l&rsquo;Australien dans le virage, et \u00e0 partir de l\u00e0, Piastri ne pouvait tout simplement plus rien faire, n&rsquo;est-ce pas ? \u00ab\u00a0Non, parce que j&rsquo;avais gard\u00e9 l&rsquo;\u00e9lan depuis la zone de freinage. \u00c0 ce moment-l\u00e0, tu ne peux plus r\u00e9agir, j&rsquo;avais d\u00e9j\u00e0 pris l&rsquo;avantage\u00a0\u00bb, a conclu Verstappen.\u00a0<\/p>\n<p>Lire aussi :<\/p>\n<p>La victoire de Red Bull \u00e0 Imola en a surpris plus d&rsquo;un, d&rsquo;abord parce que, le vendredi, l&rsquo;\u00e9quipe autrichienne n&rsquo;\u00e9tait nulle part, mais surtout parce que la domination de McLaren commen\u00e7ait \u00e0 s&rsquo;installer et personne ne voyait la MCL39 perdre du terrain face \u00e0 la RB21. De plus, lors du Grand Prix d&rsquo;\u00c9milie-Romagne, la FIA a publi\u00e9 une <a href=\"https:\/\/fr.motorsport.com\/f1\/news\/quel-effet-directives-publiees-imola\/10724611\/\" target=\"_blank\" rel=\"noopener\">clarification de ses directives techniques<\/a> concernant certaines parties des monoplaces, dont les dispositifs et les moyens permettant de maintenir les pneus aussi \u00ab\u00a0frais\u00a0\u00bb que possible.<\/p>\n<p>Un domaine dans lequel McLaren excelle depuis le d\u00e9but de saison, au point de soulever quelques suspicions de la part d&rsquo;autres \u00e9quipes. Ainsi, beaucoup ont pens\u00e9 que la baisse de r\u00e9gime de l&rsquo;\u00e9quipe britannique \u00e0 Imola \u00e9tait li\u00e9e \u00e0 cette clarification. Interrog\u00e9 sur la question, Max Verstappen a r\u00e9pondu par la n\u00e9gative, ajoutant que les orange papaye n&rsquo;\u00e9taient pas si loin que cela sur le trac\u00e9 italien.\u00a0<\/p>\n<p>\u00ab\u00a0Non, je ne pense pas que ce soit li\u00e9 \u00e0 \u00e7a\u00a0\u00bb, a-t-il d\u00e9clar\u00e9. \u00ab\u00a0Comme je l&rsquo;ai dit : je pense qu&rsquo;on \u00e9tait un peu meilleurs que pr\u00e9vu, et eux un peu moins rapides que pr\u00e9vu. M\u00eame quand Lando avait de l&rsquo;air libre, il a quand m\u00eame r\u00e9ussi \u00e0 revenir sur moi. Pas \u00e9norm\u00e9ment, mais il m&rsquo;a rattrap\u00e9. Donc, s&rsquo;il avait \u00e9t\u00e9 \u00e0 une seconde et demie ou deux [derri\u00e8re], \u00e7a aurait \u00e9t\u00e9 une autre histoire.\u00a0\u00bb<\/p>\n<p>Les fant\u00f4mes du pass\u00e9<br \/>\n   <img decoding=\"async\" draggable=\"false\" src=\"https:\/\/www.europesays.com\/fr\/wp-content\/uploads\/2025\/05\/1747984511_344_lando-norris-mclaren-oscar-pia.jpg\" alt=\"Verstappen devant les McLaren \u00e0 Imola.\" width=\"1200\" height=\"800\" loading=\"lazy\"\/> <\/p>\n<p class=\"title\">Verstappen devant les McLaren \u00e0 Imola.<\/p>\n<p class=\"photographer\">Photo de: Sam Bagnall \/ Motorsport Images via Getty Images<\/p>\n<p>La semaine pass\u00e9e, Red Bull a introduit un package d&rsquo;\u00e9volutions compos\u00e9 notamment de nouveaux pontons. Bien que Christian Horner, le directeur de l&rsquo;\u00e9curie, et Helmut Marko, son conseiller, ont affirm\u00e9 que les \u00e9volutions avaient bien fait leur part du march\u00e9, Verstappen s&rsquo;est tout de m\u00eame montr\u00e9 prudent, expliquant \u00e9galement que la voiture avait toujours des difficult\u00e9s \u00e0 prendre les vibreurs et les bosses, comme l&rsquo;ann\u00e9e derni\u00e8re.<\/p>\n<p>\u00ab\u00a0Les \u00e9volutions ont fait leur boulot, mais je pense aussi qu&rsquo;on a fait un gros pas en avant dans les r\u00e9glages entre le vendredi et le samedi\u00a0\u00bb, a-t-il d\u00e9clar\u00e9. \u00ab\u00a0Les \u00e9volutions ont rendu la voiture visuellement tr\u00e8s diff\u00e9rente, mais en termes de pur chrono, ce n&rsquo;\u00e9tait pas une \u00e9norme transformation.\u00a0\u00bb<\/p>\n<p>\u00ab\u00a0Pour \u00eatre honn\u00eate, la voiture ne m&rsquo;a pas sembl\u00e9 tr\u00e8s diff\u00e9rente de celle de l&rsquo;an dernier, pour l&rsquo;instant. Mais \u00e9videmment, on continue d&rsquo;explorer certains aspects du setup pour la rendre un peu plus facile \u00e0 piloter sur des circuits comme [Monaco].\u00a0\u00bb<\/p>\n<p>En plus des probl\u00e8mes avec les vibreurs et les bosses, la RB20 n&rsquo;\u00e9tait pas tr\u00e8s friande des circuits lents, comme celui de la Principaut\u00e9. L&rsquo;ann\u00e9e derni\u00e8re, Verstappen avait termin\u00e9 le week-end \u00e0 Monte-Carlo \u00e0 la sixi\u00e8me place, son premier r\u00e9sultat hors du top 5 de la saison &#8211; sans compter son abandon lors du Grand Prix d&rsquo;Australie. Cette ann\u00e9e, bien que la nouvelle r\u00e8gle obligeant deux arr\u00eats au stand devrait venir pimenter la course, les qualifications restent extr\u00eamement importantes.<\/p>\n<p>Interrog\u00e9 sur ses chances de placer la voiture dans le top 3 sur la grille, Verstappen a r\u00e9pondu : \u00ab\u00a0Pour le moment, c&rsquo;est difficile \u00e0 dire. Il faudra attendre de voir comment on d\u00e9marre le week-end demain, y compris le feeling dans la voiture. Mais comme je l&rsquo;ai dit, ce ne sera pas facile, \u00e7a c&rsquo;est s\u00fbr. L&rsquo;an dernier, mon premier tour en qualif \u00e9tait bon. Sur le deuxi\u00e8me, j&rsquo;ai un peu perdu l&rsquo;arri\u00e8re dans le virage 1, mais c&rsquo;est ce qui arrive quand tu cherches vraiment la limite.\u00a0\u00bb<\/p>\n<p style=\"text-align: right;\">Propos recueillis par Ronald Vording<\/p>\n<p>Lire aussi :<\/p>\n<p>Dans cet article<\/p>\n<p>    T\u00e9ha Courbon\n<\/p>\n<p>    Formule 1\n<\/p>\n<p>    Max Verstappen\n<\/p>\n<p>    Red Bull\n<\/p>\n<p>Soyez le premier inform\u00e9 et souscrivez aux alertes mails pour recevoir les infos en temps r\u00e9el<\/p>\n<p>    S&rsquo;abonner aux alertes de news<\/p>\n","protected":false},"excerpt":{"rendered":"Max Verstappen est arriv\u00e9 \u00e0 Monaco en tant que dernier vainqueur de Grand Prix en date. Le N\u00e9erlandais&hellip;\n","protected":false},"author":2,"featured_media":121394,"comment_status":"","ping_status":"","sticky":false,"template":"","format":"standard","meta":{"footnotes":""},"categories":[1412],"tags":[1451,1452,1453,1454,1455,1011,27,23310,2236,5386,2255,60],"class_list":{"0":"post-121393","1":"post","2":"type-post","3":"status-publish","4":"format-standard","5":"has-post-thumbnail","7":"category-f1","8":"tag-f1","9":"tag-formula-1","10":"tag-formula1","11":"tag-formule-1","12":"tag-formule1","13":"tag-fr","14":"tag-france","15":"tag-gp-de-monaco","16":"tag-max-verstappen","17":"tag-monte-carlo","18":"tag-red-bull","19":"tag-sports"},"share_on_mastodon":{"url":"https:\/\/pubeurope.com\/@fr\/114555920308770140","error":""},"_links":{"self":[{"href":"https:\/\/www.europesays.com\/fr\/wp-json\/wp\/v2\/posts\/121393","targetHints":{"allow":["GET"]}}],"collection":[{"href":"https:\/\/www.europesays.com\/fr\/wp-json\/wp\/v2\/posts"}],"about":[{"href":"https:\/\/www.europesays.com\/fr\/wp-json\/wp\/v2\/types\/post"}],"author":[{"embeddable":true,"href":"https:\/\/www.europesays.com\/fr\/wp-json\/wp\/v2\/users\/2"}],"replies":[{"embeddable":true,"href":"https:\/\/www.europesays.com\/fr\/wp-json\/wp\/v2\/comments?post=121393"}],"version-history":[{"count":0,"href":"https:\/\/www.europesays.com\/fr\/wp-json\/wp\/v2\/posts\/121393\/revisions"}],"wp:featuredmedia":[{"embeddable":true,"href":"https:\/\/www.europesays.com\/fr\/wp-json\/wp\/v2\/media\/121394"}],"wp:attachment":[{"href":"https:\/\/www.europesays.com\/fr\/wp-json\/wp\/v2\/media?parent=121393"}],"wp:term":[{"taxonomy":"category","embeddable":true,"href":"https:\/\/www.europesays.com\/fr\/wp-json\/wp\/v2\/categories?post=121393"},{"taxonomy":"post_tag","embeddable":true,"href":"https:\/\/www.europesays.com\/fr\/wp-json\/wp\/v2\/tags?post=121393"}],"curies":[{"name":"wp","href":"https:\/\/api.w.org\/{rel}","templated":true}]}}