{"id":12140,"date":"2025-04-09T08:22:11","date_gmt":"2025-04-09T08:22:11","guid":{"rendered":"https:\/\/www.europesays.com\/fr\/12140\/"},"modified":"2025-04-09T08:22:11","modified_gmt":"2025-04-09T08:22:11","slug":"basket-a-nantes-stephane-eberlin-salue-une-tres-belle-victoire-du-caen-bc","status":"publish","type":"post","link":"https:\/\/www.europesays.com\/fr\/12140\/","title":{"rendered":"Basket. \u00c0 Nantes, St\u00e9phane Eberlin salue une \u00ab\u00a0tr\u00e8s belle victoire\u00a0\u00bb du Caen BC"},"content":{"rendered":"<p>            Par<br \/>\n        <strong><br \/>\n            <a href=\"https:\/\/actu.fr\/auteur\/odessa-aubry\" title=\"Consulter tous les articles de Odessa Aubry\" target=\"_blank\" rel=\"noopener\">Odessa Aubry<\/a><br \/>\n        <\/strong><\/p>\n<p>        Publi\u00e9 le<\/p>\n<p>            9 avr. 2025 \u00e0 7h53        <\/p>\n<p><b>St\u00e9phane Eberlin<\/b> disait apr\u00e8s le revers \u00e0 Antibes (<a href=\"https:\/\/actu.fr\/normandie\/caen_14118\/basket-malgre-un-gros-retour-en-fin-de-match-le-caen-bc-sincline-lourdement-a-antibes_62471131.html\" target=\"_blank\" rel=\"noopener\">94-80<\/a>) que <a href=\"https:\/\/actu.fr\/normandie\/caen_14118\/caen-bc-malgre-la-defaite-on-a-livre-une-vraie-bataille-juge-stephane-eberlin_62471176.html\" target=\"_blank\" rel=\"noopener\">son objectif<\/a> \u00e9tait de rester dans le top 10 en gagnant quatre des cinq derniers matchs. En voil\u00e0 un de pris pour le <b>CBC<\/b> ce <b>mardi 8 avril 2025<\/b> \u00e0 <b>Nantes (82-87)<\/b>.<\/p>\n<p>Devant tout le match<\/p>\n<p class=\" wall-content\"><b>St\u00e9phane Eberlin, entra\u00eeneur du Caen BC :<\/b> \u00ab\u00a0On est <b>devant tout le match<\/b>. Vraiment tout le match. En premi\u00e8re mi-temps, il y a beaucoup d\u2019adresse des deux c\u00f4t\u00e9s et il fallait continuer en deuxi\u00e8me, ce qu\u2019on a r\u00e9ussi \u00e0 faire. Nantes a perdu en efficacit\u00e9 apr\u00e8s la pause, ce qui montre aussi que l\u2019effort d\u00e9fensif qu\u2019on a fourni a \u00e9t\u00e9 payant. C\u2019est une victoire clairement m\u00e9rit\u00e9e, on a \u00e9t\u00e9 solide et \u00e7a r\u00e9compense les d\u00e9placements qu\u2019on a faits.<\/p>\n<p class=\" wall-content\">On savait que pour rester dans le top 10, pour rester dans la course, il faut gagner quatre des cinq derniers matchs. En prenant celui-l\u00e0, on en valide un, avant un match super important contre Denain vendredi. M\u00eame si Nantes est revenu un peu dans le dernier quart, <b>nous n\u2019avons pas dout\u00e9<\/b>. On \u00e9tait solides en d\u00e9fense malgr\u00e9 deux-trois b\u00eatises en attaque sur lesquelles on a pay\u00e9. Mais on est rest\u00e9s ma\u00eetres au score et on a mis les paniers n\u00e9cessaires pour gagner. C\u2019est donc pour moi une tr\u00e8s belle victoire.\u00a0\u00bb<\/p>\n<p class=\" wall-content\">Suivez toute l\u2019actualit\u00e9 de vos villes et m\u00e9dias favoris en vous inscrivant \u00e0 <a href=\"https:\/\/moncompte.actu.fr\" title=\"D\u00e9couvez Mon Actu\" rel=\"nofollow noopener\" data-trk=\"{&quot;cta&quot;:{&quot;action&quot;:&quot;https:\\\/\\\/moncompte.actu.fr&quot;,&quot;category&quot;:&quot;mon compte&quot;,&quot;from&quot;:&quot;article footer&quot;,&quot;name&quot;:&quot;Mon actu&quot;,&quot;type&quot;:&quot;cta&quot;}}\" target=\"_blank\">Mon Actu<\/a>.<\/p>\n","protected":false},"excerpt":{"rendered":"Par Odessa Aubry Publi\u00e9 le 9 avr. 2025 \u00e0 7h53 St\u00e9phane Eberlin disait apr\u00e8s le revers \u00e0 Antibes&hellip;\n","protected":false},"author":2,"featured_media":12141,"comment_status":"","ping_status":"","sticky":false,"template":"","format":"standard","meta":{"footnotes":""},"categories":[2818],"tags":[1111,11,1465,5492,5660,1777,674,1011,27,766,12,2636,25,1745,60],"class_list":{"0":"post-12140","1":"post","2":"type-post","3":"status-publish","4":"format-standard","5":"has-post-thumbnail","7":"category-nantes","8":"tag-actu","9":"tag-actualites","10":"tag-basket","11":"tag-caen","12":"tag-caen-basket-calvados","13":"tag-eu","14":"tag-europe","15":"tag-fr","16":"tag-france","17":"tag-nantes","18":"tag-news","19":"tag-pays-de-la-loire","20":"tag-republique-francaise","21":"tag-sport-caen","22":"tag-sports"},"share_on_mastodon":{"url":"https:\/\/pubeurope.com\/@fr\/114307042144724333","error":""},"_links":{"self":[{"href":"https:\/\/www.europesays.com\/fr\/wp-json\/wp\/v2\/posts\/12140","targetHints":{"allow":["GET"]}}],"collection":[{"href":"https:\/\/www.europesays.com\/fr\/wp-json\/wp\/v2\/posts"}],"about":[{"href":"https:\/\/www.europesays.com\/fr\/wp-json\/wp\/v2\/types\/post"}],"author":[{"embeddable":true,"href":"https:\/\/www.europesays.com\/fr\/wp-json\/wp\/v2\/users\/2"}],"replies":[{"embeddable":true,"href":"https:\/\/www.europesays.com\/fr\/wp-json\/wp\/v2\/comments?post=12140"}],"version-history":[{"count":0,"href":"https:\/\/www.europesays.com\/fr\/wp-json\/wp\/v2\/posts\/12140\/revisions"}],"wp:featuredmedia":[{"embeddable":true,"href":"https:\/\/www.europesays.com\/fr\/wp-json\/wp\/v2\/media\/12141"}],"wp:attachment":[{"href":"https:\/\/www.europesays.com\/fr\/wp-json\/wp\/v2\/media?parent=12140"}],"wp:term":[{"taxonomy":"category","embeddable":true,"href":"https:\/\/www.europesays.com\/fr\/wp-json\/wp\/v2\/categories?post=12140"},{"taxonomy":"post_tag","embeddable":true,"href":"https:\/\/www.europesays.com\/fr\/wp-json\/wp\/v2\/tags?post=12140"}],"curies":[{"name":"wp","href":"https:\/\/api.w.org\/{rel}","templated":true}]}}