{"id":121405,"date":"2025-05-23T07:21:11","date_gmt":"2025-05-23T07:21:11","guid":{"rendered":"https:\/\/www.europesays.com\/fr\/121405\/"},"modified":"2025-05-23T07:21:11","modified_gmt":"2025-05-23T07:21:11","slug":"mapr-2025-un-peu-de-marina-devoile-la-vraie-raison-de-son-etrange-attitude-avec-david-en-pleine-lune-de-miel","status":"publish","type":"post","link":"https:\/\/www.europesays.com\/fr\/121405\/","title":{"rendered":"MAPR 2025 : \u201cUn peu de\u2026\u201d, Marina d\u00e9voile la vraie raison de son \u00e9trange attitude avec David en pleine lune de miel"},"content":{"rendered":"<p data-start=\"145\" data-end=\"596\">Compatible \u00e0 77 %,<br \/>\n<strong>Marina et David<\/strong> ont accept\u00e9 de se marier. Et<br \/>\npourtant, le jeune homme ne cochait pas toutes les cases de ses<br \/>\ncrit\u00e8res physiques&#8230; \u00ab\u00a0Oui, il ne rentre pas dans mes crit\u00e8res,<br \/>\nje ne suis pas attir\u00e9e du tout par les personnes sans cheveux.<br \/>\nApr\u00e8s, c\u2019est un tr\u00e8s bel homme, \u00e7a c\u2019est s\u00fbr. Je vois qu\u2019il me<br \/>\nrassure dans son regard donc c\u2019est quelque chose, pour moi, qui est<br \/>\ntr\u00e8s important\u00a0\u00bb, a r\u00e9v\u00e9l\u00e9 Marina dans <a href=\"https:\/\/www.closermag.fr\/tv_tele_realite\/maries-au-premier-regard-matthieu-et-laure-proches-du-divorce-jai-perdu-le-sourire-petit-a-petit-3546302\" rel=\"nofollow noopener\" target=\"_blank\"><br \/>\nMari\u00e9s au premier regard.<\/a><\/p>\n<p data-start=\"598\" data-end=\"999\">Apr\u00e8s la c\u00e9r\u00e9monie, ce tout<br \/>\nnouveau couple s\u2019est envol\u00e9 en direction de Marrakech, pour vivre<br \/>\n<strong>leur lune de miel.<\/strong> L\u2019occasion pour eux d\u2019apprendre<br \/>\nenfin \u00e0 faire connaissance&#8230; Et il semblerait que David soit d\u00e9j\u00e0<br \/>\ntomb\u00e9 sous le charme. \u00ab\u00a0Je suis charm\u00e9 par Marina, et vraiment,<br \/>\nelle me pla\u00eet \u00e9norm\u00e9ment. Je sais qu\u2019il faut que je fasse un peu<br \/>\nplus d\u2019efforts pour montrer qu\u2019elle me pla\u00eet\u00a0\u00bb, a-t-il<br \/>\nr\u00e9v\u00e9l\u00e9.<\/p>\n<p>David se confie sur son<br \/>\npass\u00e9<\/p>\n<p data-start=\"1036\" data-end=\"1322\">Le p\u00e8re de famille a d\u00e9cid\u00e9 de<br \/>\nse confier sur son pass\u00e9 : il a \u00e9t\u00e9 <a href=\"https:\/\/www.closermag.fr\/tv_tele_realite\/mapr-2025-david-fait-une-tragique-revelation-sur-sa-famille-adoptive-3542143\" rel=\"nofollow noopener\" target=\"_blank\"><br \/>\nabandonn\u00e9 \u00e0 la naissance<\/a> par ses parents biologiques. Ce qui<br \/>\nlui a laiss\u00e9 des cicatrices&#8230; \u00ab\u00a0<strong>J\u2019ai peur de<br \/>\nl\u2019abandon.<\/strong> Donc, j\u2019ai besoin de me sentir accept\u00e9 et<br \/>\nd\u2019avoir une sorte de validation\u00a0\u00bb, a-t-il r\u00e9v\u00e9l\u00e9 face<br \/>\ncam\u00e9ra.<\/p>\n<p data-start=\"1324\" data-end=\"1628\">Si David est pr\u00eat \u00e0 s\u2019ouvrir \u00e0<br \/>\n<a href=\"https:\/\/www.closermag.fr\/tv_tele_realite\/mapr-2025-spoiler-david-gene-face-a-marina-il-choisit-de-vider-son-sac-3545473\" rel=\"nofollow noopener\" target=\"_blank\"><br \/>\nMarina<\/a>, pour la jeune femme, c\u2019est un peu plus difficile. Et<br \/>\nles internautes l\u2019ont remarqu\u00e9 ! Ce mardi 20 mai, Marina a d\u00e9cid\u00e9<br \/>\nde r\u00e9pondre \u00e0 l\u2019un d\u2019entre eux, sur sa story Instagram. \u00ab\u00a0Tu ne<br \/>\nparles pas trop. Est-ce de la timidit\u00e9, du malaise ou autre<br \/>\n?\u00a0\u00bb, lui a-t-il demand\u00e9.<\/p>\n<p>Marina : pourquoi est-elle distante avec David ?<\/p>\n<p data-start=\"1684\" data-end=\"1969\">\u00ab\u00a0<strong>Un peu de<br \/>\ntimidit\u00e9, un peu de malaise<\/strong>. J\u2019ai besoin d\u2019un temps<br \/>\nd\u2019adaptation avant de me livrer. Et puis, devant les cam\u00e9ras, ce<br \/>\nn\u2019\u00e9tait pas \u00e9vident. Ou alors, il faut que la personne en face de<br \/>\nmoi me mette vraiment \u00e0 l\u2019aise et me fasse rire pour me d\u00e9tendre un<br \/>\npeu\u00a0\u00bb, a-t-elle r\u00e9pondu.<\/p>\n<p data-start=\"1971\" data-end=\"2288\">Pour le moment, il semble y<br \/>\navoir encore un peu de retenue. Et c\u2019est exactement la m\u00eame chose<br \/>\npour David. \u00ab\u00a0<strong>On est pareil !<\/strong> Le pauvre, je ne<br \/>\nl\u2019ai pas aid\u00e9\u00a0\u00bb, a lanc\u00e9 la jolie brune. En revanche, une fois<br \/>\nles cam\u00e9ras \u00e9teintes, la pression semble retomber. \u00ab\u00a0On \u00e9tait \u00e0<br \/>\nl\u2019aise en off par contre\u00a0\u00bb, a-t-elle ensuite d\u00e9clar\u00e9.<\/p>\n","protected":false},"excerpt":{"rendered":"Compatible \u00e0 77 %, Marina et David ont accept\u00e9 de se marier. Et pourtant, le jeune homme ne&hellip;\n","protected":false},"author":2,"featured_media":121406,"comment_status":"","ping_status":"","sticky":false,"template":"","format":"standard","meta":{"footnotes":""},"categories":[1356],"tags":[548,58,59,1011,27,6218,252,1364],"class_list":{"0":"post-121405","1":"post","2":"type-post","3":"status-publish","4":"format-standard","5":"has-post-thumbnail","7":"category-television","8":"tag-article-simple","9":"tag-divertissement","10":"tag-entertainment","11":"tag-fr","12":"tag-france","13":"tag-maries-au-premier-regard","14":"tag-television","15":"tag-tv"},"share_on_mastodon":{"url":"https:\/\/pubeurope.com\/@fr\/114555943892736930","error":""},"_links":{"self":[{"href":"https:\/\/www.europesays.com\/fr\/wp-json\/wp\/v2\/posts\/121405","targetHints":{"allow":["GET"]}}],"collection":[{"href":"https:\/\/www.europesays.com\/fr\/wp-json\/wp\/v2\/posts"}],"about":[{"href":"https:\/\/www.europesays.com\/fr\/wp-json\/wp\/v2\/types\/post"}],"author":[{"embeddable":true,"href":"https:\/\/www.europesays.com\/fr\/wp-json\/wp\/v2\/users\/2"}],"replies":[{"embeddable":true,"href":"https:\/\/www.europesays.com\/fr\/wp-json\/wp\/v2\/comments?post=121405"}],"version-history":[{"count":0,"href":"https:\/\/www.europesays.com\/fr\/wp-json\/wp\/v2\/posts\/121405\/revisions"}],"wp:featuredmedia":[{"embeddable":true,"href":"https:\/\/www.europesays.com\/fr\/wp-json\/wp\/v2\/media\/121406"}],"wp:attachment":[{"href":"https:\/\/www.europesays.com\/fr\/wp-json\/wp\/v2\/media?parent=121405"}],"wp:term":[{"taxonomy":"category","embeddable":true,"href":"https:\/\/www.europesays.com\/fr\/wp-json\/wp\/v2\/categories?post=121405"},{"taxonomy":"post_tag","embeddable":true,"href":"https:\/\/www.europesays.com\/fr\/wp-json\/wp\/v2\/tags?post=121405"}],"curies":[{"name":"wp","href":"https:\/\/api.w.org\/{rel}","templated":true}]}}