{"id":121407,"date":"2025-05-23T07:22:07","date_gmt":"2025-05-23T07:22:07","guid":{"rendered":"https:\/\/www.europesays.com\/fr\/121407\/"},"modified":"2025-05-23T07:22:07","modified_gmt":"2025-05-23T07:22:07","slug":"lhistoire-intime-du-rappeur-jul-avec-la-corse-entre-vacances-au-village-bandera-au-stade-de-france-et-concerts-a-calvi-corse-matin","status":"publish","type":"post","link":"https:\/\/www.europesays.com\/fr\/121407\/","title":{"rendered":"L&#039;histoire intime du rappeur Jul avec la Corse, entre vacances au village, bandera au Stade de France et concerts \u00e0 Calvi &#8211; Corse Matin"},"content":{"rendered":"<ol>\n<li><a href=\"https:\/\/news.google.com\/rss\/articles\/CBMikgJBVV95cUxQZFhHWkJnV2lYb1hWR1FYeEhEdndQRFNoay1VemstbW9lX3FuU1FKbS13b1pHb1AtVEk1bWVVNU9oUXJlZUdFcVF6REJUcGdCalpfdDRiZWhMZk8tR2M5NWFWMTRLSnZqc0tKX3liMVlpUWk5Xy0wVEZfTi1qLVp6cmY1OG43ZXVqWG43cEx5a0gyQk14Um5CNmR4TGg3b0hnUlo5aFBWd0puWnFUMEUwNGZNZ2tnTXZyTEE4T2dQSzBFOXo5cEx4QmN2V0lRbkpRQm1GaHlYRHhua196TTY0cG5HRS02eHJJVTVFN3BlQl96elg0VUJKc3UtQ0JEcXBaUmRXSXFEVTVXa1c3aVhRcEpn?oc=5\" target=\"_blank\" rel=\"noopener\">L&rsquo;histoire intime du rappeur Jul avec la Corse, entre vacances au village, bandera au Stade de France et concerts \u00e0 Calvi<\/a>&nbsp;&nbsp;Corse Matin<\/li>\n<li><a href=\"https:\/\/news.google.com\/rss\/articles\/CBMiwwFBVV95cUxPcUFYMENHbXF6VWN2T25KcjZMaHVBX0NzOWZWWnUzaFBVY3VKOFdiXzR3Nmd3aU1JWkRkOFd4N19ZdDlBLWhfS1gyelpteEtKeFhYQ2JPUjRqN2JaaFdmSmNUNk1UMjUwV2k4dnAtcTI1a3hJaklLSkFjRXBuWTVvdWQ1VDdZS3FXdTBlcWlldENYWDBRVWh0T1JqRHB0XzRKOXlfTjhoUThrR1J0a0g0U1N4S0N3UTBlamxvNTVjSzYxNFk?oc=5\" target=\"_blank\" rel=\"noopener\">Jul au V\u00e9lodrome ce soir : soyez l\u00e0 t\u00f4t !<\/a>&nbsp;&nbsp;BFMTV<\/li>\n<li><a href=\"https:\/\/news.google.com\/rss\/articles\/CBMi5AFBVV95cUxNa3ExS1ZaTXFzOWFxbE1uOTNIamFLT2lETzczY25yd2ZvTTBzUW9zamtQcDZQZmJuRTh1amRpTkFDNEhIbGF5WE9SS0xFSWlFRDA0ekdzM1VLVjY5a2JoLWY4Z0FJTzdxRVItTm9SQ0JmVHpwTnNEY3B0dTRuTTBjNmMwWUJLYVJmWEFZYmhPRzNHbk9uTkpkU3FpN1dHbnNCWVd3c01oYTRBVGlTVDY3dXVVVzNhMnlmRUx2YkFxekhQN0dMdEFVODNZTE9EZG1xRFl5V2FVUW03V25XczVoYklsc08?oc=5\" target=\"_blank\" rel=\"noopener\">\u00ab\u00a0Le J c&rsquo;est le S\u00a0\u00bb, \u00ab\u00a0la zone\u00a0\u00bb, \u00ab\u00a0mapesa\u00a0\u00bb&#8230; : comment les mots de Jul se diffusent dans la soci\u00e9t\u00e9<\/a>&nbsp;&nbsp;La Provence<\/li>\n<li><a href=\"https:\/\/news.google.com\/rss\/articles\/CBMiqgFBVV95cUxONjlNZmJhQmoxUWZNcG9OajVqZVlWbVNkMnJ6NG8wNEVfVHZzSFl5QTFMY3RXSkZHN2tXd0tVX05yRTVRSmgzUEViRDZNZU1NYVkyaW9TX3RmUFZqS3hqa0NKUzQ4dlR1czFaVEtSYnhxNkVZaV96eHVFdlhJNXpoYmE1NGhsWkVzVGFrSjA3TVlmaFd0UFBJdmNITWMyWTdqanViUmZvR2JvZw?oc=5\" target=\"_blank\" rel=\"noopener\">C&rsquo;est le rappeur de tous les records: avant ses concerts chez lui \u00e0 Marseille ce vendredi et samedi, d\u00e9cryptage du ph\u00e9nom\u00e8ne musical Jul<\/a>&nbsp;&nbsp;Var-Matin<\/li>\n<li><a href=\"https:\/\/news.google.com\/rss\/articles\/CBMiekFVX3lxTE9WbEJFcnM5a0VLYzFLd2duRWVPVm8ycVR3akpEeGV6b3BQaURMSlJDV09JaGl2WFJTT3BWMzAzUXBMa2Z6QkVRSnczZVNMc2laVTJqWGIwR3BKcXA0dGdacnR6c09RRFJDdXl3Smc0RVRsLWJWTW5zZFJR?oc=5\" target=\"_blank\" rel=\"noopener\">Jul, l\u2019idole des jeunes (et des autres)<\/a>&nbsp;&nbsp;The Conversation<\/li>\n<\/ol>\n","protected":false},"excerpt":{"rendered":"L&rsquo;histoire intime du rappeur Jul avec la Corse, entre vacances au village, bandera au Stade de France et&hellip;\n","protected":false},"author":2,"featured_media":121408,"comment_status":"","ping_status":"","sticky":false,"template":"","format":"standard","meta":{"footnotes":""},"categories":[1355],"tags":[17,3396,2517,1687,58,59,2834,1011,27,22291,1279,23058,1361,873,6198],"class_list":{"0":"post-121407","1":"post","2":"type-post","3":"status-publish","4":"format-standard","5":"has-post-thumbnail","7":"category-musique","8":"tag-17","9":"tag-avec","10":"tag-corse","11":"tag-culture-loisirs","12":"tag-divertissement","13":"tag-entertainment","14":"tag-entre","15":"tag-fr","16":"tag-france","17":"tag-intime","18":"tag-jul","19":"tag-lhistoire","20":"tag-music","21":"tag-musique","22":"tag-rappeur"},"share_on_mastodon":{"url":"https:\/\/pubeurope.com\/@fr\/114555947861713731","error":""},"_links":{"self":[{"href":"https:\/\/www.europesays.com\/fr\/wp-json\/wp\/v2\/posts\/121407","targetHints":{"allow":["GET"]}}],"collection":[{"href":"https:\/\/www.europesays.com\/fr\/wp-json\/wp\/v2\/posts"}],"about":[{"href":"https:\/\/www.europesays.com\/fr\/wp-json\/wp\/v2\/types\/post"}],"author":[{"embeddable":true,"href":"https:\/\/www.europesays.com\/fr\/wp-json\/wp\/v2\/users\/2"}],"replies":[{"embeddable":true,"href":"https:\/\/www.europesays.com\/fr\/wp-json\/wp\/v2\/comments?post=121407"}],"version-history":[{"count":0,"href":"https:\/\/www.europesays.com\/fr\/wp-json\/wp\/v2\/posts\/121407\/revisions"}],"wp:featuredmedia":[{"embeddable":true,"href":"https:\/\/www.europesays.com\/fr\/wp-json\/wp\/v2\/media\/121408"}],"wp:attachment":[{"href":"https:\/\/www.europesays.com\/fr\/wp-json\/wp\/v2\/media?parent=121407"}],"wp:term":[{"taxonomy":"category","embeddable":true,"href":"https:\/\/www.europesays.com\/fr\/wp-json\/wp\/v2\/categories?post=121407"},{"taxonomy":"post_tag","embeddable":true,"href":"https:\/\/www.europesays.com\/fr\/wp-json\/wp\/v2\/tags?post=121407"}],"curies":[{"name":"wp","href":"https:\/\/api.w.org\/{rel}","templated":true}]}}