{"id":121417,"date":"2025-05-23T07:27:12","date_gmt":"2025-05-23T07:27:12","guid":{"rendered":"https:\/\/www.europesays.com\/fr\/121417\/"},"modified":"2025-05-23T07:27:12","modified_gmt":"2025-05-23T07:27:12","slug":"une-enquete-genealogique-sans-precedent-ladn-de-leonard-de-vinci-retrace-sur-21-generations","status":"publish","type":"post","link":"https:\/\/www.europesays.com\/fr\/121417\/","title":{"rendered":"Une enqu\u00eate g\u00e9n\u00e9alogique sans pr\u00e9c\u00e9dent: l&rsquo;ADN de L\u00e9onard de Vinci retrac\u00e9 sur 21 g\u00e9n\u00e9rations"},"content":{"rendered":"<p>Il est le r\u00e9sultat de trente ans de recherches g\u00e9n\u00e9alogiques, sous l&rsquo;impulsion du projet international Leonardo da Vinci DNA. Un livre (en italien) pr\u00e9sent\u00e9 ce mois de mai\u00a02025, <a href=\"https:\/\/www.eurekalert.org\/news-releases\/1084458\" target=\"_blank\" rel=\"nofollow noopener\">Gen\u00eca da Vinci. Genealogia e genetica per il DNA di Leonardo<\/a>, qui reconstitue le profil g\u00e9n\u00e9tique du tr\u00e8s c\u00e9l\u00e8bre artiste, scientifique et inventeur, <a href=\"https:\/\/www.geo.fr\/voyage\/dix-choses-que-vous-ne-saviez-pas-sur-leonard-de-vinci-182262\" rel=\"nofollow noopener\" target=\"_blank\">L\u00e9onard de Vinci<\/a> (1452-1519). Les chercheurs Alessandro Vezzosi et Agnese Sabato sont parvenus \u00e0 retracer, \u00e0 travers \u00ab\u00a0l&rsquo;une des investigations historico-g\u00e9n\u00e9tiques les plus avanc\u00e9es jamais entreprises\u00a0\u00bb, \u00e9crivent-ils, un arbre g\u00e9n\u00e9alogique remontant \u00e0 1331, couvrant 21 g\u00e9n\u00e9rations, impliquant plus de 400 individus et identifiant quinze descendants en ligne masculine.<\/p>\n<p>Enqu\u00eate ADN sur la lign\u00e9e da Vinci<\/p>\n<p>Le point de d\u00e9part scientifique du projet <a href=\"https:\/\/www.jcvi.org\/research\/leonardo-da-vinci-dna-project\" target=\"_blank\" rel=\"nofollow noopener\">Leonardo da Vinci DNA<\/a>, lanc\u00e9 en 2016, \u00e9tait simple\u00a0: \u00ab\u00a0permettre la recherche scientifique sur l&rsquo;ADN de L\u00e9onard en retra\u00e7ant sa lign\u00e9e familiale jusqu&rsquo;\u00e0 aujourd&rsquo;hui, tout en valorisant les lieux li\u00e9s \u00e0 sa m\u00e9moire, explique dans un <a href=\"https:\/\/www.eurekalert.org\/news-releases\/1084458\" target=\"_blank\" rel=\"nofollow noopener\">communiqu\u00e9<\/a> Alessandro Vezzosi, sp\u00e9cialiste du g\u00e9nie de la <a href=\"https:\/\/www.geo.fr\/histoire\/ces-peintres-qui-ont-faconne-la-renaissance-215292\" rel=\"nofollow noopener\" target=\"_blank\">Renaissance<\/a>. Gr\u00e2ce \u00e0 cette r\u00e9cup\u00e9ration, nous esp\u00e9rons comprendre les racines biologiques de son acuit\u00e9 visuelle, de sa cr\u00e9ativit\u00e9 et peut-\u00eatre m\u00eame des aspects de sa sant\u00e9 ou des <a href=\"https:\/\/www.geo.fr\/histoire\/pourquoi-la-mort-de-leonard-de-vinci-a-t-elle-alimente-les-fantasmes-197110\" rel=\"nofollow noopener\" target=\"_blank\">causes de sa mort<\/a>\u00ab\u00a0.<\/p>\n<p>Pour rappel, L\u00e9onard de Vinci n&rsquo;a jamais eu d&rsquo;enfants et n&rsquo;a donc pas de descendants directs au sens strict \u2013 c&rsquo;est-\u00e0-dire, issue de sa propre lign\u00e9e biologique. Les chercheurs \u00e9tudient ici les descendants masculins issus de la m\u00eame lign\u00e9e que lui, via son p\u00e8re Piero da Vinci et les autres hommes de sa famille, comme son demi-fr\u00e8re Domenico Benedetto. Ce lien est essentiel dans le cadre du projet ADN, car le chromosome Y, transmis uniquement de p\u00e8re en fils, reste (sauf <a href=\"https:\/\/www.geo.fr\/environnement\/les-mutations-de-ladn-dans-levolution-des-especes-ne-seraient-finalement-pas-completement-aleatoires-207898\" rel=\"nofollow noopener\" target=\"_blank\">mutations<\/a>) identique \u00e0 travers les g\u00e9n\u00e9rations.<\/p>\n<p>Gr\u00e2ce \u00e0 une analyse minutieuse des sources et des archives, les experts sont parvenus \u00e0 identifier quinze d&rsquo;entre eux. Six ont accept\u00e9 de participer \u00e0 une analyse ADN coordonn\u00e9e. Le verdict est sans appel\u00a0: tous partagent le m\u00eame chromosome Y, confirmant la continuit\u00e9 g\u00e9n\u00e9tique de la lign\u00e9e masculine des da Vinci, au moins depuis la quinzi\u00e8me g\u00e9n\u00e9ration.<\/p>\n<p>\t\t\t\tVers une reconstitution du g\u00e9nome\u00a0?<\/p>\n<p>Ce premier jalon scientifique offre un nouvel espoir. Des fragments osseux mis au jour dans un caveau familial de l&rsquo;\u00e9glise Santa Croce de Vinci (<a href=\"https:\/\/www.geo.fr\/voyage\/quels-sont-les-10-plus-beaux-endroits-de-la-toscane-209194\" rel=\"nofollow noopener\" target=\"_blank\">Toscane<\/a>, Italie) \u2013 o\u00f9 reposeraient notamment le grand-p\u00e8re, l&rsquo;oncle et plusieurs demi-fr\u00e8res de L\u00e9onard \u2013 sont actuellement sujets \u00e0 tests pal\u00e9og\u00e9n\u00e9tiques. De premiers r\u00e9sultats quant \u00e0 un sp\u00e9cimen, correspondant en \u00e2ge aux proches pr\u00e9sum\u00e9s du ma\u00eetre florentin, indiquent qu&rsquo;il \u00e9tait de sexe masculin. Si les scientifiques parviennent \u00e0 en extraire un ADN exploitable, la comparaison avec les descendants actuels pourrait ouvrir la voie \u00e0 la reconstitution du g\u00e9nome du g\u00e9nie.<\/p>\n<p>Si le chromosome Y est identifi\u00e9 dans les restes exhum\u00e9s des tombes de Vinci, cela validerait \u00e9galement la fiabilit\u00e9 des archives de paternit\u00e9 et la reconstruction historique de la lign\u00e9e familiale. Gr\u00e2ce \u00e0 cette confirmation, les sp\u00e9cialis\u00e9es pourraient ensuite analyser plus pr\u00e9cis\u00e9ment d&rsquo;autres sources biologiques, comme des restes de cheveux\u2026 ou m\u00eame des traces d&rsquo;ADN laiss\u00e9es sur ses dessins ou manuscrits. \u00ab\u00a0M\u00eame une simple empreinte digitale sur une page pourrait contenir des cellules exploitables, d\u00e9veloppe dans le communiqu\u00e9 Jesse H. Ausubel de l&rsquo;universit\u00e9 Rockefeller (\u00c9tats-Unis) et directeur du projet. La biologie du XXIe\u00a0si\u00e8cle repousse la fronti\u00e8re entre l&rsquo;inconnu et l&rsquo;inconnaissable.\u00a0\u00bb<\/p>\n<p>\t\t\t\tDes traces physiques et familiales du ma\u00eetre<\/p>\n<p>Au-del\u00e0 de l&rsquo;analyse g\u00e9n\u00e9tique, les auteurs de Gen\u00eca da Vinci ont \u00e9galement identifi\u00e9 sept maisons familiales dans le village de Vinci et ses environs, dont deux ayant appartenu \u00e0 L\u00e9onard. Sur la chemin\u00e9e de l&rsquo;une de ses anciennes propri\u00e9t\u00e9s a \u00e9t\u00e9 d\u00e9couvert un <a href=\"https:\/\/www.geo.fr\/sciences\/des-croquis-perdus-revelent-que-de-vinci-aurait-compris-laspect-cle-de-la-gravite-des-siecles-avant-einstein-213565\" rel=\"nofollow noopener\" target=\"_blank\">intrigant dessin au charbon<\/a>, repr\u00e9sentant une cr\u00e9ature fantastique baptis\u00e9e \u00ab\u00a0Dragon Licorne\u00a0\u00bb. Ses caract\u00e9ristiques stylistiques, proches d&rsquo;autres \u0153uvres connues de l&rsquo;artiste, sugg\u00e8rent une possible attribution \u2013 en attente de recherches plus pouss\u00e9es.<\/p>\n<p>L&rsquo;identit\u00e9 de sa m\u00e8re, longtemps entour\u00e9e de myst\u00e8re, se pr\u00e9cise aussi\u00a0: il pourrait s&rsquo;agir d&rsquo;<a href=\"https:\/\/theconversation.com\/leonardo-da-vincis-mother-might-have-been-a-slave-heres-what-the-discovery-reveals-about-renaissance-europe-202576\" target=\"_blank\" rel=\"nofollow noopener\">une esclave orientale nomm\u00e9e Caterina<\/a>, au service d&rsquo;un riche banquier florentin. Une s\u00e9rie d&rsquo;actes de donation documente, \u00e0 partir de 1449, ses liens avec le p\u00e8re de L\u00e9onard.<\/p>\n<p>Enfin, le dernier chapitre du livre r\u00e9cemment publi\u00e9 propose une r\u00e9flexion sur les similitudes entre certains descendants actuels et l&rsquo;autoportrait (pr\u00e9sum\u00e9) de L\u00e9onard de Vinci (1512-1515). Ses auteurs pr\u00e9cisent toutefois que les ambitions du projet restent r\u00e9solument scientifiques\u00a0; les recherches visent \u00e0 r\u00e9v\u00e9ler des aspects in\u00e9dits du patrimoine g\u00e9n\u00e9tique, des traits physiques, voire des fragilit\u00e9s du visionnaire. \u00ab\u00a0Il ne s&rsquo;agit pas seulement de l&rsquo;auteur du <a href=\"https:\/\/www.geo.fr\/histoire\/qui-etait-vraiment-mona-lisa-211589\" rel=\"nofollow noopener\" target=\"_blank\">tableau le plus c\u00e9l\u00e8bre au monde<\/a>, conclut dans la publication Jesse H. Ausubel. C&rsquo;est un d\u00e9fi pour red\u00e9finir les limites de la connaissance historique et de l&rsquo;h\u00e9ritage culturel.\u00a0\u00bb<\/p>\n","protected":false},"excerpt":{"rendered":"Il est le r\u00e9sultat de trente ans de recherches g\u00e9n\u00e9alogiques, sous l&rsquo;impulsion du projet international Leonardo da Vinci&hellip;\n","protected":false},"author":2,"featured_media":121418,"comment_status":"","ping_status":"","sticky":false,"template":"","format":"standard","meta":{"footnotes":""},"categories":[7],"tags":[846,3734,1011,27,452,24303,2003,43,40,41,39,42,44],"class_list":{"0":"post-121417","1":"post","2":"type-post","3":"status-publish","4":"format-standard","5":"has-post-thumbnail","7":"category-sciences-et-technologies","8":"tag-adn","9":"tag-art","10":"tag-fr","11":"tag-france","12":"tag-italie","13":"tag-leonard-de-vinci","14":"tag-livre","15":"tag-science","16":"tag-science-and-technology","17":"tag-sciences","18":"tag-sciences-et-technologies","19":"tag-technologies","20":"tag-technology"},"share_on_mastodon":{"url":"https:\/\/pubeurope.com\/@fr\/114555967672062654","error":""},"_links":{"self":[{"href":"https:\/\/www.europesays.com\/fr\/wp-json\/wp\/v2\/posts\/121417","targetHints":{"allow":["GET"]}}],"collection":[{"href":"https:\/\/www.europesays.com\/fr\/wp-json\/wp\/v2\/posts"}],"about":[{"href":"https:\/\/www.europesays.com\/fr\/wp-json\/wp\/v2\/types\/post"}],"author":[{"embeddable":true,"href":"https:\/\/www.europesays.com\/fr\/wp-json\/wp\/v2\/users\/2"}],"replies":[{"embeddable":true,"href":"https:\/\/www.europesays.com\/fr\/wp-json\/wp\/v2\/comments?post=121417"}],"version-history":[{"count":0,"href":"https:\/\/www.europesays.com\/fr\/wp-json\/wp\/v2\/posts\/121417\/revisions"}],"wp:featuredmedia":[{"embeddable":true,"href":"https:\/\/www.europesays.com\/fr\/wp-json\/wp\/v2\/media\/121418"}],"wp:attachment":[{"href":"https:\/\/www.europesays.com\/fr\/wp-json\/wp\/v2\/media?parent=121417"}],"wp:term":[{"taxonomy":"category","embeddable":true,"href":"https:\/\/www.europesays.com\/fr\/wp-json\/wp\/v2\/categories?post=121417"},{"taxonomy":"post_tag","embeddable":true,"href":"https:\/\/www.europesays.com\/fr\/wp-json\/wp\/v2\/tags?post=121417"}],"curies":[{"name":"wp","href":"https:\/\/api.w.org\/{rel}","templated":true}]}}