{"id":121421,"date":"2025-05-23T07:29:09","date_gmt":"2025-05-23T07:29:09","guid":{"rendered":"https:\/\/www.europesays.com\/fr\/121421\/"},"modified":"2025-05-23T07:29:09","modified_gmt":"2025-05-23T07:29:09","slug":"qui-est-yair-golan-le-chef-de-file-de-la-gauche-israelienne-critique-de-la-guerre-a-gaza","status":"publish","type":"post","link":"https:\/\/www.europesays.com\/fr\/121421\/","title":{"rendered":"Qui est Ya\u00efr Golan, le chef de file de la gauche isra\u00e9lienne critique de la guerre \u00e0 Gaza"},"content":{"rendered":"<p>        <img decoding=\"async\" loading=\"lazy\" src=\"https:\/\/www.europesays.com\/fr\/wp-content\/uploads\/2025\/05\/f501012_sirius-fs-upload-1-riuwnvyewtlj-1747925322444-2024-07-11t103044z-2059150708-rc21n8aa2gzc-rtr.jpeg\"  width=\"728\" height=\"409\" alt=\"Ya\u00efr Golan a \u00e9t\u00e9 \u00e9lu \u00e0 la t\u00eate du parti travailliste isra\u00e9lien en mai 2024.\"\/>  <\/p>\n<p>Eloisa Lopez \/ REUTERS<\/p>\n<p>Ya\u00efr Golan a \u00e9t\u00e9 \u00e9lu \u00e0 la t\u00eate du parti travailliste isra\u00e9lien en mai 2024.<\/p>\n<p class=\"asset asset-text\">INTERNATIONAL &#8211; Au lendemain de <a href=\"https:\/\/www.huffingtonpost.fr\/international\/article\/7-octobre-un-an-apres-l-attaque-en-israel-le-terrible-bilan-de-la-guerre-dans-la-bande-de-gaza_240342.html\" rel=\"nofollow noopener\" target=\"_blank\">l\u2019attaque du 7\u00a0octobre<\/a>, il \u00e9tait pr\u00e9sent\u00e9 comme un h\u00e9ros national. Ya\u00efr Golan, chef de file de la gauche isra\u00e9lienne, s\u2019est attir\u00e9 les foudres du <a href=\"https:\/\/www.huffingtonpost.fr\/international\/article\/netanyahu-se-dit-pret-a-un-cessez-le-feu-temporaire-a-gaza-mais-ne-compte-pas-mettre-fin-a-son-offensive_250360.html\" rel=\"nofollow noopener\" target=\"_blank\">gouvernement Netanyahu<\/a> apr\u00e8s avoir vivement critiqu\u00e9, mardi 20\u00a0mai, l\u2019action des forces arm\u00e9es \u00e0 Gaza.<\/p>\n<p class=\"asset asset-text\">\u00ab\u00a0Un pays sain ne fait pas la guerre \u00e0 des civils, n\u2019a pas pour hobby de tuer des b\u00e9b\u00e9s, ne se fixe pas pour objectif d\u2019expulser des populations\u00a0\u00bb, a fustig\u00e9 cette figure de l\u2019opposition sur la radio publique. Isra\u00ebl est \u00ab\u00a0en passe de devenir un \u00c9tat paria parmi les nations\u00a0\u00bb, a-t-il ajout\u00e9, alors que l\u2019ex\u00e9cutif isra\u00e9lien a annonc\u00e9 son intention de<a href=\"https:\/\/www.huffingtonpost.fr\/international\/article\/en-pleine-offensive-a-gaza-netanyahu-annonce-qu-israel-va-prendre-le-controle-de-tout-le-territoire_250224.html\" rel=\"nofollow noopener\" target=\"_blank\"> prendre le contr\u00f4le de l\u2019int\u00e9gralit\u00e9 de la bande de Gaza<\/a>, dans le cadre de l\u2019op\u00e9ration \u00ab\u00a0Chariots de G\u00e9d\u00e9on\u00a0\u00bb lanc\u00e9e le 16\u00a0mai dernier.<\/p>\n<p class=\"asset asset-text\">\u00ab\u00a0Il n\u2019y a pas de limite \u00e0 la d\u00e9cadence morale\u00a0\u00bb, a imm\u00e9diatement d\u00e9nonc\u00e9 Benjamin Netanyahu, accusant son adversaire politique de propager des \u00ab\u00a0calomnies antis\u00e9mites (&#8230;) \u00e0 l\u2019encontre des soldats de l\u2019arm\u00e9e isra\u00e9lienne\u00a0\u00bb. Dans la foul\u00e9e, d\u2019autres ministres ont appel\u00e9 \u00e0 l\u2019ouverture d\u2019une enqu\u00eate pour appel \u00e0 la haine.<\/p>\n<p class=\"asset asset-text\">La fureur de l\u2019actuel gouvernement n\u2019a pas fait taire Ya\u00efr Golan.<strong> <\/strong>Ce jeudi 22\u00a0mai, apr\u00e8s l\u2019assassinat de deux employ\u00e9s de l\u2019ambassade d\u2019Isra\u00ebl \u00e0 Washington, il n\u2019a pas h\u00e9sit\u00e9 \u00e0 affirmer que le gouvernement Netanyahu \u00ab\u00a0alimente l\u2019antis\u00e9mitisme et la haine envers Isra\u00ebl (&#8230;) mettant en danger chaque Juif \u00e0 travers le monde\u00a0\u00bb.<\/p>\n<p>                     Ancien num\u00e9ro\u00a02\u00a0de Tsahal et \u00ab\u00a0sioniste de gauche\u00a0\u00bb    <\/p>\n<p class=\"asset asset-text\">\u00c2g\u00e9 de 62\u00a0ans, cet ancien chef d\u2019\u00c9tat-major adjoint de l\u2019arm\u00e9e isra\u00e9lienne n\u2019en est pas \u00e0 son premier coup d\u2019\u00e9clat. En 2016, il avait notamment fait un parall\u00e8le entre la place de l\u2019extr\u00eame droite en Isra\u00ebl et la mont\u00e9e du fascisme en Europe dans les ann\u00e9es 1930. \u00ab\u00a0Il n\u2019est rien de plus facile que de ha\u00efr l\u2019\u00e9tranger\u00a0; rien de plus facile que de semer la peur\u00a0; rien de plus facile que la bestialit\u00e9\u00a0; le cynisme et l\u2019autosatisfaction\u00a0\u00bb, avait-il lanc\u00e9. Des propos qui lui ont valu d\u2019\u00eatre qualifi\u00e9 de \u00ab\u00a0tra\u00eetre\u00a0de gauche\u00a0\u00bb.<\/p>\n<p class=\"asset asset-text\">Deux ans plus tard, il sera \u00e9cart\u00e9 du poste de chef d\u2019\u00c9tat-major de l\u2019arm\u00e9e pour lequel il \u00e9tait pressenti.<\/p>\n<p class=\"asset asset-text\">En 2022, il avait \u00e9galement irrit\u00e9 une partie de la classe politique isra\u00e9lienne en qualifiant les colons de Cisjordanie de \u00ab\u00a0voyous m\u00e9prisables\u00a0\u00bb et de \u00ab\u00a0gang qui agresse des Palestiniens innocents\u00a0\u00bb. Se d\u00e9finissant comme un \u00ab\u00a0sioniste de gauche\u00a0\u00bb, Ya\u00efr Golan d\u00e9fend par ailleurs la solution \u00e0 deux \u00c9tats, sur la base des fronti\u00e8res \u00e9tablies en 1949.<\/p>\n<p>                     H\u00e9ros du 7\u00a0octobre    <\/p>\n<p class=\"asset asset-text\">Au-del\u00e0 des pol\u00e9miques, Ya\u00efr Golan est consid\u00e9r\u00e9 en Isra\u00ebl comme un v\u00e9ritable h\u00e9ros du 7\u00a0octobre. Le jour de l\u2019attaque perp\u00e9tr\u00e9e par le Hamas, le militaire \u00e0 la retraite devenu r\u00e9serviste a rev\u00eatu son ancien uniforme. Apr\u00e8s avoir \u00e9t\u00e9 pr\u00e9venu par des proches, il s\u2019est rendu \u00e0 la fronti\u00e8re avec Gaza au volant de sa propre voiture et a sauv\u00e9 plusieurs jeunes Isra\u00e9liens pr\u00e9sents au festival de musique Nova.<\/p>\n<p class=\"asset asset-text\">Quelques mois plus tard, en mai\u00a02024, il a \u00e9t\u00e9 \u00e9lu chef du parti travailliste isra\u00e9lien (HaAvoda) avec plus de 95\u00a0% des voix des militants. Avant \u00e7a, Ya\u00efr Golan avait \u00e9t\u00e9 d\u00e9put\u00e9 de la formation de gauche la\u00efque Meretz \u00e0 la Knesset entre 2019 et 2022. Il entend d\u00e9sormais \u00ab\u00a0unir\u00a0\u00bb les diff\u00e9rents blocs de gauche afin de \u00ab\u00a0pr\u00e9senter un parti de gouvernement, pas un parti de niche\u00a0\u00bb, avait-il clam\u00e9 lors de son discours de victoire en 2024. Lors des derni\u00e8res \u00e9lections l\u00e9gislatives, Meretz et HaAvoda avaient respectivement remport\u00e9 quatre et cinq si\u00e8ges au Parlement. Soit tr\u00e8s loin derri\u00e8re les 30\u00a0si\u00e8ges du Likoud, le parti de Benjamin Netanyahu.<\/p>\n<p class=\"asset asset-text\">Dans le flot des critiques des derniers jours, Ya\u00efr Golan a d\u2019ailleurs re\u00e7u le soutien de l\u2019ancien Premier ministre de gauche Ehud Barak, qui l\u2019a d\u00e9crit comme \u00ab\u00a0un homme courageux et direct\u00a0\u00bb. \u00ab\u00a0Si je devais participer \u00e0 un raid ce soir ou \u00e0 une campagne politique difficile demain, je pr\u00e9f\u00e9rerais l\u2019avoir \u00e0 mes c\u00f4t\u00e9s plut\u00f4t que tous ses d\u00e9tracteurs\u00a0\u00bb, a-t-il poursuivi dans une publication sur X. Adoub\u00e9 par un camp, paria dans un autre.<\/p>\n<p class=\"asset asset-text\"><strong>\u00c0 voir \u00e9galement sur Le HuffPost\u00a0:<\/strong><\/p>\n<p> La lecture de ce contenu est susceptible d\u2019entra\u00eener un d\u00e9p\u00f4t de cookies de la part de l\u2019op\u00e9rateur tiers qui l\u2019h\u00e9berge. Compte-tenu des choix que vous avez exprim\u00e9s en mati\u00e8re de d\u00e9p\u00f4t de cookies, nous avons bloqu\u00e9 l\u2019affichage de ce contenu. Si vous souhaitez y acc\u00e9der, vous devez accepter la cat\u00e9gorie de cookies \u201cContenus tiers\u201d en cliquant sur le bouton ci-dessous. <\/p>\n<p> Lire la Vid\u00e9o                <\/p>\n","protected":false},"excerpt":{"rendered":"Eloisa Lopez \/ REUTERS Ya\u00efr Golan a \u00e9t\u00e9 \u00e9lu \u00e0 la t\u00eate du parti travailliste isra\u00e9lien en mai&hellip;\n","protected":false},"author":2,"featured_media":121422,"comment_status":"","ping_status":"","sticky":false,"template":"","format":"standard","meta":{"footnotes":""},"categories":[5],"tags":[11,3448,3259,1011,27,665,14,664,12,28],"class_list":{"0":"post-121421","1":"post","2":"type-post","3":"status-publish","4":"format-standard","5":"has-post-thumbnail","7":"category-international","8":"tag-actualites","9":"tag-benjamin-netanyahou","10":"tag-conflit-israelo-palestinien","11":"tag-fr","12":"tag-france","13":"tag-gaza","14":"tag-international","15":"tag-israel","16":"tag-news","17":"tag-world"},"share_on_mastodon":{"url":"https:\/\/pubeurope.com\/@fr\/114555975447005003","error":""},"_links":{"self":[{"href":"https:\/\/www.europesays.com\/fr\/wp-json\/wp\/v2\/posts\/121421","targetHints":{"allow":["GET"]}}],"collection":[{"href":"https:\/\/www.europesays.com\/fr\/wp-json\/wp\/v2\/posts"}],"about":[{"href":"https:\/\/www.europesays.com\/fr\/wp-json\/wp\/v2\/types\/post"}],"author":[{"embeddable":true,"href":"https:\/\/www.europesays.com\/fr\/wp-json\/wp\/v2\/users\/2"}],"replies":[{"embeddable":true,"href":"https:\/\/www.europesays.com\/fr\/wp-json\/wp\/v2\/comments?post=121421"}],"version-history":[{"count":0,"href":"https:\/\/www.europesays.com\/fr\/wp-json\/wp\/v2\/posts\/121421\/revisions"}],"wp:featuredmedia":[{"embeddable":true,"href":"https:\/\/www.europesays.com\/fr\/wp-json\/wp\/v2\/media\/121422"}],"wp:attachment":[{"href":"https:\/\/www.europesays.com\/fr\/wp-json\/wp\/v2\/media?parent=121421"}],"wp:term":[{"taxonomy":"category","embeddable":true,"href":"https:\/\/www.europesays.com\/fr\/wp-json\/wp\/v2\/categories?post=121421"},{"taxonomy":"post_tag","embeddable":true,"href":"https:\/\/www.europesays.com\/fr\/wp-json\/wp\/v2\/tags?post=121421"}],"curies":[{"name":"wp","href":"https:\/\/api.w.org\/{rel}","templated":true}]}}