{"id":121427,"date":"2025-05-23T07:32:10","date_gmt":"2025-05-23T07:32:10","guid":{"rendered":"https:\/\/www.europesays.com\/fr\/121427\/"},"modified":"2025-05-23T07:32:10","modified_gmt":"2025-05-23T07:32:10","slug":"ils-se-sont-precipites-a-louverture-du-nouveau-burger-king","status":"publish","type":"post","link":"https:\/\/www.europesays.com\/fr\/121427\/","title":{"rendered":"ils se sont pr\u00e9cipit\u00e9s \u00e0 l&rsquo;ouverture du nouveau Burger King"},"content":{"rendered":"<p>Il a le sourire, C\u00e9dric Arghittu. Malgr\u00e9 le stress et la fatigue. \u00ab\u00a0On sent qu\u2019il y a une grande attente\u00a0\u00bb, lance le franchis\u00e9 Burger King qui inaugure son huiti\u00e8me restaurant, celui de Firminy en jetant un \u0153il confiant vers le parking et la porte d\u2019entr\u00e9e.<\/p>\n<p>\u00ab\u00a0C\u2019est vrai qu\u2019on a fait le buzz, il y a eu une grosse campagne de communication. \u00bb<\/p>\n<p>R\u00e9sultat, ce jeudi, d\u00e8s 11 heures, les clients commencent \u00e0 affluer dans la nouvelle enseigne, situ\u00e9e dans la zone des Prairies\u2026 Pas d\u2019accueil sur la terrasse pour cause de pluie mais C\u00e9dric le prend avec le sourire\u00a0: \u00ab\u00a0C\u2019est comme pour un mariage, ouverture pluvieuse, ouverture heureuse\u00a0!\u00a0\u00bb.<\/p>\n<p>Il garde n\u00e9anmoins un \u0153il sur la m\u00e9t\u00e9o, le beau temps est annonc\u00e9 ce week-end et devrait inciter les familles \u00e0 sortir\u2026<\/p>\n<p>\u00ab\u00a0C\u2019est trop chouette, on l\u2019attendait depuis longtemps\u00a0\u00bb<\/p>\n<p>Dans le restaurant, les commandes s\u2019encha\u00eenent, les gens sont impatients de mordre dans leur premier burger de la marque, \u00e0 Firminy\u2026 \u00ab\u00a0C\u2019est trop chouette, on l\u2019attendait depuis longtemps, l\u00e2che Martine, on en avait marre d\u2019aller tout le temps \u00e0 Villars. \u00bb<\/p>\n<p>Un discours partag\u00e9 par de nombreux visiteurs du jour, \u00ab\u00a0on conna\u00eet les produits, on adore. Maintenant qu\u2019ils sont \u00e0 Firminy, \u00e7a sera trop pratique\u00a0\u00bb.<\/p>\n<p>M\u00eame si, \u00e0 midi, \u00ab\u00a0ce n\u2019est pas le feu\u00a0\u00bb reconna\u00eet un membre du staff, les gens continuent de pousser la porte. \u00ab Il y aura plus de monde ce soir, c\u2019est normal, les gens travaillent\u00a0\u00bb\u2026<\/p>\n<p>Chez Burger King, quand on parle fr\u00e9quentation, on parle en \u00ab\u00a0tickets\u00a0de caisse\u00a0\u00bb. Pour un restaurant comme Firminy, une journ\u00e9e type, c\u2019est entre autour de 1\u00a0000 tickets\u00a0: \u00ab\u00a0Entre 800 et 1 200, mais chaque ticket peut bien s\u00fbr concerner plusieurs personnes. \u00bb<\/p>\n<p>  Inaugur\u00e9 mardi soir, service \u00e0 blanc mercredi midi<\/p>\n<p>Le restaurant, officiellement inaugur\u00e9 mardi soir, a fait un premier service mercredi midi. Pour certains privil\u00e9gi\u00e9s, et sur invitation. Une fa\u00e7on de tester les machines, s\u2019assurer que tout fonctionne bien et de se jeter dans le grand bain pour les tout nouveaux \u00e9quipiers de la marque. \u00ab\u00a0Le personnel se rode \u00e0 ce nouvel univers\u00a0\u00bb explique <a href=\"https:\/\/www.leprogres.fr\/economie\/2024\/09\/06\/burger-king-ouvre-jeudi-prochain-dans-l-ancien-quick-du-rond-point\" target=\"_blank\" rel=\"nofollow noopener\">C\u00e9dric Arghittu<\/a>. \u00ab\u00a0C\u2019est un jour important pour g\u00e9rer la technique mais aussi le flux de commandes. Avant l\u2019ouverture, on a fait un briefing, pour rassurer les \u00e9quipes, on sent tout le monde un peu stress\u00e9\u00a0\u00bb.<\/p>\n<p>Pour <a href=\"https:\/\/www.leprogres.fr\/economie\/2025\/04\/19\/burger-king-debarque-zone-des-prairies-et-mise-deja-sur-une-tres-grosse-frequentation\" target=\"_blank\" rel=\"nofollow noopener\">ce restaurant<\/a>, une grande op\u00e9ration de recrutement a \u00e9t\u00e9 men\u00e9e en collaboration avec France Travail et quelque 70 personnes ont \u00e9t\u00e9 embauch\u00e9es en CDI. Avec des possibilit\u00e9s d\u2019\u00e9volution pour les \u00e9quipiers\u00a0: \u00ab\u00a0C\u2019est la force de la marque, on a toujours \u00e7a en t\u00eate, on d\u00e9tecte les talents. C\u2019est surtout le savoir-\u00eatre et la motivation qui priment, les comp\u00e9tences, elles s\u2019apprennent\u00a0\u00bb.<\/p>\n<p>  Une cha\u00eene de fast-food qui appartient \u00e0 un groupe fran\u00e7ais<\/p>\n<p>Et, d\u2019ailleurs, en ce premier jour, il n\u2019est pas encore facile, pour certains, de porter des plateaux bien garnis, avec de grands verres un peu tremblotants, tout en slalomant autour des clients\u2026 On pourrait presque entendre le \u00ab\u00a0ouf\u00a0\u00bb de soulagement quand la commande arrive, enti\u00e8re, sur la table\u00a0!<\/p>\n<p>\u00ab\u00a0C\u2019est une question de jours\u00a0\u00bb, lance, amus\u00e9, un observateur attabl\u00e9 devant son <a href=\"https:\/\/www.leprogres.fr\/france-monde\/2019\/04\/03\/burger-king-teste-un-whopper-vegetarien\" target=\"_blank\" rel=\"nofollow noopener\">whopper<\/a> et ses onion rings. Cet Appelou, qui habite tout pr\u00e8s et pr\u00e9voit d\u00e9j\u00e0 de venir r\u00e9guli\u00e8rement, conna\u00eet bien la marque, les produits, les diff\u00e9rents sandwiches.<\/p>\n<p>Mais pourtant, il ne sait pas que, Burger King, c\u2019est une entreprise fran\u00e7aise avec, aux manettes, le groupe Bertrand qui a rachet\u00e9 en 2015 la cha\u00eene de fast-food cr\u00e9\u00e9e aux \u00c9tats-Unis en 1954.<\/p>\n<p>  Bient\u00f4t un burger st\u00e9phanois\u00a0?<\/p>\n<p>Si c\u2019est la carte et les produits qui attirent et fid\u00e9lisent les clients, c\u2019est aussi, estime le boss C\u00e9dric Arghittu, parce que \u00ab\u00a0huit ingr\u00e9dients sur dix proviennent de l\u2019agriculture fran\u00e7aise, c\u2019est l\u2019ADN de la marque\u00a0\u00bb. D\u2019o\u00f9 la volont\u00e9 aussi de l\u2019enseigne de d\u00e9velopper des produits territoriaux dans sa gamme Master.<\/p>\n<p>\u00ab \u00c0 quand le burger st\u00e9phanois avec des r\u00e2p\u00e9es et de la fourme de Montbrison\u00a0?\u00a0\u00bb lance-t-il, tr\u00e8s s\u00e9rieux, \u00ab\u00a0on y pense, il est important de se d\u00e9marquer dans les r\u00e9gions. C\u2019est une vraie adaptation fran\u00e7aise et nous, les franchis\u00e9s, nous sommes des entrepreneurs locaux\u00a0\u00bb.<\/p>\n<p>Le tout, bien s\u00fbr, sans oublier son c\u0153ur de cible\u00a0: les familles. \u00ab\u00a0C\u2019est pour \u00e7a que nous maintenons des prix accessibles, avec des menus enfants, des menus \u00e0 5 euros,\u00a0etc. Et si le jeudi midi n\u2019est pas le meilleur jour pour un d\u00e9jeuner familial, il y a fort \u00e0 parier que ce week-end, les familles vont affluer.<\/p>\n","protected":false},"excerpt":{"rendered":"Il a le sourire, C\u00e9dric Arghittu. Malgr\u00e9 le stress et la fatigue. \u00ab\u00a0On sent qu\u2019il y a une&hellip;\n","protected":false},"author":2,"featured_media":121428,"comment_status":"","ping_status":"","sticky":false,"template":"","format":"standard","meta":{"footnotes":""},"categories":[9653],"tags":[1111,11,2430,4406,33,7539,1777,674,10282,10283,1011,27,12,25,4001],"class_list":{"0":"post-121427","1":"post","2":"type-post","3":"status-publish","4":"format-standard","5":"has-post-thumbnail","7":"category-saint-etienne","8":"tag-actu","9":"tag-actualites","10":"tag-auvergne-rhone-alpes","11":"tag-commerce-et-services","12":"tag-economie","13":"tag-edition-loire-sud","14":"tag-eu","15":"tag-europe","16":"tag-firminy","17":"tag-firminy-ville","18":"tag-fr","19":"tag-france","20":"tag-news","21":"tag-republique-francaise","22":"tag-saint-etienne"},"share_on_mastodon":{"url":"https:\/\/pubeurope.com\/@fr\/114555987144313018","error":""},"_links":{"self":[{"href":"https:\/\/www.europesays.com\/fr\/wp-json\/wp\/v2\/posts\/121427","targetHints":{"allow":["GET"]}}],"collection":[{"href":"https:\/\/www.europesays.com\/fr\/wp-json\/wp\/v2\/posts"}],"about":[{"href":"https:\/\/www.europesays.com\/fr\/wp-json\/wp\/v2\/types\/post"}],"author":[{"embeddable":true,"href":"https:\/\/www.europesays.com\/fr\/wp-json\/wp\/v2\/users\/2"}],"replies":[{"embeddable":true,"href":"https:\/\/www.europesays.com\/fr\/wp-json\/wp\/v2\/comments?post=121427"}],"version-history":[{"count":0,"href":"https:\/\/www.europesays.com\/fr\/wp-json\/wp\/v2\/posts\/121427\/revisions"}],"wp:featuredmedia":[{"embeddable":true,"href":"https:\/\/www.europesays.com\/fr\/wp-json\/wp\/v2\/media\/121428"}],"wp:attachment":[{"href":"https:\/\/www.europesays.com\/fr\/wp-json\/wp\/v2\/media?parent=121427"}],"wp:term":[{"taxonomy":"category","embeddable":true,"href":"https:\/\/www.europesays.com\/fr\/wp-json\/wp\/v2\/categories?post=121427"},{"taxonomy":"post_tag","embeddable":true,"href":"https:\/\/www.europesays.com\/fr\/wp-json\/wp\/v2\/tags?post=121427"}],"curies":[{"name":"wp","href":"https:\/\/api.w.org\/{rel}","templated":true}]}}