{"id":121434,"date":"2025-05-23T07:36:12","date_gmt":"2025-05-23T07:36:12","guid":{"rendered":"https:\/\/www.europesays.com\/fr\/121434\/"},"modified":"2025-05-23T07:36:12","modified_gmt":"2025-05-23T07:36:12","slug":"et-si-des-centaines-de-varois-etaient-aussi-des-cousins-du-nouveau-pape-leon-xiv","status":"publish","type":"post","link":"https:\/\/www.europesays.com\/fr\/121434\/","title":{"rendered":"Et si des centaines de Varois \u00e9taient aussi des cousins du nouveau pape L\u00e9on XIV?"},"content":{"rendered":"<p>Et si plusieurs centaines de varois \u00e9taient cousins avec le nouveau pape L\u00e9on XIV? <a href=\"http:\/\/www.marcvuillemot.com\/2025\/05\/et-moi-je-suis-le-cousin-du-pape.html\" target=\"_blank\" rel=\"noopener\">Interroge avec fac\u00e9tie l\u2019ancien maire de la Seyne, Marc Vuillemot sur son blog<\/a>\u00a0dans un billet intitul\u00e9 \u00ab\u00a0C\u2019est cela\u2026 Et moi, je suis le cousin du pape!\u00a0\u00bb Joignant sa voix \u00e0 celles des dizaines de g\u00e9n\u00e9alogistes amateur qui se passionnent depuis son \u00e9lection par la biographie et les lointaines ramifications du cousinage du pr\u00e9lat, il affirme que c\u2019est au moins le cas pour un Seynois, l\u2019auteur Marc Vuillemot lui m\u00eame.<\/p>\n<p>\u00ab\u00a0C\u2019est en les comparant \u00e0 ma g\u00e9n\u00e9alogie que j\u2019ai d\u00e9couvert qu\u2019au moins huit de mes anc\u00eatres \u00e9taient fr\u00e8res ou s\u0153urs d\u2019anc\u00eatres du boss des cathos. Deux des arri\u00e8res-grands-parents de Robert Francis Prevost [&#8230;] \u00e9taient en effet d\u2019origine proven\u00e7ale\u00a0\u00bb, \u00e9crit-il, renvoyant \u00e0 un article paru dans Var-matin ce dimanche 18 mai intitul\u00e9 <a href=\"https:\/\/www.varmatin.com\/religion\/un-pharmacien-de-carces-sur-les-traces-de-laieul-varois-du-pape-leon-xiv-986314\" target=\"_blank\" rel=\"noopener\">Sur les traces de l\u2019a\u00efeul varois du pape L\u00e9on XIV.<\/a><\/p>\n<p>                                <strong>3.000 cousins aux alentours des berceaux de la famille proven\u00e7ale de L\u00e9on XIV<\/strong><\/p>\n<p>Remontant dans le d\u00e9tail de sa g\u00e9n\u00e9alogie jusqu\u2019aux 13e et 14e g\u00e9n\u00e9rations pour appuyer sa parent\u00e9 papale, l\u2019ancien professeur de math\u00e9matique va plus loin. \u00ab\u00a0Et nous devons \u00eatre plusieurs centaines voire des milliers de Varois et proven\u00e7aux \u00e0 \u00eatre cousin du cur\u00e9-en-en-chef de Rome, calcule-t-il. <strong>Nous serions tout de m\u00eame aujourd\u2019hui 6.000 cousins<\/strong> <strong>issus de la 8e g\u00e9n\u00e9ration des trois anc\u00eatres proven\u00e7aux du pape<\/strong> [&#8230;] nous devrions bien encore \u00eatre <strong>3.000 cousins \u00e0 vivre aux alentours des berceaux de la famille proven\u00e7ale de L\u00e9on XIV\u00a0\u00bb<\/strong><strong>.<\/strong><\/p>\n<p>Marc Vuillemot conclut avec humour: \u00ab\u00a0En tout cas, la preuve est faite avec moi que l\u2019app\u00e9tence \u00e0 la religion du gouverneur des bigots &#8211; et s\u00fbrement aux autres religions &#8211; ne se transmet pas par les g\u00e8nes\u2026\u00a0\u00bb, avant de lister en lien avec des communes, plusieurs noms de familles dont les d\u00e9tenteurs pourraient \u00eatre apparent\u00e9s \u00e0 L\u00e9on XIV dont il esp\u00e8re \u00ab\u00a0s\u2019il passe dans le coin, qu\u2019il nous conviera \u00e0 une cousinade bien dot\u00e9e de production du terroir proven\u00e7al\u00a0\u00bb.\u00a0<\/p>\n","protected":false},"excerpt":{"rendered":"Et si plusieurs centaines de varois \u00e9taient cousins avec le nouveau pape L\u00e9on XIV? Interroge avec fac\u00e9tie l\u2019ancien&hellip;\n","protected":false},"author":2,"featured_media":121435,"comment_status":"","ping_status":"","sticky":false,"template":"","format":"standard","meta":{"footnotes":""},"categories":[9619],"tags":[1111,11,1777,674,332,1011,27,937,12,882,4020,25,2310,3366],"class_list":{"0":"post-121434","1":"post","2":"type-post","3":"status-publish","4":"format-standard","5":"has-post-thumbnail","7":"category-toulon","8":"tag-actu","9":"tag-actualites","10":"tag-eu","11":"tag-europe","12":"tag-faits-de-societe","13":"tag-fr","14":"tag-france","15":"tag-histoire","16":"tag-news","17":"tag-provence-alpes-cote-dazur","18":"tag-religion","19":"tag-republique-francaise","20":"tag-toulon","21":"tag-vie-locale"},"share_on_mastodon":{"url":"https:\/\/pubeurope.com\/@fr\/114556002927766314","error":""},"_links":{"self":[{"href":"https:\/\/www.europesays.com\/fr\/wp-json\/wp\/v2\/posts\/121434","targetHints":{"allow":["GET"]}}],"collection":[{"href":"https:\/\/www.europesays.com\/fr\/wp-json\/wp\/v2\/posts"}],"about":[{"href":"https:\/\/www.europesays.com\/fr\/wp-json\/wp\/v2\/types\/post"}],"author":[{"embeddable":true,"href":"https:\/\/www.europesays.com\/fr\/wp-json\/wp\/v2\/users\/2"}],"replies":[{"embeddable":true,"href":"https:\/\/www.europesays.com\/fr\/wp-json\/wp\/v2\/comments?post=121434"}],"version-history":[{"count":0,"href":"https:\/\/www.europesays.com\/fr\/wp-json\/wp\/v2\/posts\/121434\/revisions"}],"wp:featuredmedia":[{"embeddable":true,"href":"https:\/\/www.europesays.com\/fr\/wp-json\/wp\/v2\/media\/121435"}],"wp:attachment":[{"href":"https:\/\/www.europesays.com\/fr\/wp-json\/wp\/v2\/media?parent=121434"}],"wp:term":[{"taxonomy":"category","embeddable":true,"href":"https:\/\/www.europesays.com\/fr\/wp-json\/wp\/v2\/categories?post=121434"},{"taxonomy":"post_tag","embeddable":true,"href":"https:\/\/www.europesays.com\/fr\/wp-json\/wp\/v2\/tags?post=121434"}],"curies":[{"name":"wp","href":"https:\/\/api.w.org\/{rel}","templated":true}]}}