{"id":121436,"date":"2025-05-23T07:37:11","date_gmt":"2025-05-23T07:37:11","guid":{"rendered":"https:\/\/www.europesays.com\/fr\/121436\/"},"modified":"2025-05-23T07:37:11","modified_gmt":"2025-05-23T07:37:11","slug":"marc-bonduelle-80-ans-participe-a-la-toulon-provence-regatta-sur-un-bateau-mythique","status":"publish","type":"post","link":"https:\/\/www.europesays.com\/fr\/121436\/","title":{"rendered":"Marc Bonduelle, 80 ans, participe \u00e0 la Toulon Provence regatta sur un bateau mythique"},"content":{"rendered":"<p>\u00ab\u00a0J\u2019ai fait toute ma vie sur des bateaux mais je n\u2019en ai jamais poss\u00e9d\u00e9 aucun\u00a0\u00bb, raconte avec le sourire Marc Bonduelle. Pour ce Breton d\u2019origine, la vie n\u2019a jamais \u00e9t\u00e9 une question de moyens, mais de passion. Initi\u00e9 \u00e0 10 ans par son grand-p\u00e8re dans une \u00e9cole de voile au Pouliguen, il remporte sa premi\u00e8re course \u00e0 13 ans.<\/p>\n<p>Son premier grand tournant? La coupe de l\u2019America dans les ann\u00e9es soixante-dix. \u00ab\u00a0J\u2019ai eu l\u2019opportunit\u00e9 de faire la premi\u00e8re avec France (le bateau) et je n\u2019ai jamais d\u00e9croch\u00e9\u00a0\u00bb. Pendant dix ans, il navigue aux c\u00f4t\u00e9s du Baron Bich, cr\u00e9ateur du c\u00e9l\u00e8bre stylo BIC, puis de la famille Rothschild, avant de devenir skipper pour des propri\u00e9taires fortun\u00e9s. \u00ab\u00a0Moi c\u2019est le BDA: le Bateau Des Autres \u00ab\u00a0, plaisante-t-il. Gr\u00e2ce \u00e0 cette technique, il skippe \u00a0\u00bb certains des plus beaux voiliers du monde\u00a0\u00bb, dont un 104 pieds (1) en aluminium, construit pour la famille Bich.<\/p>\n<p>\u00ab\u00a0M\u00e9thode, pr\u00e9cision et discipline\u00a0\u00bb<\/p>\n<p>Pour Marc, naviguer, c\u2019est d\u2019abord une affaire d\u2019\u00e9quipe: \u00ab\u00a0C\u2019est comme une \u00e9quipe de rugby, si le bateau gagne, c\u2019est tout le monde qui gagne\u00a0\u00bb. C\u2019est aussi une question de rigueur. Si on lui demande les trois qualit\u00e9s que doit avoir un marin, il cite: \u00a0\u00bb MPD: m\u00e9thode, pr\u00e9cision et discipline\u00a0\u00bb, trois mots qui lui viennent du Baron Bich et qui sont grav\u00e9s dans le bateau.<\/p>\n<p>La mer, il l\u2019a v\u00e9cue dans toute sa force, parfois brutale. Il se souvient d\u2019une nuit entre Rabat et Casablanca, avec 50 n\u0153uds (2) de vent et des vagues gigantesques. \u00ab\u00a0Deux bateaux amis ont \u00e9t\u00e9 couch\u00e9s par les vagues. Moi je suis rest\u00e9 r\u00e9veill\u00e9 toute la nuit pour rester loin de la c\u00f4te\u00a0\u00bb. Tr\u00e8s proche de son bateau, il compare leur relation, \u00e0 celle avec une femme: \u00ab\u00a0Si tu ne t\u2019en occupes pas, tu vas avoir des soucis.\u00a0\u00bb<\/p>\n<p>Toujours \u00e0 flot<\/p>\n<p>Aujourd\u2019hui encore, il soigne chaque d\u00e9tail. Il commence ses journ\u00e9es par de la gymnastique et ne part jamais en mer le ventre vide. Il a m\u00eame r\u00e9cemment chang\u00e9 les verres de ses lunettes pour prot\u00e9ger ses yeux clairs du soleil. \u00ab\u00a0Une bonne paire de lunettes, c\u2019est aussi important que les voiles\u00a0\u00bb, assure-t-il.<\/p>\n<p>Quand on lui demande ce qui le pousse encore \u00e0 r\u00e9gater \u00e0 80 ans, il r\u00e9pond simplement: \u00a0\u00bb le plaisir de naviguer\u00a0\u00bb. Et les souvenirs continuent de s\u2019ajouter. Comme cette travers\u00e9e de l\u2019Atlantique escort\u00e9e par une orque pendant deux heures, \u00e0 craindre \u00ab\u00a0qu\u2019elle nous donne un coup de queue dans le safran\u00a0\u00bb, ou cette r\u00e9gate \u00e0 Gen\u00e8ve o\u00f9 il termine deuxi\u00e8me, devant le pr\u00e9sident du Yacht-club local.<\/p>\n<p>Dans l\u2019\u00e9quipage qui navigue avec lui, beaucoup le d\u00e9crivent comme un homme \u00ab\u00a0passionn\u00e9 \u00ab\u00a0, qui \u00a0\u00bb fait corps avec le bateau\u00a0\u00bb, avec un petit c\u00f4t\u00e9 \u00ab\u00a0paternel, il adore transmettre, nous parler de l\u2019histoire du bateau\u00a0\u00bb.<\/p>\n<p>1. Un peu plus de 30m\u00e8tres.<\/p>\n<p>2. Environ 92km\/h.<\/p>\n<p>            Le programme du week-end<\/p>\n<p>Du vendredi 23 au dimanche 25 mai, la rade de Toulon accueille trois jours de r\u00e9gates. Les courses d\u00e9buteront \u00e0 partir de 10h, sous r\u00e9serve des conditions m\u00e9t\u00e9o. Pour profiter au mieux du spectacle, il est recommand\u00e9 de se munir de jumelles et de se rendre du c\u00f4t\u00e9 du fort Saint-Louis.<\/p>\n<p>Tous les soirs d\u00e8s 17h30, les voiliers seront accessibles au public pour des visites gratuites. Attention, l\u2019inscription en ligne (toulonprovenceregatta.fr) est obligatoire pour y participer.<\/p>\n<p>Samedi 24 mai, de nombreuses animations gratuites auront lieu sur les plages du Mourillon: cano\u00eb, paddle, aviron de mer, d\u00e9couverte de voile miniature. \u00c0 14h, rendez-vous \u00e0 l\u2019anse du Lido pour s\u2019initier au pilotage de voiliers radiocommand\u00e9s.<\/p>\n","protected":false},"excerpt":{"rendered":"\u00ab\u00a0J\u2019ai fait toute ma vie sur des bateaux mais je n\u2019en ai jamais poss\u00e9d\u00e9 aucun\u00a0\u00bb, raconte avec le&hellip;\n","protected":false},"author":2,"featured_media":121437,"comment_status":"","ping_status":"","sticky":false,"template":"","format":"standard","meta":{"footnotes":""},"categories":[9619],"tags":[1111,11,1777,674,1011,27,12,882,25,2310,3366],"class_list":{"0":"post-121436","1":"post","2":"type-post","3":"status-publish","4":"format-standard","5":"has-post-thumbnail","7":"category-toulon","8":"tag-actu","9":"tag-actualites","10":"tag-eu","11":"tag-europe","12":"tag-fr","13":"tag-france","14":"tag-news","15":"tag-provence-alpes-cote-dazur","16":"tag-republique-francaise","17":"tag-toulon","18":"tag-vie-locale"},"share_on_mastodon":{"url":"https:\/\/pubeurope.com\/@fr\/114556006798931940","error":""},"_links":{"self":[{"href":"https:\/\/www.europesays.com\/fr\/wp-json\/wp\/v2\/posts\/121436","targetHints":{"allow":["GET"]}}],"collection":[{"href":"https:\/\/www.europesays.com\/fr\/wp-json\/wp\/v2\/posts"}],"about":[{"href":"https:\/\/www.europesays.com\/fr\/wp-json\/wp\/v2\/types\/post"}],"author":[{"embeddable":true,"href":"https:\/\/www.europesays.com\/fr\/wp-json\/wp\/v2\/users\/2"}],"replies":[{"embeddable":true,"href":"https:\/\/www.europesays.com\/fr\/wp-json\/wp\/v2\/comments?post=121436"}],"version-history":[{"count":0,"href":"https:\/\/www.europesays.com\/fr\/wp-json\/wp\/v2\/posts\/121436\/revisions"}],"wp:featuredmedia":[{"embeddable":true,"href":"https:\/\/www.europesays.com\/fr\/wp-json\/wp\/v2\/media\/121437"}],"wp:attachment":[{"href":"https:\/\/www.europesays.com\/fr\/wp-json\/wp\/v2\/media?parent=121436"}],"wp:term":[{"taxonomy":"category","embeddable":true,"href":"https:\/\/www.europesays.com\/fr\/wp-json\/wp\/v2\/categories?post=121436"},{"taxonomy":"post_tag","embeddable":true,"href":"https:\/\/www.europesays.com\/fr\/wp-json\/wp\/v2\/tags?post=121436"}],"curies":[{"name":"wp","href":"https:\/\/api.w.org\/{rel}","templated":true}]}}