{"id":121440,"date":"2025-05-23T07:40:09","date_gmt":"2025-05-23T07:40:09","guid":{"rendered":"https:\/\/www.europesays.com\/fr\/121440\/"},"modified":"2025-05-23T07:40:09","modified_gmt":"2025-05-23T07:40:09","slug":"en-seine-maritime-cette-longere-normande-mise-en-vente-aux-encheres-a-partir-de-5000-euros","status":"publish","type":"post","link":"https:\/\/www.europesays.com\/fr\/121440\/","title":{"rendered":"En Seine-Maritime, cette long\u00e8re normande mise en vente aux ench\u00e8res \u00e0 partir de 5000 euros"},"content":{"rendered":"<p>            Par<br \/>\n        <strong><br \/>\n            <a href=\"https:\/\/actu.fr\/auteur\/adrien-filoche\" title=\"Consulter tous les articles de Adrien Filoche\" rel=\"nofollow noopener\" target=\"_blank\">Adrien Filoche<\/a><br \/>\n        <\/strong><\/p>\n<p>        Publi\u00e9 le<\/p>\n<p>            23 mai 2025 \u00e0 7h06        <\/p>\n<p><strong>La bonne affaire\u2009?<\/strong> Une<strong> long\u00e8re normande<\/strong> a \u00e9t\u00e9 mise aux ench\u00e8res par le tribunal judiciaire du\u00a0<a href=\"https:\/\/actu.fr\/normandie\/le-havre_76351\" rel=\"nofollow noopener\" target=\"_blank\">Havre (Seine-Maritime)<\/a>. La vente sera effectu\u00e9e le jeudi 26\u00a0juin 2025 dans les locaux du palais de justice de la cit\u00e9 Oc\u00e9ane. Le prix de d\u00e9part a \u00e9t\u00e9 fix\u00e9 \u00e0 <strong>5000 euros.<\/strong><\/p>\n<p>Une long\u00e8re normande \u00e0 vendre \u00e0 partir de 5000 euros<\/p>\n<p class=\" wall-content\">La b\u00e2tisse, ancienne, se trouve sur le hameau Masson \u00e0 Envronville, non loin de la commune d\u2019Yvetot. Elle est vendue avec <strong>un jardin.<\/strong><\/p>\n<p class=\" wall-content\">Sur les caract\u00e9ristiques du bien, il est indiqu\u00e9 que la surface habitable est d\u2019environ 75 m\u00b2, tandis que l\u2019habitation comporte <strong>quatre chambres.<\/strong><\/p>\n<p class=\" wall-content\">Au rez-de-chauss\u00e9e, on retrouve la cuisine, le salon, une salle de douche, les toilettes, ainsi qu\u2019une chambre. Les trois autres chambres se situent au premier \u00e9tage.<\/p>\n<p class=\" wall-content\">\u00ab\u2009La petite partie droite couverte en ardoises s\u2019effondre et n\u2019est pas habitable. Un jardin avec des cabanons compl\u00e8te le lot. Les lieux sont inoccup\u00e9s\u2009\u00bb, pr\u00e9cise le site ench\u00e8res-publique.com.<\/p>\n<p>Toutes les informations de la vente \u00e0 retrouver sur le site <a href=\"https:\/\/www.encheres-publiques.com\/encheres\/immobilier\/maisons\/envronville-76\/une-longere-normande-avec-jardin-situee-hameau-masson-envronville_117254\" rel=\"nofollow noopener\" target=\"_blank\">ench\u00e8respublique.com<\/a><br \/>\nSuivez l\u2019actualit\u00e9 de <a href=\"https:\/\/www.whatsapp.com\/channel\/0029VaKfnf99hXF2ddApFB1D\" rel=\"nofollow noopener\" target=\"_blank\">Rouen<\/a> et du\u00a0<a href=\"https:\/\/www.whatsapp.com\/channel\/0029VaFqJYE8aKvLBwVrEe0o\" rel=\"nofollow noopener\" target=\"_blank\">Havre<\/a> sur nos cha\u00eenes WhatsApp et sur <a href=\"https:\/\/www.tiktok.com\/@76actu.fr?lang=fr\" rel=\"nofollow noopener\" target=\"_blank\">notre compte TikTok<\/a>Vid\u00e9os : en ce moment sur Actu<\/p>\n<p class=\" wall-content\">Suivez toute l\u2019actualit\u00e9 de vos villes et m\u00e9dias favoris en vous inscrivant \u00e0 <a href=\"https:\/\/moncompte.actu.fr\" title=\"D\u00e9couvez Mon Actu\" rel=\"nofollow noopener\" data-trk=\"{&quot;cta&quot;:{&quot;action&quot;:&quot;https:\\\/\\\/moncompte.actu.fr&quot;,&quot;category&quot;:&quot;mon compte&quot;,&quot;from&quot;:&quot;article footer&quot;,&quot;name&quot;:&quot;Mon actu&quot;,&quot;type&quot;:&quot;cta&quot;}}\" target=\"_blank\">Mon Actu<\/a>.<\/p>\n<ul class=\"ac-article-tag wall-content\">\n<li><a href=\"https:\/\/actu.fr\/tag\/tribunal-du-havre\" data-trk=\"{&quot;cta&quot;:{&quot;action&quot;:&quot;Tribunal du Havre&quot;,&quot;category&quot;:&quot;tag&quot;,&quot;from&quot;:&quot;article footer&quot;,&quot;name&quot;:&quot;Tribunal du Havre&quot;,&quot;type&quot;:&quot;cta&quot;}}\" rel=\"nofollow noopener\" target=\"_blank\">#Tribunal du Havre<\/a><\/li>\n<li><a href=\"https:\/\/actu.fr\/tag\/vente-en-ligne\" data-trk=\"{&quot;cta&quot;:{&quot;action&quot;:&quot;Vente en ligne&quot;,&quot;category&quot;:&quot;tag&quot;,&quot;from&quot;:&quot;article footer&quot;,&quot;name&quot;:&quot;Vente en ligne&quot;,&quot;type&quot;:&quot;cta&quot;}}\" rel=\"nofollow noopener\" target=\"_blank\">#Vente en ligne<\/a><\/li>\n<\/ul>\n<p>                    <script async src=\"\/\/www.tiktok.com\/embed.js\"><\/script><\/p>\n","protected":false},"excerpt":{"rendered":"Par Adrien Filoche Publi\u00e9 le 23 mai 2025 \u00e0 7h06 La bonne affaire\u2009? Une long\u00e8re normande a \u00e9t\u00e9&hellip;\n","protected":false},"author":2,"featured_media":121441,"comment_status":"","ping_status":"","sticky":false,"template":"","format":"standard","meta":{"footnotes":""},"categories":[9587],"tags":[1111,11,33,1777,674,1011,27,12,5161,25,9590,24304,22909],"class_list":{"0":"post-121440","1":"post","2":"type-post","3":"status-publish","4":"format-standard","5":"has-post-thumbnail","7":"category-rouen","8":"tag-actu","9":"tag-actualites","10":"tag-economie","11":"tag-eu","12":"tag-europe","13":"tag-fr","14":"tag-france","15":"tag-news","16":"tag-normandie","17":"tag-republique-francaise","18":"tag-rouen","19":"tag-tribunal-du-havre","20":"tag-vente-en-ligne"},"share_on_mastodon":{"url":"https:\/\/pubeurope.com\/@fr\/114556018724766227","error":""},"_links":{"self":[{"href":"https:\/\/www.europesays.com\/fr\/wp-json\/wp\/v2\/posts\/121440","targetHints":{"allow":["GET"]}}],"collection":[{"href":"https:\/\/www.europesays.com\/fr\/wp-json\/wp\/v2\/posts"}],"about":[{"href":"https:\/\/www.europesays.com\/fr\/wp-json\/wp\/v2\/types\/post"}],"author":[{"embeddable":true,"href":"https:\/\/www.europesays.com\/fr\/wp-json\/wp\/v2\/users\/2"}],"replies":[{"embeddable":true,"href":"https:\/\/www.europesays.com\/fr\/wp-json\/wp\/v2\/comments?post=121440"}],"version-history":[{"count":0,"href":"https:\/\/www.europesays.com\/fr\/wp-json\/wp\/v2\/posts\/121440\/revisions"}],"wp:featuredmedia":[{"embeddable":true,"href":"https:\/\/www.europesays.com\/fr\/wp-json\/wp\/v2\/media\/121441"}],"wp:attachment":[{"href":"https:\/\/www.europesays.com\/fr\/wp-json\/wp\/v2\/media?parent=121440"}],"wp:term":[{"taxonomy":"category","embeddable":true,"href":"https:\/\/www.europesays.com\/fr\/wp-json\/wp\/v2\/categories?post=121440"},{"taxonomy":"post_tag","embeddable":true,"href":"https:\/\/www.europesays.com\/fr\/wp-json\/wp\/v2\/tags?post=121440"}],"curies":[{"name":"wp","href":"https:\/\/api.w.org\/{rel}","templated":true}]}}