{"id":121442,"date":"2025-05-23T07:41:08","date_gmt":"2025-05-23T07:41:08","guid":{"rendered":"https:\/\/www.europesays.com\/fr\/121442\/"},"modified":"2025-05-23T07:41:08","modified_gmt":"2025-05-23T07:41:08","slug":"fete-du-velo-concert-tribute-oasis-festival-dantiquites-que-faire-a-rouen-ce-week-end","status":"publish","type":"post","link":"https:\/\/www.europesays.com\/fr\/121442\/","title":{"rendered":"F\u00eate du v\u00e9lo, concert tribute Oasis, festival d&rsquo;antiquit\u00e9s&#8230; Que faire \u00e0 Rouen ce week-end\u00a0?"},"content":{"rendered":"<p>            Par<br \/>\n        <strong><br \/>\n            <a href=\"https:\/\/actu.fr\/auteur\/fmass\" title=\"Consulter tous les articles de Fabien Massin\" target=\"_blank\" rel=\"noopener\">Fabien Massin<\/a><br \/>\n        <\/strong><\/p>\n<p>        Publi\u00e9 le<\/p>\n<p>            23 mai 2025 \u00e0 9h11        <\/p>\n<p>Vous \u00eates \u00e0 <a href=\"https:\/\/actu.fr\/normandie\/rouen_76540\" target=\"_blank\" rel=\"noopener\">Rouen (Seine-Maritime)<\/a> en cet avant-dernier week-end de mai 2025 ? Parfait, le temps devrait \u00eatre cl\u00e9ment et il y a de quoi faire pour s\u2019occuper, seul, en famille ou entre amis.<strong> Voici quelques id\u00e9es de sorties<\/strong> dans l\u2019agglo rouennaise samedi 24 et dimanche 25 mai.\u00a0<\/p>\n<p>D\u00e9nicher un bon v\u00e9lo<\/p>\n<p class=\" wall-content\">C\u2019est la f\u00eate du v\u00e9lo, avec la deuxi\u00e8me \u00e9dition du <a href=\"https:\/\/actu.fr\/normandie\/rouen_76540\/reparations-gratuites-parade-festive-challenges-voici-la-deuxieme-fete-du-velo-de-rouen_62669771.html\" target=\"_blank\" rel=\"noopener\">festival Roule !<\/a> Au programme : parade festive, r\u00e9parations gratuites, vente de v\u00e9los d\u2019occasion, etc. dans plusieurs lieux de la capitale normande \u00e0 savoir la rue Jeanne-d\u2019Arc, le Mus\u00e9e des beaux-arts, la place Saint-Sever et la presqu\u2019\u00eele Rollet.\u00a0<\/p>\n<p>\u00c9couter des morceaux d\u2019Oasis en live<\/p>\n<p class=\" wall-content\">C\u2019est sans doute l\u2019\u00e9v\u00e9nement le plus attendu chaque ann\u00e9e au Petit-Quevilly.<a href=\"https:\/\/actu.fr\/normandie\/rouen_76540\/spectacle-sport-et-meme-concert-tribute-d-oasis-le-festival-animaijuin-est-de-retour-pres-de-rouen_62669994.html\" target=\"_blank\" rel=\"noopener\"> Le festival Animaijuin<\/a> revient pour une 31e \u00e9dition samedi 24 mai au Parc des Chartreux. Au programme : spectacles vivants, animations, ateliers, musique et feu d\u2019artifice\u2026 Parmi les temps forts attendus : <strong>Whatever, tribute band d\u2019Oasis<\/strong>, offrira un concert rock pour les fans d\u00e9\u00e7us de ne pas avoir eu leurs places pour voir le groupe en vrai, \u00e0 21h30.\u00a0<\/p>\n<p>Participer \u00e0 une f\u00eate imp\u00e9riale<\/p>\n<p class=\" wall-content\">Vous ne le savez peut-\u00eatre pas, mais la petite commune de Val-de-la-Haye a un lien important avec Napol\u00e9on. Et ce week-end des 24 et 25 mai <a href=\"https:\/\/actu.fr\/normandie\/rouen_76540\/ce-weekend-cette-commune-de-l-agglo-de-rouen-attend-des-milliers-de-personnes-pour-une-fete-imperiale_62666179.html\" target=\"_blank\" rel=\"noopener\">sera l\u2019occasion de le c\u00e9l\u00e9brer<\/a>\u2009! En effet, Val-de-la-Haye fait partie du <strong>r\u00e9seau Ville imp\u00e9riale<\/strong>,\u00a0car elle abrite une<a href=\"https:\/\/actu.fr\/normandie\/val-de-la-haye_76717\/connaissez-vous-l-histoire-de-la-colonne-napoleon-pres-de-rouen_41663459.html\" target=\"_blank\" rel=\"noopener\"> Colonne Napol\u00e9on<\/a>, un monument comm\u00e9morant le transbordement des cendres de l\u2019empereur en face de la commune, le 9 d\u00e9cembre 1840. Pour l\u2019occasion, de nombreuses animations sont pr\u00e9vues\u2009: expositions, <strong>reconstitution de batailles<\/strong>, repas sous un chapiteau, cort\u00e8ge, musique, etc.<\/p>\n<p>D\u00e9couvrir des tr\u00e9sors artistiques et historiques<\/p>\n<p class=\" wall-content\">Alerte aux amoureux d\u2019art, d\u2019histoire et d\u2019objets rares. La 4e \u00e9dition du <a href=\"https:\/\/actu.fr\/normandie\/rouen_76540\/c-est-une-fete-conviviale-a-rouen-les-fans-d-antiquites-ont-leur-festival-avec-le-rar-week-end_62672742.html\" target=\"_blank\" rel=\"noopener\">RAR Week-end<\/a> (R\u00e9union des Antiquaires Rouennais) anime Rouen depuis jeudi 22 et jusqu\u2019au dimanche 25 mai. Dans les rues pittoresques du centre historique <strong>\u2014 notamment dans les rues Damiette, Eau-de-Robec, Saint-Romain, d\u2019Amiens, Moli\u00e8re, Victor-Hugo et Martainville \u2014<\/strong>, antiquaires, brocanteurs et galeristes exposent leurs plus belles pi\u00e8ces, dont parfois certaines, tr\u00e8s originales. Enti\u00e8rement gratuite et ouverte \u00e0 tous, cette grande foire aux antiquit\u00e9s r\u00e9unit pas moins de 24 enseignes.<\/p>\n<p>S\u2019immerger dans une yourte \u00e0 l\u2019historial<\/p>\n<p class=\" wall-content\">Cette ann\u00e9e,<a href=\"https:\/\/actu.fr\/normandie\/rouen_76540\/l-historial-jeanne-d-arc-de-rouen-a-10-ans-a-t-il-trouve-son-public_62492097.html\" target=\"_blank\" rel=\"noopener\"> l\u2019Historial Jeanne d\u2019Arc f\u00eate ses 10 ans<\/a>. \u00c0 cette occasion, une programmation sp\u00e9ciale est propos\u00e9e tout au long de l\u2019ann\u00e9e,. \u00c0 partir de samedi 24 mai et jusqu\u2019au 11 juin, une exp\u00e9rience immersive intitul\u00e9e \u00ab\u00a0L\u2019Arbre-Soleil\u00a0\u00bb est en place. \u00ab\u00a0Imagin\u00e9e par Onyo, cette exp\u00e9rience immersive et sensorielle, sans \u00e9cran, invite le public \u00e0 un voyage po\u00e9tique et apaisant, <strong>au c\u0153ur d\u2019une v\u00e9ritable yourte mongole<\/strong>, pr\u00e9sente l\u2019\u00e9quipe de l\u2019Historial. Install\u00e9s confortablement autour de l\u2019Arbre-Soleil, casque sur les oreilles, les visiteurs sont envelopp\u00e9s par les sons, les voix et la lumi\u00e8re. Peu \u00e0 peu, ils plongent dans une for\u00eat luxuriante et participent \u00e0 un rituel visant \u00e0 r\u00e9g\u00e9n\u00e9rer un arbre mill\u00e9naire. \u00ab\u00a0<\/p>\n<p>Vid\u00e9os : en ce moment sur ActuSuivez l\u2019actualit\u00e9 de Rouen sur notre <a href=\"https:\/\/www.whatsapp.com\/channel\/0029VaKfnf99hXF2ddApFB1D\" target=\"_blank\" rel=\"noopener\">cha\u00eene WhatsApp<\/a> et sur notre <a href=\"https:\/\/www.tiktok.com\/@76actu.fr?lang=fr\" target=\"_blank\" rel=\"noopener\">compte TikTok<\/a><\/p>\n<p class=\" wall-content\">Suivez toute l\u2019actualit\u00e9 de vos villes et m\u00e9dias favoris en vous inscrivant \u00e0 <a href=\"https:\/\/moncompte.actu.fr\" title=\"D\u00e9couvez Mon Actu\" rel=\"nofollow noopener\" data-trk=\"{&quot;cta&quot;:{&quot;action&quot;:&quot;https:\\\/\\\/moncompte.actu.fr&quot;,&quot;category&quot;:&quot;mon compte&quot;,&quot;from&quot;:&quot;article footer&quot;,&quot;name&quot;:&quot;Mon actu&quot;,&quot;type&quot;:&quot;cta&quot;}}\" target=\"_blank\">Mon Actu<\/a>.<\/p>\n<p>                    <script async src=\"\/\/www.tiktok.com\/embed.js\"><\/script><\/p>\n","protected":false},"excerpt":{"rendered":"Par Fabien Massin Publi\u00e9 le 23 mai 2025 \u00e0 9h11 Vous \u00eates \u00e0 Rouen (Seine-Maritime) en cet avant-dernier&hellip;\n","protected":false},"author":2,"featured_media":121443,"comment_status":"","ping_status":"","sticky":false,"template":"","format":"standard","meta":{"footnotes":""},"categories":[9587],"tags":[1111,11,1777,674,1011,27,1652,23977,12,5161,23929,25,9590,208],"class_list":{"0":"post-121442","1":"post","2":"type-post","3":"status-publish","4":"format-standard","5":"has-post-thumbnail","7":"category-rouen","8":"tag-actu","9":"tag-actualites","10":"tag-eu","11":"tag-europe","12":"tag-fr","13":"tag-france","14":"tag-loisirs-culture","15":"tag-napoleon","16":"tag-news","17":"tag-normandie","18":"tag-oasis","19":"tag-republique-francaise","20":"tag-rouen","21":"tag-velo"},"share_on_mastodon":{"url":"https:\/\/pubeurope.com\/@fr\/114556022444907205","error":""},"_links":{"self":[{"href":"https:\/\/www.europesays.com\/fr\/wp-json\/wp\/v2\/posts\/121442","targetHints":{"allow":["GET"]}}],"collection":[{"href":"https:\/\/www.europesays.com\/fr\/wp-json\/wp\/v2\/posts"}],"about":[{"href":"https:\/\/www.europesays.com\/fr\/wp-json\/wp\/v2\/types\/post"}],"author":[{"embeddable":true,"href":"https:\/\/www.europesays.com\/fr\/wp-json\/wp\/v2\/users\/2"}],"replies":[{"embeddable":true,"href":"https:\/\/www.europesays.com\/fr\/wp-json\/wp\/v2\/comments?post=121442"}],"version-history":[{"count":0,"href":"https:\/\/www.europesays.com\/fr\/wp-json\/wp\/v2\/posts\/121442\/revisions"}],"wp:featuredmedia":[{"embeddable":true,"href":"https:\/\/www.europesays.com\/fr\/wp-json\/wp\/v2\/media\/121443"}],"wp:attachment":[{"href":"https:\/\/www.europesays.com\/fr\/wp-json\/wp\/v2\/media?parent=121442"}],"wp:term":[{"taxonomy":"category","embeddable":true,"href":"https:\/\/www.europesays.com\/fr\/wp-json\/wp\/v2\/categories?post=121442"},{"taxonomy":"post_tag","embeddable":true,"href":"https:\/\/www.europesays.com\/fr\/wp-json\/wp\/v2\/tags?post=121442"}],"curies":[{"name":"wp","href":"https:\/\/api.w.org\/{rel}","templated":true}]}}