{"id":121446,"date":"2025-05-23T07:45:08","date_gmt":"2025-05-23T07:45:08","guid":{"rendered":"https:\/\/www.europesays.com\/fr\/121446\/"},"modified":"2025-05-23T07:45:08","modified_gmt":"2025-05-23T07:45:08","slug":"la-source-potentielle-de-la-pollution-pas-encore-identifiee","status":"publish","type":"post","link":"https:\/\/www.europesays.com\/fr\/121446\/","title":{"rendered":"la source potentielle de la pollution pas encore identifi\u00e9e"},"content":{"rendered":"<p>            Par<br \/>\n        <strong><br \/>\n            <a href=\"https:\/\/actu.fr\/auteur\/brian-legoff\" title=\"Consulter tous les articles de Brian Le Goff\" target=\"_blank\" rel=\"noopener\">Brian Le Goff<\/a><br \/>\n        <\/strong><\/p>\n<p>        Publi\u00e9 le<\/p>\n<p>            23 mai 2025 \u00e0 9h24        <\/p>\n<p>\u00c0 la tomb\u00e9e de la nuit, jeudi 22\u00a0mai, les <a href=\"https:\/\/actu.fr\/tag\/pompiers\" target=\"_blank\" rel=\"noopener\">pompiers<\/a> sont intervenus \u00e0 c\u00f4t\u00e9 du Pont Malakoff, <strong>pr\u00e8s du Mabilay,<\/strong> dans le centre-ville de <a href=\"https:\/\/actu.fr\/rennes\/\" target=\"_blank\" rel=\"noopener\">Rennes<\/a>, suite \u00e0 une \u00ab\u2009irisation\u2009\u00bb de la <a href=\"https:\/\/actu.fr\/bretagne\/ille-et-vilaine_35\" target=\"_blank\" rel=\"noopener\">Vilaine<\/a>, apprend-on du Codis 35 (centre op\u00e9rationnel d\u00e9partemental d\u2019incendie et de secours\u00a0d\u2019Ille-et-Vilaine).<\/p>\n<p>Pas encore d\u2019analyse de l\u2019eau<\/p>\n<p class=\" wall-content\">Cette irisation veut dire<strong> le cours d\u2019eau a pris les couleurs de l\u2019arc-en-ciel en surface,<\/strong> comme ce que l\u2019on peut observer quand l\u2019eau se m\u00e9lange \u00e0 des hydrocarbures, \u00ab\u2009m\u00eame si, pour l\u2019heure, <strong>aucune analyse de l\u2019eau n\u2019a eu lieu pour d\u00e9finir quel produit<\/strong> a engendr\u00e9 la <a href=\"https:\/\/actu.fr\/pollution\" target=\"_blank\" rel=\"noopener\">pollution\u2009\u00bb<\/a>, continue le Codis.<\/p>\n<p class=\" wall-content\">Les pompiers ont ainsi \u00e9t\u00e9 engag\u00e9s avec la <strong>cellule risque chimique biologique<\/strong>. Ils ont pos\u00e9 des barrages flottants et utilis\u00e9 des <strong>produits absorbants<\/strong>.<\/p>\n<p class=\" wall-content\">De <strong>premi\u00e8res reconnaissances<\/strong> ont eu lieu d\u00e8s jeudi soir, mais <strong>l\u2019obscurit\u00e9 a emp\u00each\u00e9<\/strong> de les poursuivre. De nouveau, les pompiers, avec le service des voies navigables, sont <strong>sur place ce vendredi matin<\/strong> afin de trouver l\u2019origine de la pollution, pas encore identifi\u00e9e.<\/p>\n<p class=\" wall-content\">Suivez toute l\u2019actualit\u00e9 de vos villes et m\u00e9dias favoris en vous inscrivant \u00e0 <a href=\"https:\/\/moncompte.actu.fr\" title=\"D\u00e9couvez Mon Actu\" rel=\"nofollow noopener\" data-trk=\"{&quot;cta&quot;:{&quot;action&quot;:&quot;https:\\\/\\\/moncompte.actu.fr&quot;,&quot;category&quot;:&quot;mon compte&quot;,&quot;from&quot;:&quot;article footer&quot;,&quot;name&quot;:&quot;Mon actu&quot;,&quot;type&quot;:&quot;cta&quot;}}\" target=\"_blank\">Mon Actu<\/a>.<\/p>\n","protected":false},"excerpt":{"rendered":"Par Brian Le Goff Publi\u00e9 le 23 mai 2025 \u00e0 9h24 \u00c0 la tomb\u00e9e de la nuit, jeudi&hellip;\n","protected":false},"author":2,"featured_media":121447,"comment_status":"","ping_status":"","sticky":false,"template":"","format":"standard","meta":{"footnotes":""},"categories":[2821],"tags":[1111,11,829,1777,674,118,1011,27,12,1800,1311,584,25,7009],"class_list":{"0":"post-121446","1":"post","2":"type-post","3":"status-publish","4":"format-standard","5":"has-post-thumbnail","7":"category-rennes","8":"tag-actu","9":"tag-actualites","10":"tag-bretagne","11":"tag-eu","12":"tag-europe","13":"tag-faits-divers","14":"tag-fr","15":"tag-france","16":"tag-news","17":"tag-pollution","18":"tag-pompiers","19":"tag-rennes","20":"tag-republique-francaise","21":"tag-vilaine"},"share_on_mastodon":{"url":"https:\/\/pubeurope.com\/@fr\/114556038234973025","error":""},"_links":{"self":[{"href":"https:\/\/www.europesays.com\/fr\/wp-json\/wp\/v2\/posts\/121446","targetHints":{"allow":["GET"]}}],"collection":[{"href":"https:\/\/www.europesays.com\/fr\/wp-json\/wp\/v2\/posts"}],"about":[{"href":"https:\/\/www.europesays.com\/fr\/wp-json\/wp\/v2\/types\/post"}],"author":[{"embeddable":true,"href":"https:\/\/www.europesays.com\/fr\/wp-json\/wp\/v2\/users\/2"}],"replies":[{"embeddable":true,"href":"https:\/\/www.europesays.com\/fr\/wp-json\/wp\/v2\/comments?post=121446"}],"version-history":[{"count":0,"href":"https:\/\/www.europesays.com\/fr\/wp-json\/wp\/v2\/posts\/121446\/revisions"}],"wp:featuredmedia":[{"embeddable":true,"href":"https:\/\/www.europesays.com\/fr\/wp-json\/wp\/v2\/media\/121447"}],"wp:attachment":[{"href":"https:\/\/www.europesays.com\/fr\/wp-json\/wp\/v2\/media?parent=121446"}],"wp:term":[{"taxonomy":"category","embeddable":true,"href":"https:\/\/www.europesays.com\/fr\/wp-json\/wp\/v2\/categories?post=121446"},{"taxonomy":"post_tag","embeddable":true,"href":"https:\/\/www.europesays.com\/fr\/wp-json\/wp\/v2\/tags?post=121446"}],"curies":[{"name":"wp","href":"https:\/\/api.w.org\/{rel}","templated":true}]}}