{"id":121448,"date":"2025-05-23T07:46:13","date_gmt":"2025-05-23T07:46:13","guid":{"rendered":"https:\/\/www.europesays.com\/fr\/121448\/"},"modified":"2025-05-23T07:46:13","modified_gmt":"2025-05-23T07:46:13","slug":"pfetterhouse-chanteuse-et-cheffe-de-choeur-a-strasbourg-lussi-se-souvient-de-ses-annees-sundgauviennes-2","status":"publish","type":"post","link":"https:\/\/www.europesays.com\/fr\/121448\/","title":{"rendered":"Pfetterhouse. Chanteuse et cheffe de ch\u0153ur \u00e0 Strasbourg, L\u00fcssi se souvient de ses ann\u00e9es sundgauviennes"},"content":{"rendered":"<p>Elle est n\u00e9e \u00e0 Porrentruy mais a grandi \u00e0 Pfetterhouse. Romane Riat, alias L\u00fcssi quand elle rev\u00eat son costume de sc\u00e8ne, a aujourd\u2019hui 21 ans et vit \u00e0 Strasbourg. Teint diaphane et silhouette gracile, elle dirige le ch\u0153ur Uniisson de Strasbourg, soit une quarantaine de choristes amateurs. Elle m\u00e8ne en parall\u00e8le deux projets artistiques\u00a0: L\u00fcssi, o\u00f9 elle chante accompagn\u00e9e du violoncelle de Lison Scherrer et Pr\u00e9ludes, un duo de guitares et de voix.<\/p>\n<p>  Premi\u00e8res sc\u00e8nes avec Music Art System<\/p>\n<p>Sa voie, L\u00fcssi l\u2019a trouv\u00e9e \u00e0 Hirtzbach, aupr\u00e8s d\u2019 <a href=\"http:\/\/www.lalsace.fr\/culture-loisirs\/2023\/11\/26\/la-magie-de-noel-partagee-avec-la-chorale\" target=\"_blank\" rel=\"noopener\">Aur\u00e9lie, sa premi\u00e8re professeure de chant<\/a>, puis \u00e0 Altkirch, avec l\u2019association <a href=\"http:\/\/www.lalsace.fr\/culture-loisirs\/2025\/05\/01\/une-premiere-avec-music-art-system-qui-a-enflamme-le-public\" target=\"_blank\" rel=\"noopener\">Music Art System<\/a>. \u00ab\u00a0Vers 14-15 ans, j\u2019ai rejoint le groupe. On se retrouvait tous les week-ends. On chantait ce qu\u2019on voulait, on se donnait des conseils, c\u2019\u00e9tait vraiment une super ambiance. \u00c0 l\u2019\u00e9poque, \u00e7a m\u2019allait tr\u00e8s bien de chanter pour le plaisir. J\u2019ai arr\u00eat\u00e9 quand je suis partie \u00e9tudier \u00e0 Strasbourg.\u00a0\u00bb<\/p>\n<p>Dans la capitale alsacienne, elle travaille sa voix pendant un an au centre de formation professionnelle de la musique, puis au conservatoire, quatre ans durant. \u00ab\u00a0Depuis 2021, la musique repr\u00e9sente <a href=\"http:\/\/www.lalsace.fr\/culture-loisirs\/2024\/07\/09\/ca-jazz-a-la-petite-france-a-partir-de-vendredi\" target=\"_blank\" rel=\"noopener\">100\u00a0% de mon activit\u00e9<\/a>\u00a0\u00bb, indique la jeune chanteuse, rep\u00e9r\u00e9e et int\u00e9gr\u00e9e en 2024 aux dispositifs d\u2019accompagnement des artistes \u00e9mergents Music &amp; elles (Grand Est) et Op\u00e9ration Iceberg (franco-suisse).<\/p>\n<p>  Sobre et intimiste<\/p>\n<p>La partition pourtant n\u2019\u00e9tait pas \u00e9crite\u00a0: pas de musicien dans la famille et une grande timidit\u00e9 enfant\u00a0: \u00ab\u00a0Je me cachais pour chanter\u00a0\u00bb, confie Romane Riat en riant.<\/p>\n<p>Aujourd\u2019hui, elle voit dans sa pratique du chant \u00ab\u00a0une mani\u00e8re de s\u2019\u00e9vader et de s\u2019exprimer\u00a0\u00bb. Son univers musical, entre luminosit\u00e9 et gravit\u00e9, lui ressemble. \u00ab\u00a0Je dirais que c\u2019est de la chanson fran\u00e7aise ou de la pop francophone, sobre et intimiste. Les sujets sur lesquels j\u2019\u00e9cris sont vari\u00e9s mais ce sont tr\u00e8s souvent des histoires v\u00e9cues. J\u2019ai davantage de facilit\u00e9 \u00e0 composer des m\u00e9lodies qu\u2019\u00e0 \u00e9crire des textes. Pour \u00e7a, j\u2019ai besoin de calme et de verdure, pour me concentrer.\u00a0\u00bb<\/p>\n<p>Le petit s\u00e9jour en famille \u00e0 Pfetterhouse pourrait bien produire de nouvelles compositions, apr\u00e8s un premier album cinq titres, Premi\u00e8res lueurs, sorti en octobre\u00a02024 et une derni\u00e8re chanson en date, Je pleure, diffus\u00e9e depuis avril\u00a02025 sur les plateformes de streaming et les r\u00e9seaux sociaux.<\/p>\n<p>\u00ab\u00a0Aujourd\u2019hui, mon objectif c\u2019est de trouver des dates de concert.\u00a0\u00bb Pour la d\u00e9couvrir, le rendez-vous le plus proche (dans le temps et g\u00e9ographiquement) aura lieu le dimanche 24\u00a0ao\u00fbt \u00e0 la presqu\u2019\u00eele du Malsaucy, dans le Territoire de Belfort.<\/p>\n<p class=\"note\">\u00c0 retrouver sur Facebook, Instagram (lussioff) et \u00e0 \u00e9couter via les plateformes de streaming. Contact\u00a0: lussi.contact@gmail.com<\/p>\n","protected":false},"excerpt":{"rendered":"Elle est n\u00e9e \u00e0 Porrentruy mais a grandi \u00e0 Pfetterhouse. Romane Riat, alias L\u00fcssi quand elle rev\u00eat son&hellip;\n","protected":false},"author":2,"featured_media":121204,"comment_status":"","ping_status":"","sticky":false,"template":"","format":"standard","meta":{"footnotes":""},"categories":[2820],"tags":[1111,11,1687,13971,1777,674,107,1011,27,775,873,12,24295,25,24296,104,640,1631],"class_list":{"0":"post-121448","1":"post","2":"type-post","3":"status-publish","4":"format-standard","5":"has-post-thumbnail","7":"category-strasbourg","8":"tag-actu","9":"tag-actualites","10":"tag-culture-loisirs","11":"tag-edition-sundgau-trois-frontieres","12":"tag-eu","13":"tag-europe","14":"tag-fil-info","15":"tag-fr","16":"tag-france","17":"tag-grand-est","18":"tag-musique","19":"tag-news","20":"tag-pfetterhouse","21":"tag-republique-francaise","22":"tag-secteur-de-hirsingue","23":"tag-societe","24":"tag-strasbourg","25":"tag-vie-associative"},"share_on_mastodon":{"url":"https:\/\/pubeurope.com\/@fr\/114556042266059272","error":""},"_links":{"self":[{"href":"https:\/\/www.europesays.com\/fr\/wp-json\/wp\/v2\/posts\/121448","targetHints":{"allow":["GET"]}}],"collection":[{"href":"https:\/\/www.europesays.com\/fr\/wp-json\/wp\/v2\/posts"}],"about":[{"href":"https:\/\/www.europesays.com\/fr\/wp-json\/wp\/v2\/types\/post"}],"author":[{"embeddable":true,"href":"https:\/\/www.europesays.com\/fr\/wp-json\/wp\/v2\/users\/2"}],"replies":[{"embeddable":true,"href":"https:\/\/www.europesays.com\/fr\/wp-json\/wp\/v2\/comments?post=121448"}],"version-history":[{"count":0,"href":"https:\/\/www.europesays.com\/fr\/wp-json\/wp\/v2\/posts\/121448\/revisions"}],"wp:featuredmedia":[{"embeddable":true,"href":"https:\/\/www.europesays.com\/fr\/wp-json\/wp\/v2\/media\/121204"}],"wp:attachment":[{"href":"https:\/\/www.europesays.com\/fr\/wp-json\/wp\/v2\/media?parent=121448"}],"wp:term":[{"taxonomy":"category","embeddable":true,"href":"https:\/\/www.europesays.com\/fr\/wp-json\/wp\/v2\/categories?post=121448"},{"taxonomy":"post_tag","embeddable":true,"href":"https:\/\/www.europesays.com\/fr\/wp-json\/wp\/v2\/tags?post=121448"}],"curies":[{"name":"wp","href":"https:\/\/api.w.org\/{rel}","templated":true}]}}