{"id":121451,"date":"2025-05-23T07:48:08","date_gmt":"2025-05-23T07:48:08","guid":{"rendered":"https:\/\/www.europesays.com\/fr\/121451\/"},"modified":"2025-05-23T07:48:08","modified_gmt":"2025-05-23T07:48:08","slug":"la-ferrari-stoppee-par-les-gendarmes-finit-a-la-fourriere","status":"publish","type":"post","link":"https:\/\/www.europesays.com\/fr\/121451\/","title":{"rendered":"la Ferrari stopp\u00e9e par les gendarmes finit \u00e0 la fourri\u00e8re"},"content":{"rendered":"<p>            Par<br \/>\n        <strong><br \/>\n            <a href=\"https:\/\/actu.fr\/auteur\/ugo-maillard\" title=\"Consulter tous les articles de Ugo Maillard\" rel=\"nofollow noopener\" target=\"_blank\">Ugo Maillard<\/a><br \/>\n        <\/strong><\/p>\n<p>        Publi\u00e9 le<\/p>\n<p>            23 mai 2025 \u00e0 9h27        <\/p>\n<p>\u00ab\u2009Les chevaux retournent \u00e0 l\u2019\u00e9curie\u2009\u00bb. C\u2019est avec une pointe d\u2019ironie que les gendarmes des <a href=\"https:\/\/actu.fr\/provence-alpes-cote-d-azur\/alpes-maritimes_06\" rel=\"nofollow noopener\" target=\"_blank\">Alpes-Maritimes<\/a> ont fait \u00e9tat d\u2019un contr\u00f4le pour le mois original sur les routes de la C\u00f4te d\u2019Azur.<\/p>\n<p class=\" wall-content\">Le dimanche 18\u00a0mai 2025, les militaires ont arr\u00eat\u00e9 le <strong>conducteur d\u2019une Ferrari F8<\/strong> pour un exc\u00e8s de vitesse sur la commune de Cap-d\u2019Ail, entre <a href=\"https:\/\/actu.fr\/nice\/\" rel=\"nofollow noopener\" target=\"_blank\">Nice<\/a> et Monaco.<\/p>\n<p>    <a href=\"https:\/\/www.google.com\/maps\/embed?pb=!1m18!1m12!1m3!1d23066.208629242657!2d7.380104348764923!3d43.72559134257126!2m3!1f0!2f0!3f0!3m2!1i1024!2i768!4f13.1!3m3!1m2!1s0x12cdc2e729a2d375%3A0x40819a5fd979df0!2s06320%20Cap-d%27Ail!5e0!3m2!1sfr!2sfr!4v1747984359555!5m2!1sfr!2sfr\" title=\"Ouvrie le lien\" rel=\"nofollow noopener\" target=\"_blank\">Cliquez ici pour visualiser le contenu<\/a><\/p>\n<p class=\" wall-content\">En approfondissant le contr\u00f4le, les gendarmes ont remarqu\u00e9 que la vitesse n\u2019\u00e9tait pas le seul probl\u00e8me de cet automobiliste.<\/p>\n<p>Positif \u00e0 la drogue et l\u2019alcool<\/p>\n<p class=\" wall-content\">Le bolide d\u2019un rouge clinquant et ses 720 chevaux ont \u00e9t\u00e9 immobilis\u00e9s puis transf\u00e9r\u00e9s vers la fourri\u00e8re administrative.<\/p>\n<p>Vid\u00e9os : en ce moment sur Actu<\/p>\n<p class=\" wall-content\">Et pour cause, l\u2019automobiliste qui n\u2019\u00e9tait pas de nationalit\u00e9 fran\u00e7aise s\u2019est\u00a0r\u00e9v\u00e9l\u00e9 <strong>positif \u00e0 l\u2019alcool et \u00e0 la coca\u00efne<\/strong>.<\/p>\n<p class=\" wall-content\">\u00ab\u2009Le conducteur, quant \u00e0 lui, est attendu prochainement par la justice pour une remise en selle r\u00e9glementaire\u2009\u00bb, conclut les gendarmes avec une touche d\u2019humour.<\/p>\n<p>Des op\u00e9rations men\u00e9es par les forces de police<\/p>\n<p class=\" wall-content\">Si les gendarmes fran\u00e7ais sont mobilis\u00e9s, les agents de la principaut\u00e9 mon\u00e9gasques accordent \u00e9galement une <a href=\"https:\/\/actu.fr\/faits-divers\/a-monaco-la-police-sert-la-vis-contre-les-rassemblements-de-voitures-de-luxe_62506608.html\" rel=\"nofollow noopener\" target=\"_blank\">grande importance aux d\u00e9lits routiers<\/a>.<\/p>\n<p class=\" wall-content\">Durant le Grand Prix de Formule 1, le gouvernement de Monaco explique que \u00abl\u2019immobilisation imm\u00e9diate du v\u00e9hicule sera \u00e9tendue \u00e0 une dur\u00e9e de 120 heures\u00bb lors de <strong>rassemblements d\u2019automobiles sportives<\/strong> sont susceptibles de donner lieu \u00e0 la commission d\u2019infractions routi\u00e8res.<\/p>\n<p class=\" wall-content\">Suivez toute l\u2019actualit\u00e9 de vos villes et m\u00e9dias favoris en vous inscrivant \u00e0 <a href=\"https:\/\/moncompte.actu.fr\" title=\"D\u00e9couvez Mon Actu\" rel=\"nofollow noopener\" data-trk=\"{&quot;cta&quot;:{&quot;action&quot;:&quot;https:\\\/\\\/moncompte.actu.fr&quot;,&quot;category&quot;:&quot;mon compte&quot;,&quot;from&quot;:&quot;article footer&quot;,&quot;name&quot;:&quot;Mon actu&quot;,&quot;type&quot;:&quot;cta&quot;}}\" target=\"_blank\">Mon Actu<\/a>.<\/p>\n","protected":false},"excerpt":{"rendered":"Par Ugo Maillard Publi\u00e9 le 23 mai 2025 \u00e0 9h27 \u00ab\u2009Les chevaux retournent \u00e0 l\u2019\u00e9curie\u2009\u00bb. C\u2019est avec une&hellip;\n","protected":false},"author":2,"featured_media":121452,"comment_status":"","ping_status":"","sticky":false,"template":"","format":"standard","meta":{"footnotes":""},"categories":[2819],"tags":[1111,11,1777,674,118,1011,27,3381,12,2401,882,25],"class_list":{"0":"post-121451","1":"post","2":"type-post","3":"status-publish","4":"format-standard","5":"has-post-thumbnail","7":"category-nice","8":"tag-actu","9":"tag-actualites","10":"tag-eu","11":"tag-europe","12":"tag-faits-divers","13":"tag-fr","14":"tag-france","15":"tag-gendarmerie","16":"tag-news","17":"tag-nice","18":"tag-provence-alpes-cote-dazur","19":"tag-republique-francaise"},"share_on_mastodon":{"url":"https:\/\/pubeurope.com\/@fr\/114556050217930665","error":""},"_links":{"self":[{"href":"https:\/\/www.europesays.com\/fr\/wp-json\/wp\/v2\/posts\/121451","targetHints":{"allow":["GET"]}}],"collection":[{"href":"https:\/\/www.europesays.com\/fr\/wp-json\/wp\/v2\/posts"}],"about":[{"href":"https:\/\/www.europesays.com\/fr\/wp-json\/wp\/v2\/types\/post"}],"author":[{"embeddable":true,"href":"https:\/\/www.europesays.com\/fr\/wp-json\/wp\/v2\/users\/2"}],"replies":[{"embeddable":true,"href":"https:\/\/www.europesays.com\/fr\/wp-json\/wp\/v2\/comments?post=121451"}],"version-history":[{"count":0,"href":"https:\/\/www.europesays.com\/fr\/wp-json\/wp\/v2\/posts\/121451\/revisions"}],"wp:featuredmedia":[{"embeddable":true,"href":"https:\/\/www.europesays.com\/fr\/wp-json\/wp\/v2\/media\/121452"}],"wp:attachment":[{"href":"https:\/\/www.europesays.com\/fr\/wp-json\/wp\/v2\/media?parent=121451"}],"wp:term":[{"taxonomy":"category","embeddable":true,"href":"https:\/\/www.europesays.com\/fr\/wp-json\/wp\/v2\/categories?post=121451"},{"taxonomy":"post_tag","embeddable":true,"href":"https:\/\/www.europesays.com\/fr\/wp-json\/wp\/v2\/tags?post=121451"}],"curies":[{"name":"wp","href":"https:\/\/api.w.org\/{rel}","templated":true}]}}