{"id":121455,"date":"2025-05-23T07:51:16","date_gmt":"2025-05-23T07:51:16","guid":{"rendered":"https:\/\/www.europesays.com\/fr\/121455\/"},"modified":"2025-05-23T07:51:16","modified_gmt":"2025-05-23T07:51:16","slug":"le-live-alouette-a-nantes-decouvrez-les-artistes","status":"publish","type":"post","link":"https:\/\/www.europesays.com\/fr\/121455\/","title":{"rendered":"Le Live Alouette \u00e0 Nantes : d\u00e9couvrez les artistes !"},"content":{"rendered":"<p>Le Live Alouette vous donne rendez-vous \u00e0 Nantes mardi 10 juin !<img decoding=\"async\" class=\"\" style=\"width:100%;max-width:100%\" src=\"https:\/\/www.europesays.com\/fr\/wp-content\/uploads\/2025\/05\/06_1280x7201747910391073-format16by9.jpg\" alt=\"Le Live Alouette \u00e0 Nantes : gagnez vos invitations !\"\/> <\/p>\n<p style=\"text-align: justify;\"><strong>Le Live Alouette s&rsquo;installe \u00e0 Nantes ! Pour ce nouveau concert \u00e9v\u00e9nement, Alouette vous donne rendez-vous mardi 10 juin \u00e0 20h !\u00a0<\/strong><\/p>\n<p style=\"text-align: justify;\">Vous serez <strong>plus de 1 200 auditeurs<\/strong> \u00e0 pouvoir assister \u00e0 ce concert gratuit, <strong>sur invitation<\/strong>.<\/p>\n<p style=\"text-align: justify;\"><strong>Cinq artistes qui font l&rsquo;actualit\u00e9<\/strong>\u00a0viendront performer leurs titres ! Les voici !\u00a0<\/p>\n<p style=\"text-align: justify;\">\u00a0<\/p>\n<p>Amel Bent<\/p>\n<p style=\"text-align: justify;\">Apr\u00e8s deux ans d&rsquo;absence, <strong>Amel Bent est enfin de retour !<\/strong> Son <strong>huiti\u00e8me album, \u201c<\/strong><a href=\"https:\/\/www.alouette.fr\/l-album-alouette-de-la-semaine-16-mai-19h29\" rel=\"noopener\" target=\"_blank\"><strong>Minuit Une<\/strong><\/a><strong>\u201d<\/strong>, est sorti il y a tout juste une semaine, le 16 mai ! Amel Bent viendra chanter ses derniers singles dont \u201c<a href=\"https:\/\/www.youtube.com\/watch?v=QcQtQU45Qlg\" rel=\"noopener\" target=\"_blank\"><strong>D\u00e9charge mentale<\/strong><\/a>\u201d et \u201c<strong>Triste<\/strong>\u201d, co\u00e9crit et co-compos\u00e9 avec Vitaa et Vianney.\u00a0<\/p>\n<p style=\"text-align: justify;\">Pour c\u00e9l\u00e9brer ses 20 ans de carri\u00e8re \u00e0 succ\u00e8s,<strong> <\/strong><a href=\"https:\/\/www.alouette.fr\/son-nouveau-hit-triste-son-prochain-album-sa-tournee-amel-bent-se-confie-dans-le-matin-alouette\" rel=\"noopener\" target=\"_blank\"><strong>l\u2019artiste repart en tourn\u00e9e<\/strong><\/a><strong> \u00e0 partir d\u2019avril 2026 <\/strong>en France et en Belgique. Elle sera de passage \u00e0 <strong>Nantes, Bordeaux <\/strong>ou encore <strong>Orl\u00e9ans <\/strong>!<\/p>\n<p> Julien Lieb<\/p>\n<p style=\"text-align: justify;\">Il \u00e9tait dans <a href=\"https:\/\/www.alouette.fr\/son-hit-le-jeu-son-premier-album-sa-tournee-julien-lieb-se-confie-dans-le-matin-alouette\" rel=\"noopener\" target=\"_blank\"><strong>Le Matin Alouette le 14 mai dernier<\/strong><\/a> et il revient pour le Live Alouette ! Son hit \u201c<strong>Le jeu<\/strong>\u201d rencontre d\u00e9j\u00e0 un grand succ\u00e8s ! Son nouveau titre \u201c<strong>BPM<\/strong>\u201d est sorti ce 23 mai, le Live Alouette sera l&rsquo;occasion pour les auditeurs de le voir performer ce single in\u00e9dit !\u00a0\u00a0<\/p>\n<p style=\"text-align: justify;\">Julien Lieb a \u00e9t\u00e9 r\u00e9v\u00e9l\u00e9 lors la<strong> saison 2023-2024 de la Star Academy<\/strong>. Son <strong>premier album<\/strong> et sa <strong>tourn\u00e9e en solo<\/strong> sont en pr\u00e9paration ! Le Palois de 25 ans se produira dans nos r\u00e9gions : \u00e0 <strong>Rennes et Nantes en mars<\/strong>, puis \u00e0 <strong>Angers et au Mans en avril. <\/strong><\/p>\n<p> Cobalt<\/p>\n<p style=\"text-align: justify;\">Autre talent d\u00e9couvert sur Alouette ! Le chanteur <strong>Cobalt <\/strong>sera pr\u00e9sent pour le Live Alouette \u00e0 Nantes ! Le Normand, auteur, compositeur et interpr\u00e8te, a d\u00e9j\u00e0 <strong>travaill\u00e9 avec Pierre Garnier et Joseph Kamel.<\/strong><\/p>\n<p style=\"text-align: justify;\">Cobalt a \u00e9t\u00e9 <strong>r\u00e9v\u00e9l\u00e9 en 2022 <\/strong>lors de l\u2019\u00e9mission \u201cLa France a un incroyable talent\u201d dans laquelle il a atteint les demi-finales avec son premier single \u201c<a href=\"https:\/\/youtu.be\/-AUGxfFn848\" rel=\"noopener\" target=\"_blank\"><strong>Trop t\u00f4t<\/strong><\/a>\u201d. Le chanteur a ensuite agrandi son r\u00e9pertoire avec les titres \u201c<strong>Sinc\u00e8re<\/strong>\u201d et \u201c<a href=\"https:\/\/youtu.be\/gjQ-FzLaMZc\" rel=\"noopener\" target=\"_blank\"><strong>Rose<\/strong><\/a>\u201d, dont une nouvelle version est sortie le 16 mai dernier. <\/p>\n<p> Marguerite<\/p>\n<p style=\"text-align: justify;\">R\u00e9v\u00e9l\u00e9e lors de la<strong> saison 2024-2025 de la Star Academy<\/strong>, la jeune artiste a r\u00e9pondu \u00e0 l\u2019invitation d\u2019Alouette !\u00a0<\/p>\n<p style=\"text-align: justify;\">La chanteuse de 24 ans cartonne avec son 1er titre <strong>\u201cLes filles, les meufs\u201d<\/strong>, sorti le 18 avril dernier. Une chanson singuli\u00e8re et un texte fort.<\/p>\n<p style=\"text-align: justify;\">En <strong>pleine tourn\u00e9e de la Star Academy<\/strong> qui continue jusqu\u2019\u00e0 fin juin, Marguerite vient performer \u00e0 Nantes pour les auditeurs d\u2019Alouette !<\/p>\n<p> Clara Luciani<\/p>\n<p style=\"text-align: justify;\">Star de la pop fran\u00e7aise, <a href=\"https:\/\/www.alouette.fr\/clara-luciani-en-direct-dans-l-access-alouette-revivez-l-emission\" rel=\"noopener\" target=\"_blank\"><strong>Clara Luciani est de retour sur Alouette<\/strong><\/a> ! La chanteuse interpr\u00e9tera ses titres phares comme \u201c<a href=\"https:\/\/youtu.be\/85m-Qgo9_nE\" rel=\"noopener\" target=\"_blank\"><strong>La Grenade<\/strong><\/a>\u201d ainsi que ses singles issus de son <strong>troisi\u00e8me album \u201c<\/strong><a href=\"https:\/\/www.alouette.fr\/l-album-alouette-de-la-semaine-22-novembre-19h28\" rel=\"noopener\" target=\"_blank\"><strong>Mon sang<\/strong><\/a><strong>\u201d, sorti en novembre 2024 et certifi\u00e9 disque d\u2019or !\u00a0<\/strong><\/p>\n<p style=\"text-align: justify;\">L\u2019interpr\u00e8te continuera sa <strong>tourn\u00e9e en France<\/strong> de novembre 2025 \u00e0 f\u00e9vrier 2026. Elle sera sur les sc\u00e8nes du <strong>Mans<\/strong>, de <strong>Nantes<\/strong>, <strong>Poitiers<\/strong>, <strong>Bordeaux <\/strong>ou encore <strong>Brest<\/strong>.\u00a0<\/p>\n<p style=\"text-align: justify;\">Clara Luciani \u00e9tait par ailleurs la <strong>marraine de la derni\u00e8re promotion de la Star Academy<\/strong>. Lors du Live Alouette le 10 juin \u00e0 Nantes, elle retrouvera donc Marguerite, qu\u2019elle conna\u00eet bien !<\/p>\n<p> Gagnez vos invitations<\/p>\n<p style=\"text-align: justify;\">Vous souhaitez faire partie des spectateurs du Live Alouette \u00e0 Nantes le 10 juin ? Gagnez vos invitations\u00a0<strong>en envoyant le mot LIVE par SMS au 7 10 36*<\/strong>\u00a0!<\/p>\n<p style=\"text-align: justify;\">Doublez vos chances de gagner en jouant sur <a href=\"https:\/\/www.alouette.fr\/le-live-alouette-a-nantes-gagnez-vos-invitations\" rel=\"noopener\" target=\"_blank\">alouette.fr<\/a>.<\/p>\n<p style=\"text-align: justify;\">\u00a0<\/p>\n<p style=\"text-align: justify;\">\u00a0<\/p>\n<p style=\"text-align: justify;\">\u00a0<\/p>\n<p style=\"text-align: justify;\">* 2 x 0,75 \u20ac + prix d&rsquo;un SMS.<\/p>\n","protected":false},"excerpt":{"rendered":"Le Live Alouette vous donne rendez-vous \u00e0 Nantes mardi 10 juin ! Le Live Alouette s&rsquo;installe \u00e0 Nantes&hellip;\n","protected":false},"author":2,"featured_media":121456,"comment_status":"","ping_status":"","sticky":false,"template":"","format":"standard","meta":{"footnotes":""},"categories":[2818],"tags":[1111,11,2888,20546,2937,22007,24305,1777,674,1011,27,17349,820,2887,12184,873,766,12,2636,25,5095,24306],"class_list":{"0":"post-121455","1":"post","2":"type-post","3":"status-publish","4":"format-standard","5":"has-post-thumbnail","7":"category-nantes","8":"tag-actu","9":"tag-actualites","10":"tag-alouette","11":"tag-amel-bent","12":"tag-artistes","13":"tag-clara-luciani","14":"tag-cobalt","15":"tag-eu","16":"tag-europe","17":"tag-fr","18":"tag-france","19":"tag-julien-lieb","20":"tag-live","21":"tag-live-alouette","22":"tag-marguerite","23":"tag-musique","24":"tag-nantes","25":"tag-news","26":"tag-pays-de-la-loire","27":"tag-republique-francaise","28":"tag-star-academy","29":"tag-stereolux"},"share_on_mastodon":{"url":"https:\/\/pubeurope.com\/@fr\/114556061881710317","error":""},"_links":{"self":[{"href":"https:\/\/www.europesays.com\/fr\/wp-json\/wp\/v2\/posts\/121455","targetHints":{"allow":["GET"]}}],"collection":[{"href":"https:\/\/www.europesays.com\/fr\/wp-json\/wp\/v2\/posts"}],"about":[{"href":"https:\/\/www.europesays.com\/fr\/wp-json\/wp\/v2\/types\/post"}],"author":[{"embeddable":true,"href":"https:\/\/www.europesays.com\/fr\/wp-json\/wp\/v2\/users\/2"}],"replies":[{"embeddable":true,"href":"https:\/\/www.europesays.com\/fr\/wp-json\/wp\/v2\/comments?post=121455"}],"version-history":[{"count":0,"href":"https:\/\/www.europesays.com\/fr\/wp-json\/wp\/v2\/posts\/121455\/revisions"}],"wp:featuredmedia":[{"embeddable":true,"href":"https:\/\/www.europesays.com\/fr\/wp-json\/wp\/v2\/media\/121456"}],"wp:attachment":[{"href":"https:\/\/www.europesays.com\/fr\/wp-json\/wp\/v2\/media?parent=121455"}],"wp:term":[{"taxonomy":"category","embeddable":true,"href":"https:\/\/www.europesays.com\/fr\/wp-json\/wp\/v2\/categories?post=121455"},{"taxonomy":"post_tag","embeddable":true,"href":"https:\/\/www.europesays.com\/fr\/wp-json\/wp\/v2\/tags?post=121455"}],"curies":[{"name":"wp","href":"https:\/\/api.w.org\/{rel}","templated":true}]}}