{"id":121465,"date":"2025-05-23T07:58:03","date_gmt":"2025-05-23T07:58:03","guid":{"rendered":"https:\/\/www.europesays.com\/fr\/121465\/"},"modified":"2025-05-23T07:58:03","modified_gmt":"2025-05-23T07:58:03","slug":"samedi-24-mai-2025-28eme-edition-de-la-lille-pride","status":"publish","type":"post","link":"https:\/\/www.europesays.com\/fr\/121465\/","title":{"rendered":"Samedi 24 mai 2025, 28\u00e8me \u00e9dition de la Lille Pride"},"content":{"rendered":"<p style=\"text-align: justify;\"><strong>Samedi 24 mai 2025,<\/strong> la<strong> Lille Pride<\/strong> est de retou<strong>r !<\/strong> Au programme : un <strong>Village <\/strong>sur la <strong>place Fran\u00e7ois Mitterrand \u2013 entre les gares de Lille Flandres et Lille Europe<\/strong> (Dj\u2019s, spectacles, prises de parole, buvette, restauration), la <strong>Marche des Fiert\u00e9s<\/strong> avec de <strong>nombreuses associations\u2026<\/strong><\/p>\n<p><a href=\"https:\/\/www.europesays.com\/fr\/wp-content\/uploads\/2025\/05\/lille_pride_2025_02.jpg\" target=\"_blank\" rel=\"noreferrer noopener\"><img loading=\"lazy\" decoding=\"async\" width=\"500\" height=\"631\" src=\"https:\/\/www.europesays.com\/fr\/wp-content\/uploads\/2025\/05\/lille_pride_2025_02.jpg\" alt=\"\" class=\"wp-image-84871\" style=\"aspect-ratio:0.677734375;width:404px\"  \/><\/a><\/p>\n<p>Village Associatif \u2013 Place Fran\u00e7ois Mitterrand \u2013 D\u00e8s 10h <br \/>Le <strong>Village Pride<\/strong> est devenu le <strong>rendez-vous incontournable<\/strong> avant le <strong>d\u00e9part<\/strong> de la<strong> Marche.<\/strong><\/p>\n<p><strong>Au programme :<\/strong><\/p>\n<p style=\"text-align: justify;\"><strong><b><img loading=\"lazy\" decoding=\"async\" class=\"size-full wp-image-45 lazyloaded tie-appear\" src=\"https:\/\/www.europesays.com\/fr\/wp-content\/uploads\/2025\/04\/1743937991_452_arrow.png\" alt=\"\" width=\"9\" height=\"9\" data-lazy-src=\"https:\/\/www.europesays.com\/fr\/wp-content\/uploads\/2025\/04\/1743937991_452_arrow.png\"\/><\/b> Stands d\u2019associations et de syndicats<\/strong> : divers stands informatifs et interactifs pour d\u00e9couvrir et soutenir les causes LGBTQIA+.<\/p>\n<p style=\"text-align: justify;\"><strong><b><img loading=\"lazy\" decoding=\"async\" class=\"size-full wp-image-45 lazyloaded tie-appear\" src=\"https:\/\/www.europesays.com\/fr\/wp-content\/uploads\/2025\/04\/1743937991_452_arrow.png\" alt=\"\" width=\"9\" height=\"9\" data-lazy-src=\"https:\/\/www.europesays.com\/fr\/wp-content\/uploads\/2025\/04\/1743937991_452_arrow.png\"\/><\/b> Commerces et restauration<\/strong> : des commerces vari\u00e9s ainsi que des options de restauration et une buvette pour se d\u00e9salt\u00e9rer.<\/p>\n<p style=\"text-align: justify;\"><strong><b><img loading=\"lazy\" decoding=\"async\" class=\"size-full wp-image-45 lazyloaded tie-appear\" src=\"https:\/\/www.europesays.com\/fr\/wp-content\/uploads\/2025\/04\/1743937991_452_arrow.png\" alt=\"\" width=\"9\" height=\"9\" data-lazy-src=\"https:\/\/www.europesays.com\/fr\/wp-content\/uploads\/2025\/04\/1743937991_452_arrow.png\"\/><\/b> Sc\u00e8ne avec artistes et DJ <\/strong>: une sc\u00e8ne dynamique accueillera des performances d\u2019artistes, des DJ sets et des prises de parole.<\/p>\n<p style=\"text-align: justify;\">Marche des Fiert\u00e9s \u2013 D\u00e9part pl Fran\u00e7ois Mitterrand \u00e0 14h<br \/><b>Parcours<\/b> : avenue le Corbusier (d\u00e9part), place des Buisses, place de la Gare, rue Faidherbe, place du Th\u00e9\u00e2tre, rue des Manneliers, Grand\u2019Place, rue Nationale, rue de l\u2019H\u00f4pital Militaire, rue de Tenremonde, avenue Foch, rue Nationale, Grand\u2019Place, rue des Manneliers, place du Th\u00e9\u00e2tre, rue Faidherbe, place de la Gare, place des Buisse, avenue le Corbusier (arriv\u00e9e).<\/p>\n<p>Le <strong>Village<\/strong> reste <strong>ouvert pendant toute la marche !<\/strong><\/p>\n<p><a href=\"https:\/\/www.zoomsurlille.fr\/wp-content\/uploads\/2022\/05\/gay_pride_2022_03.jpg\" target=\"_blank\" rel=\"noopener\"><img decoding=\"async\" loading=\"lazy\" width=\"1024\" height=\"768\" class=\"wp-image-63014\" style=\"width: 512px; height: 384px;\" src=\"https:\/\/www.europesays.com\/fr\/wp-content\/uploads\/2025\/05\/gay_pride_2022_03-1024x768.jpg\" alt=\"\"  \/><\/a><\/p>\n<p class=\"has-text-align-center\"><strong>Le parcours de la Marche<\/strong><\/p>\n<p><a href=\"https:\/\/www.europesays.com\/fr\/wp-content\/uploads\/2025\/05\/lille_pride_2025_03.jpg\"><img decoding=\"async\" loading=\"lazy\" width=\"1024\" height=\"423\" src=\"https:\/\/www.europesays.com\/fr\/wp-content\/uploads\/2025\/05\/lille_pride_2025_03.jpg\" alt=\"\" class=\"wp-image-84872\"  \/><\/a><\/p>\n<p style=\"text-align: center;\">(cliquez sur l\u2019image pour l\u2019agrandir)<\/p>\n<p><strong><b><img loading=\"lazy\" decoding=\"async\" class=\"size-full wp-image-45 lazyloaded tie-appear\" src=\"https:\/\/www.europesays.com\/fr\/wp-content\/uploads\/2025\/04\/1743937991_452_arrow.png\" alt=\"\" width=\"9\" height=\"9\" data-lazy-src=\"https:\/\/www.europesays.com\/fr\/wp-content\/uploads\/2025\/04\/1743937991_452_arrow.png\"\/><\/b><\/strong> <a href=\"https:\/\/lille-pride.fr\/\" target=\"_blank\" rel=\"noopener\">Programme complet sur le site internet du collectif Lille Pride<\/a><\/p>\n<p>\u00a0<\/p>\n<p class=\"has-text-align-right\">Source : Collectif Lille Pride \u2013 Photos &amp; images : DR \u2013 \u00a9 Collectif Lille Pride \/ \u00a9 Zoom Sur Lille<\/p>\n","protected":false},"excerpt":{"rendered":"Samedi 24 mai 2025, la Lille Pride est de retour ! Au programme : un Village sur la&hellip;\n","protected":false},"author":2,"featured_media":121466,"comment_status":"","ping_status":"","sticky":false,"template":"","format":"standard","meta":{"footnotes":""},"categories":[2815],"tags":[24307,1111,11,4733,19355,24308,1777,674,1011,27,811,1307,24309,24310,12,3092,24311,25,2021,853,6456],"class_list":{"0":"post-121465","1":"post","2":"type-post","3":"status-publish","4":"format-standard","5":"has-post-thumbnail","7":"category-lille","8":"tag-24-mai-2025","9":"tag-actu","10":"tag-actualites","11":"tag-associations","12":"tag-buvette","13":"tag-djs","14":"tag-eu","15":"tag-europe","16":"tag-fr","17":"tag-france","18":"tag-hauts-de-france","19":"tag-lille","20":"tag-lille-pride","21":"tag-marche-des-fiertes","22":"tag-news","23":"tag-place-de-la-republique","24":"tag-prises-de-parole","25":"tag-republique-francaise","26":"tag-restauration","27":"tag-spectacles","28":"tag-village"},"share_on_mastodon":{"url":"https:\/\/pubeurope.com\/@fr\/114556090359011579","error":""},"_links":{"self":[{"href":"https:\/\/www.europesays.com\/fr\/wp-json\/wp\/v2\/posts\/121465","targetHints":{"allow":["GET"]}}],"collection":[{"href":"https:\/\/www.europesays.com\/fr\/wp-json\/wp\/v2\/posts"}],"about":[{"href":"https:\/\/www.europesays.com\/fr\/wp-json\/wp\/v2\/types\/post"}],"author":[{"embeddable":true,"href":"https:\/\/www.europesays.com\/fr\/wp-json\/wp\/v2\/users\/2"}],"replies":[{"embeddable":true,"href":"https:\/\/www.europesays.com\/fr\/wp-json\/wp\/v2\/comments?post=121465"}],"version-history":[{"count":0,"href":"https:\/\/www.europesays.com\/fr\/wp-json\/wp\/v2\/posts\/121465\/revisions"}],"wp:featuredmedia":[{"embeddable":true,"href":"https:\/\/www.europesays.com\/fr\/wp-json\/wp\/v2\/media\/121466"}],"wp:attachment":[{"href":"https:\/\/www.europesays.com\/fr\/wp-json\/wp\/v2\/media?parent=121465"}],"wp:term":[{"taxonomy":"category","embeddable":true,"href":"https:\/\/www.europesays.com\/fr\/wp-json\/wp\/v2\/categories?post=121465"},{"taxonomy":"post_tag","embeddable":true,"href":"https:\/\/www.europesays.com\/fr\/wp-json\/wp\/v2\/tags?post=121465"}],"curies":[{"name":"wp","href":"https:\/\/api.w.org\/{rel}","templated":true}]}}