{"id":121469,"date":"2025-05-23T08:00:11","date_gmt":"2025-05-23T08:00:11","guid":{"rendered":"https:\/\/www.europesays.com\/fr\/121469\/"},"modified":"2025-05-23T08:00:11","modified_gmt":"2025-05-23T08:00:11","slug":"un-chef-de-la-dz-mafia-condamne-a-30-ans-de-reclusion-criminelle-pour-une-tentative-dassassinat","status":"publish","type":"post","link":"https:\/\/www.europesays.com\/fr\/121469\/","title":{"rendered":"un chef de la DZ Mafia condamn\u00e9 \u00e0 30 ans de r\u00e9clusion criminelle pour une tentative d&rsquo;assassinat"},"content":{"rendered":"<p>Mahdi Zerdoum, alias \u00abla brute\u00bb, a \u00e9t\u00e9 condamn\u00e9 ce jeudi \u00e0 30 ans de r\u00e9clusion pour une tentative de meurtre avec pr\u00e9m\u00e9ditation commise \u00e0 la Paternelle en 2021. La cit\u00e9 \u00e9tait alors en proie \u00e0 une sanglante guerre de clans.<\/p>\n<p class=\"fig-paragraph\">La cour d&rsquo;assises des Bouches-du-Rh\u00f4ne a condamn\u00e9 jeudi soir \u00e0 30 ans de r\u00e9clusion Mahdi Zerdoum, alias \u00abla brute\u00bb, pr\u00e9sent\u00e9 comme l&rsquo;un\u00a0<a href=\"http:\/\/www.lefigaro.fr\/marseille\/ils-n-ont-pas-de-limite-derriere-la-dz-mafia-a-marseille-d-influents-commanditaires-qui-operent-dans-l-ombre-20241101\" data-fig-type=\"NewsFlash\" data-gtm-custom-categorie=\"navigation\" data-gtm-custom-action=\"crossclick\" data-gtm-custom-label=\"Contextuel\" data-gtm-event=\"customEventSPE\" data-fig-domain=\"LEFIGARO\" target=\"_blank\" rel=\"noopener\">des principaux lieutenants de la DZ Mafia<\/a>, ainsi que Fay\u00e7al Dhif, consid\u00e9r\u00e9 comme le tireur lors d&rsquo;une tentative d&rsquo;assassinat en 2021 \u00e0\u00a0<a href=\"http:\/\/www.lefigaro.fr\/marseille\/on-revit-a-marseille-les-habitants-de-la-paternelle-liberes-de-l-emprise-du-trafic-de-drogue-20240117\" data-fig-type=\"NewsFlash\" data-gtm-custom-categorie=\"navigation\" data-gtm-custom-action=\"crossclick\" data-gtm-custom-label=\"Contextuel\" data-gtm-event=\"customEventSPE\" data-fig-domain=\"LEFIGARO\" target=\"_blank\" rel=\"noopener\">la Paternelle<\/a>, \u00e0 l&rsquo;\u00e9poque un des plus hauts lieux du trafic de stup\u00e9fiants \u00e0 Marseille.<\/p>\n<p class=\"fig-paragraph\">Apr\u00e8s quatre jours de \u00abplong\u00e9e froide dans le milieu ultraviolent du narcotrafic marseillais et de ses d\u00e9rives meurtri\u00e8res\u00bb, l&rsquo;avocate g\u00e9n\u00e9rale avait requis 28 ans de r\u00e9clusion criminelle contre les deux hommes et demand\u00e9 que ces peines soient assorties d&rsquo;une p\u00e9riode de s\u00fbret\u00e9 des deux tiers, assurant que les faits avaient \u00e9t\u00e9 \u00abfroidement pens\u00e9s, organis\u00e9s et ex\u00e9cut\u00e9s\u00bb.<\/p>\n<p class=\"fig-paragraph\">De fa\u00e7on totalement inattendue, Mahdi Zerdoum a reconnu devant la cour \u00e0 Aix-en-Provence \u00eatre l&rsquo;un des deux hommes qui avaient fait irruption dans un appartement de la cit\u00e9 de la Paternelle, dans la nuit du 27 au 28 juillet 2021. Et il a reconnu avoir ordonn\u00e9 \u00e0 son complice de tirer sur l&rsquo;occupant des lieux, un Alg\u00e9rien sans papiers qui travaillait pour l&rsquo;un des quatre r\u00e9seaux de cette cit\u00e9 des quartiers nord de la cit\u00e9 phoc\u00e9enne.<\/p>\n<p>Guerre de clans<\/p>\n<p class=\"fig-paragraph\">Silencieux durant toute l&rsquo;instruction, ce n&rsquo;est que devant la cour d&rsquo;assises que Mahdi Zerdoum, 35 ans, a enfin \u00e9voqu\u00e9 la d\u00e9couverte dans l&rsquo;appartement d&rsquo;une Kalachnikov et d&rsquo;un pistolet automatique, et sa r\u00e9action. \u00abQuand on a trouv\u00e9 les armes, je l&rsquo;ai insult\u00e9. Il s&rsquo;est lev\u00e9 dans une intention agressive\u00bb, a expliqu\u00e9 Mahdi Zerdoum. \u00abEt vous avez demand\u00e9 de tirer\u00a0?\u00bb, a questionn\u00e9 le pr\u00e9sident de la cour d&rsquo;assises. \u00abOui, j&rsquo;ai dit\u00a0: \u201ctire\u00a0!\u201d\u00bb<\/p>\n<p class=\"fig-paragraph\">La Paternelle \u00e9tait alors en proie \u00e0 une sanglante escalade de violences entre clans. \u00ab\u00c7a tirait tous les jours\u00bb, a confirm\u00e9 Mahdi Zerdoum. Entendu depuis le centre de r\u00e9tention administrative de Cornebarieu (Haute-Garonne), le jeune Alg\u00e9rien, cribl\u00e9 de balles mais miracul\u00e9, a expliqu\u00e9 avoir imm\u00e9diatement identifi\u00e9 Mahdi Zerdoum, affirmant avoir travaill\u00e9 pour celui-ci quand il g\u00e9rait le point de vente de la cit\u00e9 des Micocouliers.<\/p>\n<p class=\"fig-paragraph\">Selon les enqu\u00eateurs, l&rsquo;accus\u00e9 avait alors ralli\u00e9 le clan de\u00a0<a href=\"http:\/\/www.lefigaro.fr\/marseille\/marseille-qui-se-cache-derriere-la-dz-mafia-et-yoda-ces-gangs-auteurs-de-sanglants-reglements-de-compte-20240128\" data-fig-type=\"NewsFlash\" data-gtm-custom-categorie=\"navigation\" data-gtm-custom-action=\"crossclick\" data-gtm-custom-label=\"Contextuel\" data-gtm-event=\"customEventSPE\" data-fig-domain=\"LEFIGARO\" target=\"_blank\" rel=\"noopener\">Mehdi Laribi<\/a>, unanimement consid\u00e9r\u00e9 aujourd&rsquo;hui comme le parrain de la\u00a0<a href=\"http:\/\/www.lefigaro.fr\/actualite-france\/attaques-de-prisons-eliminations-sanglantes-la-dz-mafia-ce-gang-de-narcotrafiquants-sans-limite-qui-defie-l-etat-20250502\" data-fig-type=\"Article\" data-gtm-custom-categorie=\"navigation\" data-gtm-custom-action=\"crossclick\" data-gtm-custom-label=\"Contextuel\" data-gtm-event=\"customEventSPE\" data-fig-domain=\"LEFIGARO\" target=\"_blank\" rel=\"noopener\">DZ Mafia<\/a>. Sorti de prison, ce dernier voulait reprendre la g\u00e9rance des points de vente de plusieurs cit\u00e9s \u00e0 son ex-alli\u00e9 Karim Harrat. C&rsquo;\u00e9tait \u00abune guerre fratricide\u00bb, a reconnu Mahdi Zerdoum, \u00e9voquant l&rsquo;existence d&rsquo;\u00abun contrat sur (sa) t\u00eate\u00bb.<\/p>\n<p>Multiples mandats de d\u00e9p\u00f4ts<\/p>\n<p class=\"fig-paragraph\">Si l&rsquo;enqu\u00eate a montr\u00e9 que Fay\u00e7al Dhif \u00e9tait le chauffeur de Mahdi Zerdoum lorsqu&rsquo;ils sont partis d&rsquo;Aix-en-Provence pour La Paternelle, l&rsquo;homme de 26 ans a ni\u00e9 avoir accompagn\u00e9 Mahdi Zerdoum ce jour-l\u00e0. Les deux accus\u00e9s ont assur\u00e9 que Fay\u00e7al Dhif \u00e9tait descendu au Parc Kalliste, o\u00f9 Mahdi Zerdoum aurait r\u00e9cup\u00e9r\u00e9 une autre personne, \u00abun petit jeune\u00bb. Dans sa plaidoirie, Me Amar Bouaou, le conseil de Mahdi Zerdoum, avait demand\u00e9 \u00e0 la cour \u00abune peine significativement plus basse\u00bb que celle requise, insistant sur l&rsquo;absence de pr\u00e9m\u00e9ditation: \u00abSi on vient avec l&rsquo;intention de tuer, alors on ouvre la porte, on tire, on ne reste pas trente minutes dans cet appartement\u00bb.<\/p>\n<p class=\"fig-paragraph\">\u00c9voquant les trois autres dossiers judiciaires en cours concernant son client, dont une tentative d&rsquo;assassinats li\u00e9e \u00e0 la reprise violente d&rsquo;un point de deal d&rsquo;<a href=\"http:\/\/www.lefigaro.fr\/marseille\/a-aix-en-provence-des-malfaiteurs-se-revendiquant-de-la-dz-mafia-plongent-une-discotheque-dans-la-terreur-20250107\" data-fig-type=\"NewsFlash\" data-gtm-custom-categorie=\"navigation\" data-gtm-custom-action=\"crossclick\" data-gtm-custom-label=\"Contextuel\" data-gtm-event=\"customEventSPE\" data-fig-domain=\"LEFIGARO\" target=\"_blank\" rel=\"noopener\">Aix-en-Provence par la DZ Mafia<\/a>, l&rsquo;avocat a expliqu\u00e9 que d\u00e9sormais Mahdi Zerdoum \u00abattend juste l&rsquo;addition des peines\u00bb : \u00abIl ne compte m\u00eame plus les jours, il n&rsquo;a pas de perspective\u00bb, a-t-il conclu.<\/p>\n<p class=\"fig-paragraph\">\u00abCela fait quatre ans que je suis en maison d&rsquo;arr\u00eat, dont deux au quartier d&rsquo;isolement, j&rsquo;ai quatre mandats de d\u00e9p\u00f4t. Que j&rsquo;aie ma peine le plus vite possible, je veux passer \u00e0 autre chose\u00bb, avait lanc\u00e9 l&rsquo;accus\u00e9 mardi \u00e0 la cour. Avocat de Fay\u00e7al Dhif, Me Bruno Rebstock avait lui plaid\u00e9 l&rsquo;acquittement, d\u00e9non\u00e7ant \u00abl&rsquo;approximation vertigineuse\u00bb du r\u00e9quisitoire et estimant que \u00abl&rsquo;absence de preuves ne peut pas se dissoudre dans une l\u00e9gitime pr\u00e9occupation de la soci\u00e9t\u00e9\u00bb.<\/p>\n","protected":false},"excerpt":{"rendered":"Mahdi Zerdoum, alias \u00abla brute\u00bb, a \u00e9t\u00e9 condamn\u00e9 ce jeudi \u00e0 30 ans de r\u00e9clusion pour une tentative&hellip;\n","protected":false},"author":2,"featured_media":121470,"comment_status":"","ping_status":"","sticky":false,"template":"","format":"standard","meta":{"footnotes":""},"categories":[2814],"tags":[1111,11,6744,885,1182,1180,1181,1777,674,1011,27,1184,1185,884,8721,12,1177,1176,149,1186,882,25,1178,1183,1179],"class_list":{"0":"post-121469","1":"post","2":"type-post","3":"status-publish","4":"format-standard","5":"has-post-thumbnail","7":"category-marseille","8":"tag-actu","9":"tag-actualites","10":"tag-assassinat","11":"tag-bouches-du-rhone","12":"tag-calanques","13":"tag-canebiere","14":"tag-cite-phoceenne","15":"tag-eu","16":"tag-europe","17":"tag-fr","18":"tag-france","19":"tag-la-timone","20":"tag-les-baumettes-mediterranee","21":"tag-marseille","22":"tag-narcotrafic","23":"tag-news","24":"tag-notre-dame-de-la-garde","25":"tag-olympique-de-marseille","26":"tag-om","27":"tag-provence","28":"tag-provence-alpes-cote-dazur","29":"tag-republique-francaise","30":"tag-saint-charles","31":"tag-sormiou","32":"tag-vieux-port"},"share_on_mastodon":{"url":"https:\/\/pubeurope.com\/@fr\/114556097186070911","error":""},"_links":{"self":[{"href":"https:\/\/www.europesays.com\/fr\/wp-json\/wp\/v2\/posts\/121469","targetHints":{"allow":["GET"]}}],"collection":[{"href":"https:\/\/www.europesays.com\/fr\/wp-json\/wp\/v2\/posts"}],"about":[{"href":"https:\/\/www.europesays.com\/fr\/wp-json\/wp\/v2\/types\/post"}],"author":[{"embeddable":true,"href":"https:\/\/www.europesays.com\/fr\/wp-json\/wp\/v2\/users\/2"}],"replies":[{"embeddable":true,"href":"https:\/\/www.europesays.com\/fr\/wp-json\/wp\/v2\/comments?post=121469"}],"version-history":[{"count":0,"href":"https:\/\/www.europesays.com\/fr\/wp-json\/wp\/v2\/posts\/121469\/revisions"}],"wp:featuredmedia":[{"embeddable":true,"href":"https:\/\/www.europesays.com\/fr\/wp-json\/wp\/v2\/media\/121470"}],"wp:attachment":[{"href":"https:\/\/www.europesays.com\/fr\/wp-json\/wp\/v2\/media?parent=121469"}],"wp:term":[{"taxonomy":"category","embeddable":true,"href":"https:\/\/www.europesays.com\/fr\/wp-json\/wp\/v2\/categories?post=121469"},{"taxonomy":"post_tag","embeddable":true,"href":"https:\/\/www.europesays.com\/fr\/wp-json\/wp\/v2\/tags?post=121469"}],"curies":[{"name":"wp","href":"https:\/\/api.w.org\/{rel}","templated":true}]}}