{"id":121471,"date":"2025-05-23T08:01:09","date_gmt":"2025-05-23T08:01:09","guid":{"rendered":"https:\/\/www.europesays.com\/fr\/121471\/"},"modified":"2025-05-23T08:01:09","modified_gmt":"2025-05-23T08:01:09","slug":"vous-roulez-plutot-bien-ce-vendredi-22-mai","status":"publish","type":"post","link":"https:\/\/www.europesays.com\/fr\/121471\/","title":{"rendered":"vous roulez plut\u00f4t bien ce vendredi 22 mai"},"content":{"rendered":"<p>Premier bon point de la matin\u00e9e, peu &#8211; du moins, moins &#8211; de v\u00e9hicules sur les routes ce matin, le vendredi \u00e9tant souvent propice au t\u00e9l\u00e9travail.<\/p>\n<p>De l\u00e9gers points d&rsquo;achoppement existent tout de m\u00eame, \u00e0 commencer par l&rsquo;<strong>A7<\/strong> \u00e0 l&rsquo;entr\u00e9e sud de Lyon avec un peu plus de <strong>2 km de ralentissements<\/strong> entre Feyzin et Saint-Fons.<\/p>\n<p>L<strong>&lsquo;A46 Sud<\/strong> reste l&rsquo;axe le plus emprunt\u00e9, avec <strong>4 km de bouchons<\/strong> de Corbas \u00e0 Saint-Priest.<\/p>\n<p><strong>\u27a1\ufe0f 11 km de bouchons cumul\u00e9s<\/strong><\/p>\n","protected":false},"excerpt":{"rendered":"Premier bon point de la matin\u00e9e, peu &#8211; du moins, moins &#8211; de v\u00e9hicules sur les routes ce&hellip;\n","protected":false},"author":2,"featured_media":121472,"comment_status":"","ping_status":"","sticky":false,"template":"","format":"standard","meta":{"footnotes":""},"categories":[1889],"tags":[119,1111,11,2430,3542,3152,2757,3153,3154,3155,1777,674,1011,27,2428,2801,12,25,2429,1097],"class_list":{"0":"post-121471","1":"post","2":"type-post","3":"status-publish","4":"format-standard","5":"has-post-thumbnail","7":"category-lyon","8":"tag-accident","9":"tag-actu","10":"tag-actualites","11":"tag-auvergne-rhone-alpes","12":"tag-circulation","13":"tag-edition-est-lyonnais","14":"tag-edition-lyon-villeurbanne","15":"tag-edition-ouest-lyonnais","16":"tag-edition-sud-lyonnais","17":"tag-edition-tarare","18":"tag-eu","19":"tag-europe","20":"tag-fr","21":"tag-france","22":"tag-lyon","23":"tag-lyon-1er-arrondissement","24":"tag-news","25":"tag-republique-francaise","26":"tag-rhone","27":"tag-trafic"},"share_on_mastodon":{"url":"https:\/\/pubeurope.com\/@fr\/114556101198273233","error":""},"_links":{"self":[{"href":"https:\/\/www.europesays.com\/fr\/wp-json\/wp\/v2\/posts\/121471","targetHints":{"allow":["GET"]}}],"collection":[{"href":"https:\/\/www.europesays.com\/fr\/wp-json\/wp\/v2\/posts"}],"about":[{"href":"https:\/\/www.europesays.com\/fr\/wp-json\/wp\/v2\/types\/post"}],"author":[{"embeddable":true,"href":"https:\/\/www.europesays.com\/fr\/wp-json\/wp\/v2\/users\/2"}],"replies":[{"embeddable":true,"href":"https:\/\/www.europesays.com\/fr\/wp-json\/wp\/v2\/comments?post=121471"}],"version-history":[{"count":0,"href":"https:\/\/www.europesays.com\/fr\/wp-json\/wp\/v2\/posts\/121471\/revisions"}],"wp:featuredmedia":[{"embeddable":true,"href":"https:\/\/www.europesays.com\/fr\/wp-json\/wp\/v2\/media\/121472"}],"wp:attachment":[{"href":"https:\/\/www.europesays.com\/fr\/wp-json\/wp\/v2\/media?parent=121471"}],"wp:term":[{"taxonomy":"category","embeddable":true,"href":"https:\/\/www.europesays.com\/fr\/wp-json\/wp\/v2\/categories?post=121471"},{"taxonomy":"post_tag","embeddable":true,"href":"https:\/\/www.europesays.com\/fr\/wp-json\/wp\/v2\/tags?post=121471"}],"curies":[{"name":"wp","href":"https:\/\/api.w.org\/{rel}","templated":true}]}}