{"id":121473,"date":"2025-05-23T08:02:10","date_gmt":"2025-05-23T08:02:10","guid":{"rendered":"https:\/\/www.europesays.com\/fr\/121473\/"},"modified":"2025-05-23T08:02:10","modified_gmt":"2025-05-23T08:02:10","slug":"lyon-lopera-sinvite-au-musee-des-beaux-arts-pour-une-journee-entre-peinture-et-musique","status":"publish","type":"post","link":"https:\/\/www.europesays.com\/fr\/121473\/","title":{"rendered":"Lyon. L\u2019Op\u00e9ra s\u2019invite au Mus\u00e9e des Beaux-Arts pour une journ\u00e9e entre peinture et musique"},"content":{"rendered":"<p>L\u2019Op\u00e9ra de Lyon et le Mus\u00e9e des Beaux-Arts, sur le site de ce dernier, proposent ce samedi 24\u00a0mai, de 10 \u00e0 18 heures, une d\u00e9ambulation entre peinture et musique.<\/p>\n<p>Au programme \u00a0:\u00a0L\u2019histoire du soldat d\u2019Igor Stravinski, un concert \u00e0 11 heures avec les musiciennes et musiciens de l\u2019Orchestre de l\u2019Op\u00e9ra de Lyon, dans l\u2019auditorium du mus\u00e9e<\/p>\n<p class=\"note\">Tarifs\u00a0: entr\u00e9e au mus\u00e9e +\u00a08\u00a0\u20ac, 4\u00a0\u20ac tarif r\u00e9duit.\u00a0Un spectacle accessible d\u00e8s 7\u00a0ans. <\/p>\n<p>Par ailleurs, une trentaine d\u2019enfants et d\u2019adolescents de la Ma\u00eetrise de l\u2019Op\u00e9ra de Lyon feront des interventions chant\u00e9es dans les salles du mus\u00e9e en \u00e9cho \u00e0 la musique de Stravinski, de 14 heures \u00e0 17\u00a0h\u00a030.<\/p>\n<p class=\"note\">Tarifs\u00a0: 8\u00a0\u20ac, 4\u00a0\u20ac, gratuit -18\u00a0ans.<\/p>\n<p>Enfin, Guerre, amour et diablerie : la com\u00e9dienne Isabella Olechowski imagine une s\u00e9rie de r\u00e9sonances avec les figures diaboliques pr\u00e9sentes dans les \u0153uvres, \u00e0 partir de 10\u00a0h\u00a015.<\/p>\n<p class=\"note\">Tarifs\u00a0: 8\u00a0\u20ac, r\u00e9duit 4\u00a0\u20ac, gratuit les -18 ans.<br \/><a href=\"https:\/\/www.mba-lyon.fr\/fr\" target=\"_blank\" rel=\"nofollow noopener\">ww.mba-lyon.fr<\/a><\/p>\n","protected":false},"excerpt":{"rendered":"L\u2019Op\u00e9ra de Lyon et le Mus\u00e9e des Beaux-Arts, sur le site de ce dernier, proposent ce samedi 24\u00a0mai,&hellip;\n","protected":false},"author":2,"featured_media":121474,"comment_status":"","ping_status":"","sticky":false,"template":"","format":"standard","meta":{"footnotes":""},"categories":[1889],"tags":[1111,11,2430,1687,2757,1777,674,2271,1011,27,2428,2756,873,12,2661,25,3140],"class_list":{"0":"post-121473","1":"post","2":"type-post","3":"status-publish","4":"format-standard","5":"has-post-thumbnail","7":"category-lyon","8":"tag-actu","9":"tag-actualites","10":"tag-auvergne-rhone-alpes","11":"tag-culture-loisirs","12":"tag-edition-lyon-villeurbanne","13":"tag-eu","14":"tag-europe","15":"tag-exposition-arts-plastiques","16":"tag-fr","17":"tag-france","18":"tag-lyon","19":"tag-lyon-bassin","20":"tag-musique","21":"tag-news","22":"tag-patrimoine-culturel","23":"tag-republique-francaise","24":"tag-spectacle"},"share_on_mastodon":{"url":"https:\/\/pubeurope.com\/@fr\/114556105124312459","error":""},"_links":{"self":[{"href":"https:\/\/www.europesays.com\/fr\/wp-json\/wp\/v2\/posts\/121473","targetHints":{"allow":["GET"]}}],"collection":[{"href":"https:\/\/www.europesays.com\/fr\/wp-json\/wp\/v2\/posts"}],"about":[{"href":"https:\/\/www.europesays.com\/fr\/wp-json\/wp\/v2\/types\/post"}],"author":[{"embeddable":true,"href":"https:\/\/www.europesays.com\/fr\/wp-json\/wp\/v2\/users\/2"}],"replies":[{"embeddable":true,"href":"https:\/\/www.europesays.com\/fr\/wp-json\/wp\/v2\/comments?post=121473"}],"version-history":[{"count":0,"href":"https:\/\/www.europesays.com\/fr\/wp-json\/wp\/v2\/posts\/121473\/revisions"}],"wp:featuredmedia":[{"embeddable":true,"href":"https:\/\/www.europesays.com\/fr\/wp-json\/wp\/v2\/media\/121474"}],"wp:attachment":[{"href":"https:\/\/www.europesays.com\/fr\/wp-json\/wp\/v2\/media?parent=121473"}],"wp:term":[{"taxonomy":"category","embeddable":true,"href":"https:\/\/www.europesays.com\/fr\/wp-json\/wp\/v2\/categories?post=121473"},{"taxonomy":"post_tag","embeddable":true,"href":"https:\/\/www.europesays.com\/fr\/wp-json\/wp\/v2\/tags?post=121473"}],"curies":[{"name":"wp","href":"https:\/\/api.w.org\/{rel}","templated":true}]}}