{"id":121475,"date":"2025-05-23T08:03:08","date_gmt":"2025-05-23T08:03:08","guid":{"rendered":"https:\/\/www.europesays.com\/fr\/121475\/"},"modified":"2025-05-23T08:03:08","modified_gmt":"2025-05-23T08:03:08","slug":"voici-les-brocantes-et-vide-greniers-organises-a-paris-et-en-ile-de-france-le-week-end-des-24-et-25-mai","status":"publish","type":"post","link":"https:\/\/www.europesays.com\/fr\/121475\/","title":{"rendered":"Voici les brocantes et vide-greniers organis\u00e9s \u00e0 Paris et en \u00cele-de-France le week-end des 24 et 25 mai"},"content":{"rendered":"<p>            Par<br \/>\n        <strong><br \/>\n            <a href=\"https:\/\/actu.fr\/auteur\/redaction-paris\" title=\"Consulter tous les articles de R\u00e9daction Paris\" rel=\"nofollow noopener\" target=\"_blank\">R\u00e9daction Paris<\/a><br \/>\n        <\/strong><\/p>\n<p>        Publi\u00e9 le<\/p>\n<p>            23 mai 2025 \u00e0 9h49        <\/p>\n<p>La <a href=\"https:\/\/actu.fr\/meteo\" rel=\"nofollow noopener\" target=\"_blank\">m\u00e9t\u00e9o<\/a> ne devrait pas \u00eatre ensoleill\u00e9e mais qu\u2019importe. <strong>Les Franciliens vont avoir de nombreuses occasions de chiner<\/strong> dans la r\u00e9gion ce week-end. Samedi 24 et dimanche 25 mai 2025, \u00e9norm\u00e9ment de <a href=\"https:\/\/actu.fr\/tag\/brocante\" rel=\"nofollow noopener\" target=\"_blank\">brocantes<\/a> et <a href=\"https:\/\/actu.fr\/tag\/vide-greniers\" rel=\"nofollow noopener\" target=\"_blank\">vide-greniers<\/a> sont organis\u00e9s \u00e0 Paris et dans l\u2019ensemble de l\u2019\u00cele-de-France.\u00a0<\/p>\n<p>Les\u00a0 brocantes et vide-greniers organis\u00e9s \u00e0 Paris et en \u00cele-de-France samedi 24 mai<\/p>\n<ul class=\" wall-content\">\n<li><strong>Paris (3e) :<\/strong> Brocante de 8h30 \u00e0 18h. Entr\u00e9e gratuite. Square du Temple \u2013 Mairie du 3e \u2013 Carreau du Temple, Rue de Bretagne, Quartier des Enfants-Rouges<\/li>\n<li><strong>Paris (5e) :<\/strong> Vide-greniers de 6h \u00e0 18h. Entr\u00e9e gratuite. 17, Rue Monge<\/li>\n<li><strong>Paris (6e) :<\/strong> Salon des antiquaires de 9h \u00e0 19h. Entr\u00e9e gratuite. Place et rue de l\u2019Od\u00e9on<\/li>\n<li><strong>Paris (14e) :<\/strong> Vide-greniers de 8h \u00e0 18h. Entr\u00e9e gratuite. KFC, Avenue Jean Moulin<\/li>\n<li><strong>Paris (16e) :<\/strong> Vide-greniers. Entr\u00e9e gratuite. March\u00e9 Gros-la-Fontaine, Rue Gros<\/li>\n<li><strong>Paris (16e) :<\/strong> Brocante. Entr\u00e9e gratuite. 18, Rue de Passy<\/li>\n<li><strong>Paris (18e) :<\/strong> Vide-greniers de 8h \u00e0 17h. Entr\u00e9e gratuite. Centre Paris Anim\u2019 Jean-Michel Martial, Rue Tcha\u00efkovski<\/li>\n<li><strong>Paris (20e) :<\/strong> Brocante de 7h \u00e0 19h. Entr\u00e9e gratuite. Place Gambetta<\/li>\n<li><strong>Bouafle (78) :<\/strong> Vide-greniers.\u00a0 Entr\u00e9e gratuite. Toute la ville<\/li>\n<li><strong>Gressey (78) :<\/strong> Vide-greniers de 9h \u00e0 18h30. Entr\u00e9e gratuite. Salle des f\u00eates<\/li>\n<li><strong>Hardricourt (78) :<\/strong> Brocante de 15h30 \u00e0 21h30. Entr\u00e9e gratuite. Chemin des Gloriettes<\/li>\n<li><strong>Longnes (78) :<\/strong> Vide-greniers de 14h \u00e0 22h. Entr\u00e9e gratuite. Rue du Clos Hubert<\/li>\n<li><strong>Maurepas (78) :<\/strong> Vide-greniers de 10h30 \u00e0 19h30. Entr\u00e9e gratuite. Festi, Rond-Point du Docteur Laurent Schwartz<\/li>\n<li><strong>Breuillet (91) :<\/strong> Vide-greniers de 9h \u00e0 18h. Entr\u00e9e gratuite. Club Port-Sud, 1 Cours de l\u2019Amiraut\u00e9<\/li>\n<li><strong>Savigny-sur-Orge (91) :<\/strong> Brocante de 9h30 \u00e0 17h30. Entr\u00e9e gratuite. 27, Rue Charles Rossignol<\/li>\n<li><strong>Antony (92) :<\/strong> Brocante de 8h \u00e0 18h. Entr\u00e9e gratuite. Rue Madeleine<\/li>\n<li><strong>Bagneux (92) :<\/strong> Vide-greniers de 9h \u00e0 18h. Entr\u00e9e gratuite. 3 Rue de Turin, Parc Nelson Mandela<\/li>\n<li><strong>Drancy (93) :<\/strong> Vide-greniers de 8h \u00e0 18h. Entr\u00e9e gratuite. 5 Rue de la Semeuse<\/li>\n<li><strong>Le Pr\u00e9-Saint-Gervais (93) :<\/strong> Vide-greniers \u00e0 partir de 6h. Entr\u00e9e gratuite. Place S\u00e9verine, Avenue Edouard Vaillant, Avenue Jean Jaur\u00e8s<\/li>\n<li><strong>Montreuil (93) :<\/strong> Brocante. Entr\u00e9e gratuite. Place du March\u00e9<\/li>\n<li><strong>Charenton-le-Pont (94) :<\/strong> Vide-greniers de 8h \u00e0 17h. Entr\u00e9e gratuite. Place Aristide Briand, Rue de Paris<\/li>\n<li><strong>Ivry-sur-Seine (94) :<\/strong> Vide-greniers de 11h \u00e0 18h. Entr\u00e9e gratuite. 20, Boulevard du Colonel Fabien<\/li>\n<li><strong>Ableiges (95) :<\/strong> Brocante et vide-greniers de 9h \u00e0 16h. Entr\u00e9e gratuite. Domaine d\u2019Ableiges<\/li>\n<\/ul>\n<p>Les\u00a0 brocantes et vide-greniers organis\u00e9s \u00e0 Paris et en \u00cele-de-France dimanche 25 mai<\/p>\n<ul class=\" wall-content\">\n<li><strong>Paris (3e) :<\/strong> Brocante de 8h30 \u00e0 18h. Entr\u00e9e gratuite. Square du Temple \u2013 Mairie du 3e \u2013 Carreau du Temple, Rue de Bretagne, Quartier des Enfants-Rouges<\/li>\n<li><strong>Paris (4e) :<\/strong> Vide-greniers de 9h \u00e0 18h. Entr\u00e9e gratuite. Village Saint-Paul, Rue Saint-Paul<\/li>\n<li><strong>Paris (4e) :<\/strong> Vide-greniers de 8h30 \u00e0 18h30. Entr\u00e9e gratuite. Place Baudoyer, rue des Barres, rue du Grenier sur l\u2019Eau<\/li>\n<li><strong>Paris (5e) :<\/strong> Vide-greniers de 6h \u00e0 18h30. Entr\u00e9e gratuite. 229, Rue Saint-Jacques<\/li>\n<li><strong>Paris (5e) :<\/strong> Vide-greniers de 8h \u00e0 19h. Entr\u00e9e gratuite. 76, Boulevard de Port-Royal<\/li>\n<li><strong>Paris (6e) :<\/strong> Salon des antiquaires de 9h \u00e0 19h. Entr\u00e9e gratuite. Place et rue de l\u2019Od\u00e9on<\/li>\n<li><strong>Paris (6e) :<\/strong> Vide-greniers. Entr\u00e9e gratuite. 9, Rue Saint-Placide<\/li>\n<li><strong>Paris (12e) :<\/strong> Vide-greniers de 9h \u00e0 19h. Entr\u00e9e gratuite. 41, Rue Jacques Hillairet<\/li>\n<li><strong>Paris (13e) :<\/strong> Vide-greniers. Entr\u00e9e gratuite. Avenue de Choisy, Rue Perret et parvis de Monoprix avenue d\u2019Italie<\/li>\n<li><strong>Paris (14e) :<\/strong> Vide-greniers. Entr\u00e9e gratuite. 49 Avenue de l\u2019Observatoire \u00e0 la Cassini<\/li>\n<li><strong>Paris (16e) :<\/strong> Brocante. Entr\u00e9e gratuite. 18, Rue de Passy<\/li>\n<li><strong>Paris (17e) :<\/strong> Vide-greniers de 6h \u00e0 18h. Entr\u00e9e gratuite. 8, Place Charles Fillion<\/li>\n<li><strong>Paris (18e) :<\/strong> Vide-greniers de 9h \u00e0 19h. Entr\u00e9e gratuite. Rues Esclangon et Ruisseau<\/li>\n<li><strong>Paris (20e) :<\/strong> Brocante de 7h \u00e0 19h. Entr\u00e9e gratuite. Place Gambetta<\/li>\n<li><strong>Paris (20e) :<\/strong> Vide-greniers de 8h \u00e0 18h. Entr\u00e9e gratuite. Cours de Vincennes<\/li>\n<li><strong>Paris (20e) :<\/strong> Vide-greniers. Entr\u00e9e gratuite. Rue du Groupe Manouchian<\/li>\n<li><strong>Chelles (77) :<\/strong> Brocante. Entr\u00e9e gratuite. Carrefour, Avenue du Gendarme Castermant, Terre Ciel<\/li>\n<li><strong>Bannost-Villegagnon (77) :<\/strong> Brocante et vide-greniers. Entr\u00e9e gratuite. Entr\u00e9e gratuite. Rue de la gare<\/li>\n<li><strong>Beaumont-du-G\u00e2tinais (77) :<\/strong> Brocante de 7h \u00e0 17h. Entr\u00e9e gratuite. Stade, rue du Pont<\/li>\n<li><strong>Chalifert (77) :<\/strong> Vide-greniers de 8h \u00e0 17h. Entr\u00e9e gratuite. ZAE<\/li>\n<li><strong>Champagne-sur-Seine (77) :<\/strong> Brocante de 8h \u00e0 18h. Entr\u00e9e gratuite. 18, Rue Henri Paul<\/li>\n<li><strong>Chaumes-en-Brie (77) :<\/strong> Vide-greniers de 8h \u00e0 18h. Entr\u00e9e gratuite. Avenue Paul Doumer<\/li>\n<li><strong>Courtry (77) :<\/strong> Vide-greniers de 6h \u00e0 18h. Entr\u00e9e gratuite. Rue Charles Van Wyng\u00e8ne<\/li>\n<li><strong>Meaux (77) :<\/strong> Vide-greniers de 6h30 \u00e0 17h. Entr\u00e9e gratuite. Champ de foire, avenue de la Marne<\/li>\n<li><strong>Mennecy (77) :<\/strong> Braderie de 8h \u00e0 18h. Entr\u00e9e gratuite. 8, Avenue Darblay<\/li>\n<li><strong>Saint-Fargeau-Ponthierry (77) :<\/strong> Vide-greniers de 8h \u00e0 18h. Entr\u00e9e gratuite. Rue de la Fileuse \u00e9cole St Exup\u00e9ry centre motricit\u00e9<\/li>\n<li><strong>Buchelay (78) :<\/strong> Brocante de 8h \u00e0 17h. Entr\u00e9e gratuite. Parking D\u00e9cathlon<\/li>\n<li><strong>Rambouillet (78) :<\/strong> Vide-greniers de 8h30 \u00e0 18h30. Entr\u00e9e gratuite. Hippodrome de Rambouillet, Rue du Petit Gril<\/li>\n<li><strong>Saint-Germain-en-Laye (78) :<\/strong> Vide-greniers de 9h \u00e0 18h. Entr\u00e9e gratuite. La Soucoupe, 16-18, Boulevard Hector Berlioz<\/li>\n<li><strong>Coigni\u00e8res (78) :<\/strong> Vide-greniers de 9h \u00e0 18h. Entr\u00e9e gratuite. Gare de Coigni\u00e8res, Avenue de la Gare<\/li>\n<li><strong>Jouy-en-Josas (78) :<\/strong> Vide-greniers de 8h30 \u00e0 18h. Entr\u00e9e gratuite. 35, Rue Saint-Roch<\/li>\n<li><strong>Le Mesnil-le-Roi (78) :<\/strong> Vide-greniers de 8h \u00e0 18h. Entr\u00e9e gratuite. Stade Pierre Taranne, Clos des Grands Champs<\/li>\n<li><strong>Magny-les-Hameaux (78) :<\/strong> Brocante de 8h \u00e0 17h30. Entr\u00e9e gratuite. Jardin Public Nelson Mandela<\/li>\n<li><strong>Maurecourt (78) :<\/strong> Brocante de 8h \u00e0 18h. Entr\u00e9e gratuite. Rue Maurice Berteaux et Quai Boubou Dado<\/li>\n<li><strong>Noisy-le-Roi (78) :<\/strong> Brocante de 9h \u00e0 18h. Entr\u00e9e gratuite. All\u00e9e du bon repos<\/li>\n<li><strong>V\u00e9lizy-Villacoublay (78) :<\/strong> Vide-greniers de 9h30 \u00e0 18h30. Entr\u00e9e gratuite. Rue de la Division Leclerc<\/li>\n<li><strong>Juvisy-sur-Orge (91) :<\/strong> Vide-greniers de 6h \u00e0 17h. Entr\u00e9e gratuite. Quai Gambetta<\/li>\n<li><strong>La Ville-du-Bois (91) :<\/strong> Vide-greniers de 6h \u00e0 18h. Entr\u00e9e gratuite. Place Mairie Grande Rue<\/li>\n<li><strong>Chilly-Mazarin (91) :<\/strong> Vide-greniers de 9h \u00e0 17h. Entr\u00e9e gratuite. Square La Valli\u00e8re, R\u00e9sidence Bois des Ormes<\/li>\n<li><strong>Le Coudray-Montceaux (91) :<\/strong> Vide-greniers de 8h \u00e0 18h. Entr\u00e9e gratuite. Rue des Champs<\/li>\n<li><strong>Vert-le-Petit (91) :<\/strong> Vide-greniers de 8h \u00e0 17h. Entr\u00e9e gratuite. All\u00e9e Jean Jaur\u00e8s, jardin public<\/li>\n<li><strong>Ch\u00e2tillon (92) :<\/strong> Vide-greniers de 9h \u00e0 18h. Entr\u00e9e gratuite. Quartier de la mairie<\/li>\n<li><strong>Montrouge (92) :<\/strong> Vide-greniers de 9h \u00e0 18h. Entr\u00e9e gratuite. Avenue de la Marne<\/li>\n<li><strong>Bagnolet (93) :<\/strong> Vide-greniers. Entr\u00e9e gratuite. Avenue du plateau<\/li>\n<li><strong>Montreuil (93) :<\/strong> Vide-greniers. Entr\u00e9e gratuite. Rue des Charmes<\/li>\n<li><strong>Noisy-le-Sec (93) :<\/strong> Vide-greniers de 6h \u00e0 18h. Entr\u00e9e gratuite. Pharmacie du March\u00e9, Rue Adrien Damoiselet<\/li>\n<li><strong>Chennevi\u00e8res-sur-Marne (94) :<\/strong> Brocante de 8h \u00e0 18h. Entr\u00e9e gratuite. Leader Price du Belv\u00e9d\u00e8re, 13 Rue du Belv\u00e9d\u00e8re<\/li>\n<li><strong>Charenton-le-Pont (94) :<\/strong> Vide-greniers de 8h \u00e0 17h. Entr\u00e9e gratuite. Place Aristide Briand, Rue de Paris<\/li>\n<li><strong>Chevilly-Larue (94) :<\/strong> Vide-greniers de 9h \u00e0 17h30. Entr\u00e9e gratuite. Gymnase municipal Dericbourg, 42, Rue de l\u2019Adjudant-Chef Dericbourg<\/li>\n<li><strong>Sucy-en-Brie (94) :<\/strong> Vide-greniers. Entr\u00e9e gratuite. Salle de Danse, Rue Porchefontaine<\/li>\n<li><strong>Villejuif (94) :<\/strong> Vide-greniers de 10h \u00e0 17h. Entr\u00e9e gratuite. \u00c9cole Marcel Cachin<\/li>\n<li><strong>Herblay-sur-Seine (95) :<\/strong> Brocante de 9h \u00e0 18h. Entr\u00e9e gratuite. Rue Chateaubriand<\/li>\n<li><strong>Ableiges (95) :<\/strong> Brocante et vide-greniers de 9h \u00e0 16h. Entr\u00e9e gratuite. Domaine d\u2019Ableiges<\/li>\n<li><strong>Cergy (95) :<\/strong> Brocante de 8h \u00e0 17h30. Entr\u00e9e gratuite. Boulevard du Port<\/li>\n<\/ul>\n<p class=\" wall-content\">Suivez toute l\u2019actualit\u00e9 de vos villes et m\u00e9dias favoris en vous inscrivant \u00e0 <a href=\"https:\/\/moncompte.actu.fr\" title=\"D\u00e9couvez Mon Actu\" rel=\"nofollow noopener\" data-trk=\"{&quot;cta&quot;:{&quot;action&quot;:&quot;https:\\\/\\\/moncompte.actu.fr&quot;,&quot;category&quot;:&quot;mon compte&quot;,&quot;from&quot;:&quot;article footer&quot;,&quot;name&quot;:&quot;Mon actu&quot;,&quot;type&quot;:&quot;cta&quot;}}\" target=\"_blank\">Mon Actu<\/a>.<\/p>\n","protected":false},"excerpt":{"rendered":"Par R\u00e9daction Paris Publi\u00e9 le 23 mai 2025 \u00e0 9h49 La m\u00e9t\u00e9o ne devrait pas \u00eatre ensoleill\u00e9e mais&hellip;\n","protected":false},"author":2,"featured_media":121476,"comment_status":"","ping_status":"","sticky":false,"template":"","format":"standard","meta":{"footnotes":""},"categories":[1592],"tags":[1111,11,6961,1777,674,1011,27,662,1652,12,626,25,3365],"class_list":{"0":"post-121475","1":"post","2":"type-post","3":"status-publish","4":"format-standard","5":"has-post-thumbnail","7":"category-ile-de-france","8":"tag-actu","9":"tag-actualites","10":"tag-brocante","11":"tag-eu","12":"tag-europe","13":"tag-fr","14":"tag-france","15":"tag-ile-de-france","16":"tag-loisirs-culture","17":"tag-news","18":"tag-paris","19":"tag-republique-francaise","20":"tag-vide-greniers"},"share_on_mastodon":{"url":"https:\/\/pubeurope.com\/@fr\/114556109023184290","error":""},"_links":{"self":[{"href":"https:\/\/www.europesays.com\/fr\/wp-json\/wp\/v2\/posts\/121475","targetHints":{"allow":["GET"]}}],"collection":[{"href":"https:\/\/www.europesays.com\/fr\/wp-json\/wp\/v2\/posts"}],"about":[{"href":"https:\/\/www.europesays.com\/fr\/wp-json\/wp\/v2\/types\/post"}],"author":[{"embeddable":true,"href":"https:\/\/www.europesays.com\/fr\/wp-json\/wp\/v2\/users\/2"}],"replies":[{"embeddable":true,"href":"https:\/\/www.europesays.com\/fr\/wp-json\/wp\/v2\/comments?post=121475"}],"version-history":[{"count":0,"href":"https:\/\/www.europesays.com\/fr\/wp-json\/wp\/v2\/posts\/121475\/revisions"}],"wp:featuredmedia":[{"embeddable":true,"href":"https:\/\/www.europesays.com\/fr\/wp-json\/wp\/v2\/media\/121476"}],"wp:attachment":[{"href":"https:\/\/www.europesays.com\/fr\/wp-json\/wp\/v2\/media?parent=121475"}],"wp:term":[{"taxonomy":"category","embeddable":true,"href":"https:\/\/www.europesays.com\/fr\/wp-json\/wp\/v2\/categories?post=121475"},{"taxonomy":"post_tag","embeddable":true,"href":"https:\/\/www.europesays.com\/fr\/wp-json\/wp\/v2\/tags?post=121475"}],"curies":[{"name":"wp","href":"https:\/\/api.w.org\/{rel}","templated":true}]}}