{"id":121489,"date":"2025-05-23T08:12:10","date_gmt":"2025-05-23T08:12:10","guid":{"rendered":"https:\/\/www.europesays.com\/fr\/121489\/"},"modified":"2025-05-23T08:12:10","modified_gmt":"2025-05-23T08:12:10","slug":"la-russie-repousse-une-attaque-de-drones-ukrainiens-huit-blesses","status":"publish","type":"post","link":"https:\/\/www.europesays.com\/fr\/121489\/","title":{"rendered":"La Russie repousse une attaque de drones ukrainiens, huit bless\u00e9s&#8230;"},"content":{"rendered":"<p>La Russie a dit vendredi avoir abattu dans la nuit 112 drones ukrainiens qui ont notamment cibl\u00e9 la r\u00e9gion de Moscou, des attaques a\u00e9riennes visant le pays et sa capitale pour la troisi\u00e8me journ\u00e9e cons\u00e9cutive et perturbant le fonctionnement de plusieurs a\u00e9roports. Depuis 19h jeudi, \u00ab les syst\u00e8mes de d\u00e9fense antia\u00e9rienne ont d\u00e9truit et intercept\u00e9 112 drones a\u00e9riens ukrainiens \u00bb, dont 24 volaient en direction de Moscou, a indiqu\u00e9 le minist\u00e8re russe de la D\u00e9fense.<\/p>\n<p>Dans la r\u00e9gion de Lipetsk, \u00e0 environ 450 km au sud-est de Moscou, la chute d&rsquo;un drone dans une zone industrielle de la ville de Ielets a provoqu\u00e9 un incendie faisant huit bless\u00e9s, a pr\u00e9cis\u00e9 pour sa part le gouverneur r\u00e9gional, Igor Artamonov, sur Telegram.<\/p>\n<p>La Russie et l&rsquo;Ukraine s&rsquo;affrontent \u00e0 coups de drones explosifs de mani\u00e8re quasi-quotidienne depuis que Moscou a lanc\u00e9 une offensive contre son voisin ukrainien il y a plus de trois ans. Depuis mercredi, ces attaques se sont intensifi\u00e9es des deux c\u00f4t\u00e9s, les drones ukrainiens ciblant notamment la capitale russe, rarement vis\u00e9e jusqu&rsquo;ici, et paralysant \u00e0 plusieurs reprises le fonctionnement de ses a\u00e9roports.<\/p>\n","protected":false},"excerpt":{"rendered":"La Russie a dit vendredi avoir abattu dans la nuit 112 drones ukrainiens qui ont notamment cibl\u00e9 la&hellip;\n","protected":false},"author":2,"featured_media":121490,"comment_status":"","ping_status":"","sticky":false,"template":"","format":"standard","meta":{"footnotes":""},"categories":[1590],"tags":[47,11,75,73,1777,674,23564,131,74,1916,12,132,220,135,134],"class_list":{"0":"post-121489","1":"post","2":"type-post","3":"status-publish","4":"format-standard","5":"has-post-thumbnail","7":"category-ukraine","8":"tag-actualite","9":"tag-actualites","10":"tag-donald-trump","11":"tag-etats-unis","12":"tag-eu","13":"tag-europe","14":"tag-g7","15":"tag-guerre-en-ukraine","16":"tag-monde","17":"tag-moscou","18":"tag-news","19":"tag-russie","20":"tag-ukraine","21":"tag-vladimir-poutine","22":"tag-volodymyr-zelensky"},"share_on_mastodon":{"url":"https:\/\/pubeurope.com\/@fr\/114556144930176124","error":""},"_links":{"self":[{"href":"https:\/\/www.europesays.com\/fr\/wp-json\/wp\/v2\/posts\/121489","targetHints":{"allow":["GET"]}}],"collection":[{"href":"https:\/\/www.europesays.com\/fr\/wp-json\/wp\/v2\/posts"}],"about":[{"href":"https:\/\/www.europesays.com\/fr\/wp-json\/wp\/v2\/types\/post"}],"author":[{"embeddable":true,"href":"https:\/\/www.europesays.com\/fr\/wp-json\/wp\/v2\/users\/2"}],"replies":[{"embeddable":true,"href":"https:\/\/www.europesays.com\/fr\/wp-json\/wp\/v2\/comments?post=121489"}],"version-history":[{"count":0,"href":"https:\/\/www.europesays.com\/fr\/wp-json\/wp\/v2\/posts\/121489\/revisions"}],"wp:featuredmedia":[{"embeddable":true,"href":"https:\/\/www.europesays.com\/fr\/wp-json\/wp\/v2\/media\/121490"}],"wp:attachment":[{"href":"https:\/\/www.europesays.com\/fr\/wp-json\/wp\/v2\/media?parent=121489"}],"wp:term":[{"taxonomy":"category","embeddable":true,"href":"https:\/\/www.europesays.com\/fr\/wp-json\/wp\/v2\/categories?post=121489"},{"taxonomy":"post_tag","embeddable":true,"href":"https:\/\/www.europesays.com\/fr\/wp-json\/wp\/v2\/tags?post=121489"}],"curies":[{"name":"wp","href":"https:\/\/api.w.org\/{rel}","templated":true}]}}