{"id":121491,"date":"2025-05-23T08:13:11","date_gmt":"2025-05-23T08:13:11","guid":{"rendered":"https:\/\/www.europesays.com\/fr\/121491\/"},"modified":"2025-05-23T08:13:11","modified_gmt":"2025-05-23T08:13:11","slug":"un-deal-suisse-usa-mais-a-quel-prix","status":"publish","type":"post","link":"https:\/\/www.europesays.com\/fr\/121491\/","title":{"rendered":"Un deal Suisse-USA, mais \u00e0 quel prix?"},"content":{"rendered":"<p>        Le pr\u00e9sident am\u00e9ricain Donald Trump a fait trembler la Conf\u00e9d\u00e9ration en la mena\u00e7ant de lui imposer des droits de douane de 31%. Pour tenter d\u2019y \u00e9chapper, le Conseil f\u00e9d\u00e9ral a lanc\u00e9 une offensive de charme. Mais est-ce la bonne strat\u00e9gie? Le sujet a \u00e9t\u00e9 d\u00e9battu dans notre \u00e9mission film\u00e9e Let\u2019s Talk.\n<\/p>\n<p>        Ce contenu a \u00e9t\u00e9 publi\u00e9 sur    <\/p>\n<p>        23 mai 2025 &#8211; 10:03\n<\/p>\n<p>\n            Katy Romy        <\/p>\n<p>    <img src=\"https:\/\/www.europesays.com\/fr\/wp-content\/uploads\/2025\/05\/katy-romy-profileImage-42390267.png\" width=\"998\" height=\"998\" alt=\"\" loading=\"lazy\" decoding=\"async\"\/><\/p>\n<p>\n                Correspondante au Palais f\u00e9d\u00e9rale pour SWI swissinfo.ch, je d\u00e9crypte la politique f\u00e9d\u00e9rale pour les Suisses de l&rsquo;\u00e9tranger.<br \/>\nApr\u00e8s des \u00e9tudes \u00e0 l&rsquo;Acad\u00e9mie du journalisme et des m\u00e9dias de l\u2019Universit\u00e9 de Neuch\u00e2tel, mon parcours professionnel m&rsquo;a d&rsquo;abord men\u00e9e dans divers m\u00e9dias r\u00e9gionaux, au sein des r\u00e9dactions du Journal du Jura, de Canal 3 et de Radio Jura bernois. Depuis 2015, je travaille au sein de la r\u00e9daction multilingue de SWI swissinfo.ch, o\u00f9 je continue \u00e0 exercer mon m\u00e9tier avec passion.            <\/p>\n<ul class=\"author__content\/links\">\n<li class=\"author__content\/links__item\">\n            <a href=\"https:\/\/www.swissinfo.ch\/fre\/author\/katy-romy\/\" target=\"_blank\" rel=\"noopener\"><br \/>\n                Plus d\u2019articles de cet auteur \/ cette autrice            <\/a>\n        <\/li>\n<li class=\"author__content\/links__item\">\n            <a href=\"https:\/\/www.swissinfo.ch\/fre\/department\/redaction-en-langue-francaise\" target=\"_blank\" rel=\"noopener\"><br \/>\n                R\u00e9daction en langue fran\u00e7aise            <\/a>\n        <\/li>\n<\/ul>\n<p>                Autre langue: 1            <\/p>\n<p>                    FR original                <\/p>\n<ul class=\"article-translations__list\">\n<li class=\"article-translations__list-item\">\n<p>\n        Deutsch    <\/p>\n<p>\n        de    <\/p>\n<p>            \u00a0\u00abDie USA waren uns Vorbild. Umso schwieriger ist dieser Bruch\u00bb\n            <\/p>\n<p>    <a class=\"article-translations-item__link\" lang=\"de\" href=\"https:\/\/www.swissinfo.ch\/ger\/schweizer-politik\/trumps-z%c3%b6lle-und-die-schweiz-ein-schwieriger-bruch\/89354101\" target=\"_blank\" rel=\"noopener\"><\/p>\n<p>            lire plus \u00a0\u00abDie USA waren uns Vorbild. Umso schwieriger ist dieser Bruch\u00bb<br \/>\n    <\/a><\/p>\n<\/li>\n<\/ul>\n<p>Donald Trump ne m\u00e9nage pas la Suisse. Il a menac\u00e9 de <a href=\"https:\/\/www.swissinfo.ch\/fre\/place-economique-suisse\/pourquoi-la-suisse-est-aussi-durement-touch%C3%A9e-par-les-droits-de-douane-de-trump\/89107561\" target=\"_blank\" rel=\"noopener\">taxer les exportations helv\u00e9tiques<\/a> vers les \u00c9tats-Unis \u00e0 hauteur de 31 %. En r\u00e9ponse, le Conseil f\u00e9d\u00e9ral a lanc\u00e9 une op\u00e9ration de s\u00e9duction. Celle-ci semble avoir port\u00e9 ses fruits puisqu\u2019une d\u00e9claration d\u2019intention commerciale entre les deux pays devrait \u00eatre finalis\u00e9e prochainement.<\/p>\n<p>Si la gauche avait initialement accus\u00e9 le Conseil f\u00e9d\u00e9ral de faire des courbettes \u00e0 Donald Trump, la d\u00e9put\u00e9e socialiste Laurence Fehlmann Rielle reconna\u00eet, dans Let\u2019s Talk, que tenter de n\u00e9gocier pour infl\u00e9chir les droits de douane \u00e9tait une bonne chose. \u00c9galement membre de la Commission de politique ext\u00e9rieure du Conseil national, elle avertit toutefois: \u00abLe pr\u00e9sident Trump joue toujours sur les rapports de force. Il ne faut donc pas s\u2019empresser de s\u2019aplatir devant lui\u00bb.<\/p>\n<p>Le d\u00e9put\u00e9 du Parti lib\u00e9ral radical (PLR \/ droite) Damien Cottier, qui <a href=\"https:\/\/www.eda.admin.ch\/countries\/usa\/fr\/home\/representations\/ambassade\/taches\/politique-presse\/friends.html\" target=\"_blank\" rel=\"noopener\">pr\u00e9side l\u2019association parlementaire Suisse-USALien externe<\/a>, d\u00e9fend l\u2019action du gouvernement: \u00abLe Conseil f\u00e9d\u00e9ral ne s\u2019aplatit devant rien du tout. Il a cherch\u00e9 le dialogue pour trouver un accord avec les \u00c9tats-Unis, en mettant en lumi\u00e8re les atouts de la Conf\u00e9d\u00e9ration\u00bb.<\/p>\n<p><strong>&gt;&gt; Le d\u00e9put\u00e9 PLR Damien Cottier estime que la strat\u00e9gie du Conseil f\u00e9d\u00e9ral est la bonne:<\/strong><\/p>\n<p>Pour tenter d\u2019amadouer Donald Trump, la Suisse pourrait encore faire diff\u00e9rentes concessions. L\u2019une des options serait par exemple de renoncer \u00e0 imposer une taxe sur les produits agricoles. \u00abCe serait la mort de l\u2019agriculture suisse\u00bb, pr\u00e9vient, dans l\u2019\u00e9mission, Didier Calame, d\u00e9put\u00e9 de l\u2019Union d\u00e9mocratique du centre (UDC \/ droite conservatrice), agriculteur et membre de la Commission de politique ext\u00e9rieure du Conseil national.<\/p>\n<p>Par ailleurs, le Conseil f\u00e9d\u00e9ral a r\u00e9cemment d\u00e9cid\u00e9 de repousser une r\u00e9glementation des r\u00e9seaux sociaux, dans le but d\u2019apaiser les tensions avec Washington. Cela a suscit\u00e9 l\u2019ire de nombreux parlementaires, de gauche comme de droite, qui lui ont adress\u00e9 <a href=\"https:\/\/algorithmwatch.ch\/fr\/reglementation-des-plateformes-en-ligne-le-conseil-federal-saplatit-devant-trump-musk-et-consorts\/\" target=\"_blank\" rel=\"noopener\">une lettre ouverteLien externe<\/a> sous l\u2019\u00e9gide de l\u2019ONG AlgorithmWatch CH, l\u2019accusant de s\u2019aplatir \u00abdevant Trump, Musk et consorts\u00bb.<\/p>\n<p>Damien Cottier r\u00e9fute toutefois cette interpr\u00e9tation: \u00abIl ne s\u2019agit que d\u2019un report de cette r\u00e9glementation. Il aurait \u00e9t\u00e9 faux d\u2019amener un facteur d\u2019irritation \u00e0 un moment o\u00f9 l\u2019on cherche \u00e0 n\u00e9gocier\u00bb.<\/p>\n<p><strong>&gt;&gt; Le correspondant de la RTS \u00e0 Washington analyse la strat\u00e9gie du Conseil f\u00e9d\u00e9ral:<\/strong><\/p>\n<p>La Suisse doit-elle se tourner vers d\u2019autres partenaires?<\/p>\n<p>L\u2019impr\u00e9visibilit\u00e9 du pr\u00e9sident am\u00e9ricain devrait inciter la Suisse \u00e0 acc\u00e9l\u00e9rer son rapprochement avec l\u2019Union europ\u00e9enne (UE), aux yeux de Laurence Fehlmann Rielle. \u00abLa priorit\u00e9 est de finaliser le paquet d\u2019accords avec l\u2019UE. Nous aimerions d\u2019ailleurs entendre davantage le Conseil f\u00e9d\u00e9ral pour d\u00e9fendre ces accords, en particulier le ministre PLR des Affaires \u00e9trang\u00e8res Ignazio Cassis\u00bb, affirme la d\u00e9put\u00e9e socialiste.<\/p>\n<p>\u00abOn ne l\u2019entend pas beaucoup, car il travaille au lieu de passer son temps \u00e0 donner des interviews\u00bb, r\u00e9plique Damien Cottier, qui d\u00e9fend le ministre de son parti. Le d\u00e9put\u00e9 PLR consid\u00e8re que la Conf\u00e9d\u00e9ration doit consolider ses relations avec ses trois principaux partenaires commerciaux: l\u2019UE, les \u00c9tats-Unis et la Chine. \u00abCela permet de diversifier les risques si l\u2019un d\u2019eux va moins bien \u00e0 un moment donn\u00e9\u00bb, pr\u00e9cise-t-il.<\/p>\n<p>Dans cette perspective, le Conseil f\u00e9d\u00e9ral pr\u00e9voit de mettre \u00e0 jour ses accords de libre-\u00e9change avec la Chine. En tant qu\u2019agriculteur, Didier Calame ne voit cependant pas cela d\u2019un bon \u0153il, car \u00e0 travers cet accord la Conf\u00e9d\u00e9ration vise un meilleur acc\u00e8s au march\u00e9 chinois dans le domaine de l\u2019agriculture. \u00abCela cr\u00e9erait une concurrence d\u00e9loyale pour les produits suisses\u00bb, affirme-t-il. Il rappelle notamment que la Suisse applique les normes les plus strictes en mati\u00e8re de bien-\u00eatre animal dans l\u2019\u00e9levage.<\/p>\n<p><strong>&gt;&gt; Pour la d\u00e9put\u00e9e socialiste Laurence Fehlmann Rielle, les accords bilat\u00e9raux III sont la priorit\u00e9:<\/strong><\/p>\n<p>Les ann\u00e9es Trump b\u00e9n\u00e9fiques pour la Suisse?<\/p>\n<p>L\u2019ancien ambassadeur des \u00c9tats-Unis en Suisse Edward McMullen a r\u00e9cemment affirm\u00e9 <a href=\"https:\/\/www.blick.ch\/fr\/suisse\/lex-ambassadeur-des-etats-unis-en-suisse-se-confie-a-blick-ed-mcmullen-les-annees-trump-seront-tres-bonnes-pour-la-suisse-id20825016.html\" target=\"_blank\" rel=\"noopener\">dans le journal BlickLien externe<\/a> que les ann\u00e9es Trump seront tr\u00e8s bonnes pour la Suisse. Damien Cottier ne souhaite pas faire de pr\u00e9visions, mais il estime que le Conseil f\u00e9d\u00e9ral doit cr\u00e9er les conditions qui permettent aux deux pays de travailler ensemble pour cr\u00e9er de l\u2019emploi, de la richesse et offrir une bonne qualit\u00e9 de vie aux habitantes et habitants des deux pays. \u00abSi on \u00e9rige des murs \u00e9conomiques, cela va \u00eatre au d\u00e9triment de la Suisse et des \u00c9tats-Unis\u00bb, avertit-il.<\/p>\n<p>Laurence Fehlmann Rielle se dit inqui\u00e8te. \u00abOn a l\u2019impression que Donald Trump se sent surpuissant et peut faire ce qu\u2019il veut. Il agit \u00e0 coup d\u2019impulsions\u00bb, observe-t-elle. La politicienne genevoise esp\u00e8re une r\u00e9action du peuple am\u00e9ricain pour que le pays revienne \u00e0 une situation plus stable et pr\u00e9visible.<\/p>\n<p>La politique migratoire de Donald Trump inqui\u00e8te les Suisses de l\u2019\u00e9tranger install\u00e9s aux \u00c9tats-Unis. Certains songent \u00e0 un retour au pays, d\u2019autres craignent de perdre leur droit de s\u00e9jour. Pietro Gerosa, un Suisse de New York qui a particip\u00e9 \u00e0 l\u2019\u00e9mission \u00e0 distance, ne compte pas rentrer au pays. \u00abJ\u2019ai en revanche beaucoup d\u2019amis am\u00e9ricains qui r\u00e9fl\u00e9chissent \u00e0 aller s\u2019installer en Europe, car ils ont du mal \u00e0 vivre la situation actuelle\u00bb, dit-il.<\/p>\n<p>Damien Cottier estime que le peuple am\u00e9ricain doit plut\u00f4t s\u2019engager aux \u00c9tats-Unis pour d\u00e9fendre sa d\u00e9mocratie. \u00abC\u2019est une soci\u00e9t\u00e9 qui doit vouloir prendre soin de ses valeurs. Celles-ci ne peuvent pas \u00eatre impos\u00e9es de l\u2019ext\u00e9rieur. Il y a des choses surprenantes, voire choquantes, vu d\u2019Europe, mais ce n\u2019est pas \u00e0 la Suisse d\u2019aller faire la le\u00e7on au monde\u00bb, souligne le d\u00e9put\u00e9 neuch\u00e2telois.<\/p>\n<p>Didier Calame, quant \u00e0 lui, rappelle que Donald Trump a \u00e9t\u00e9 \u00e9lu pour quatre ans. \u00abLes Am\u00e9ricains ont encore 3 ans et demi pour se rendre compte qu\u2019ils n\u2019auraient peut-\u00eatre pas d\u00fb r\u00e9\u00e9lire Donald Trump. S\u2019ils sont intelligents, dans quatre ans, ils \u00e9liront un pr\u00e9sident plus centriste, pragmatique et avec lequel on pourra discuter sans que ce soit: \u2018America First\u2019\u00bb, dit-il.<\/p>\n<p><strong>&gt;&gt; Le conseiller national UDC Didier Calame esp\u00e8re un pr\u00e9sident am\u00e9ricain plus centriste:<\/strong><\/p>\n<p>Relu et v\u00e9rifi\u00e9 par Samuel Jaberg<\/p>\n<p>\n    En savoir plus<\/p>\n<p>                Suivant            <\/p>\n<p>                Pr\u00e9c\u00e9dent            <\/p>\n<p>    <img src=\"https:\/\/www.europesays.com\/fr\/wp-content\/uploads\/2025\/05\/635766790_highres.jpg\" width=\"1300\" height=\"868\" alt=\"trump\" loading=\"lazy\" decoding=\"async\"\/><\/p>\n<p>        Plus    <\/p>\n<p>        Comment la Suisse peut-elle se pr\u00e9parer \u00e0 Trump 2.0?    <\/p>\n<p class=\"teaser-card__excerpt\">\n<p>                        Ce contenu a \u00e9t\u00e9 publi\u00e9 sur                    <\/p>\n<p>                        26 nov. 2024                    <\/p>\n<p>                Alors que Donald Trump devrait adopter une politique \u00e9trang\u00e8re isolationniste et impr\u00e9visible, la Suisse devrait tenter de maintenir une relation harmonieuse avec les \u00c9tats-Unis, partenaire commercial cl\u00e9. Analyse.            <\/p>\n<p>    <a class=\"teaser-card__link\" href=\"https:\/\/www.swissinfo.ch\/fre\/affaires-etrangeres\/comment-la-suisse-peut-elle-se-pr%c3%a9parer-%c3%a0-trump-2-0\/88318812\" target=\"_self\" rel=\"noopener\"><\/p>\n<p>            lire plus Comment la Suisse peut-elle se pr\u00e9parer \u00e0 Trump 2.0?<br \/>\n    <\/a><\/p>\n","protected":false},"excerpt":{"rendered":"Le pr\u00e9sident am\u00e9ricain Donald Trump a fait trembler la Conf\u00e9d\u00e9ration en la mena\u00e7ant de lui imposer des droits&hellip;\n","protected":false},"author":2,"featured_media":121492,"comment_status":"","ping_status":"","sticky":false,"template":"","format":"standard","meta":{"footnotes":""},"categories":[1589],"tags":[11,24315,24316,21332,24312,73,1866,24313,24314,12,24317,1864,1865,1863,308,133],"class_list":{"0":"post-121491","1":"post","2":"type-post","3":"status-publish","4":"format-standard","5":"has-post-thumbnail","7":"category-etats-unis","8":"tag-actualites","9":"tag-beat-swiss-abroad","10":"tag-beat-swiss-politics","11":"tag-diplomacy","12":"tag-economy-general","13":"tag-etats-unis","14":"tag-etats-unis-damerique","15":"tag-foreign-affairs","16":"tag-lets-talk","17":"tag-news","18":"tag-type-video","19":"tag-united-states","20":"tag-united-states-of-america","21":"tag-us","22":"tag-usa","23":"tag-video"},"share_on_mastodon":{"url":"https:\/\/pubeurope.com\/@fr\/114556148393047637","error":""},"_links":{"self":[{"href":"https:\/\/www.europesays.com\/fr\/wp-json\/wp\/v2\/posts\/121491","targetHints":{"allow":["GET"]}}],"collection":[{"href":"https:\/\/www.europesays.com\/fr\/wp-json\/wp\/v2\/posts"}],"about":[{"href":"https:\/\/www.europesays.com\/fr\/wp-json\/wp\/v2\/types\/post"}],"author":[{"embeddable":true,"href":"https:\/\/www.europesays.com\/fr\/wp-json\/wp\/v2\/users\/2"}],"replies":[{"embeddable":true,"href":"https:\/\/www.europesays.com\/fr\/wp-json\/wp\/v2\/comments?post=121491"}],"version-history":[{"count":0,"href":"https:\/\/www.europesays.com\/fr\/wp-json\/wp\/v2\/posts\/121491\/revisions"}],"wp:featuredmedia":[{"embeddable":true,"href":"https:\/\/www.europesays.com\/fr\/wp-json\/wp\/v2\/media\/121492"}],"wp:attachment":[{"href":"https:\/\/www.europesays.com\/fr\/wp-json\/wp\/v2\/media?parent=121491"}],"wp:term":[{"taxonomy":"category","embeddable":true,"href":"https:\/\/www.europesays.com\/fr\/wp-json\/wp\/v2\/categories?post=121491"},{"taxonomy":"post_tag","embeddable":true,"href":"https:\/\/www.europesays.com\/fr\/wp-json\/wp\/v2\/tags?post=121491"}],"curies":[{"name":"wp","href":"https:\/\/api.w.org\/{rel}","templated":true}]}}