{"id":12150,"date":"2025-04-09T08:27:07","date_gmt":"2025-04-09T08:27:07","guid":{"rendered":"https:\/\/www.europesays.com\/fr\/12150\/"},"modified":"2025-04-09T08:27:07","modified_gmt":"2025-04-09T08:27:07","slug":"cette-entreprise-repense-les-formations-aux-soins-grace-a-la-realite-virtuelle","status":"publish","type":"post","link":"https:\/\/www.europesays.com\/fr\/12150\/","title":{"rendered":"cette entreprise repense les formations aux soins gr\u00e2ce \u00e0 la r\u00e9alit\u00e9 virtuelle"},"content":{"rendered":"<p>            Par<br \/>\n        <strong><br \/>\n            <a href=\"https:\/\/actu.fr\/auteur\/bastien-grossin\" title=\"Consulter tous les articles de Bastien Grossin\" rel=\"nofollow noopener\" target=\"_blank\">Bastien Grossin<\/a><br \/>\n        <\/strong><\/p>\n<p>        Publi\u00e9 le<\/p>\n<p>            9 avr. 2025 \u00e0 8h06        <\/p>\n<p>\u00ab\u2009Il y a <b>300\u2009000 \u00e9v\u00e9nements graves associ\u00e9s aux soins m\u00e9dicaux <\/b>chaque ann\u00e9e en France\u2009\u00bb. C\u2019est en partant de ce constat que Mehdi Imouloudene, m\u00e9decin et fondateur de Simpatic, raconte la gen\u00e8se de l\u2019entreprise. \u00ab\u2009On estime que <b>50\u2009% de ces erreurs pourraient \u00eatre \u00e9vit\u00e9es\u2009<\/b>\u00bb. Le fondateur de cette start-up situ\u00e9e \u00e0 <a href=\"https:\/\/actu.fr\/hauts-de-france\/roubaix_59512\" rel=\"nofollow noopener\" target=\"_blank\">Roubaix<\/a> (Nord), a imagin\u00e9 de meilleures formations aux soins bas\u00e9es sur l\u2019immersion, en s\u2019appuyant notamment sur la r\u00e9alit\u00e9 virtuelle et des tissus connect\u00e9s. Cette solution s\u2019applique sur des mannequins standards, comme ceux pr\u00e9sents sur les stands de premiers secours. Nous avons rencontr\u00e9 Mehdi Imouloudene, qui nous a d\u00e9taill\u00e9 son projet. D\u00e9tails.<\/p>\n<p>Un environnement immersif<\/p>\n<p class=\" wall-content\">La solution d\u00e9velopp\u00e9e par Simpatic repose sur un textile connect\u00e9 capable de reproduire des sensations r\u00e9alistes au toucher. Appliqu\u00e9 sur un mannequin standard comme ceux utilis\u00e9s dans les formations de secourisme, ce tissu capte la pression exerc\u00e9e par l\u2019apprenant et adapte la simulation en cons\u00e9quence. Associ\u00e9 \u00e0 un casque de r\u00e9alit\u00e9 virtuelle, il plonge l\u2019utilisateur dans un environnement immersif, o\u00f9 l\u2019apprenant doit r\u00e9agir \u00e0 des situations simul\u00e9es\u2009: faire des gestes de premiers secours, r\u00e9aliser des soins m\u00e9dicaux, le tout avec un retour direct gr\u00e2ce \u00e0 la couche de textile. Les sc\u00e9narios peuvent notamment \u00e9voluer en temps r\u00e9el selon la mani\u00e8re dont est ex\u00e9cut\u00e9e la man\u0153uvre.<\/p>\n<p class=\" wall-content\">Le tout est pilot\u00e9 par un logiciel d\u00e9di\u00e9, accessible sur PC ou tablette, qui permet au formateur de suivre les actions en temps r\u00e9el et d\u2019adapter la mise en situation. \u00ab\u2009L\u2019id\u00e9e est d\u2019offrir une formation plus accessible, sans les contraintes des mannequins haute fid\u00e9lit\u00e9 qui n\u00e9cessitent un technicien pour les manipuler et un budget de plusieurs centaines de milliers d\u2019euros\u2009\u00bb, explique Mehdi Imouloudene.<\/p>\n<p>\u00ab\u200910 \u00e0 15 fois moins ch\u00e8re d\u2019un mannequin haute fid\u00e9lit\u00e9\u2009\u00bb<\/p>\n<p class=\" wall-content\">Alors qu\u2019un mannequin haute-fid\u00e9lit\u00e9 peut co\u00fbter jusqu\u2019\u00e0 200\u2009000\u00a0euros, la solution d\u00e9velopp\u00e9e par Simpatic se veut bien plus accessible. Selon son fondateur, elle serait \u00ab\u200910 \u00e0 15\u00a0fois moins ch\u00e8re\u2009\u00bb, un atout majeur pour les centres de formation et les \u00e9tablissements de sant\u00e9, souvent confront\u00e9s \u00e0 des contraintes budg\u00e9taires.<\/p>\n<p class=\" wall-content\">Le tarif exact varie en fonction des modules et des sc\u00e9narios choisis, mais reste nettement inf\u00e9rieur aux alternatives existantes. \u00ab\u2009Nous avons con\u00e7u un dispositif flexible, capable de s\u2019adapter aux besoins et aux budgets des structures, avec une tarification modulable et un abonnement permettant des mises \u00e0 jour r\u00e9guli\u00e8res des sc\u00e9narios et du logiciel\u2009\u00bb, explique Mehdi Imouloudene.<\/p>\n<p>Un dispositif test\u00e9 aupr\u00e8s de la Protection civile<\/p>\n<p class=\" wall-content\">Encore en phase de lancement, la start-up a d\u00e9j\u00e0 test\u00e9 son dispositif aupr\u00e8s de la Protection civile du Nord et de la Croix-Rouge. Elle entame d\u00e9sormais sa commercialisation avec un objectif clair\u2009: <b>\u00e9quiper une trentaine de centres de formation d\u2019ici fin 2025<\/b>. Pour acc\u00e9l\u00e9rer son d\u00e9veloppement, Simpatic pr\u00e9pare une lev\u00e9e de fonds.<\/p>\n<p class=\" wall-content\">Dans l\u2019univers de la sant\u00e9, la start-up continue de se faire une place. Elle fait notamment partie des laur\u00e9ats du programme Ambassadeurs du salon Medintechs qui s\u2019est d\u00e9roul\u00e9 les <b>10 et 11 mars 2025 \u00e0 Paris<\/b>. Une occasion pour la start-up de gagner en visibilit\u00e9 aupr\u00e8s de ses pairs. Lors du salon, l\u2019entreprise a d\u2019ailleurs fait partie des 24 s\u00e9lectionn\u00e9es pour int\u00e9grer<b> le programme HIIT <\/b>(Health Innovation Intensive Training).<\/p>\n<p class=\" wall-content\">Suivez toute l\u2019actualit\u00e9 de vos villes et m\u00e9dias favoris en vous inscrivant \u00e0 <a href=\"https:\/\/moncompte.actu.fr\" title=\"D\u00e9couvez Mon Actu\" rel=\"nofollow noopener\" data-trk=\"{&quot;cta&quot;:{&quot;action&quot;:&quot;https:\\\/\\\/moncompte.actu.fr&quot;,&quot;category&quot;:&quot;mon compte&quot;,&quot;from&quot;:&quot;article footer&quot;,&quot;name&quot;:&quot;Mon actu&quot;,&quot;type&quot;:&quot;cta&quot;}}\" target=\"_blank\">Mon Actu<\/a>.<\/p>\n","protected":false},"excerpt":{"rendered":"Par Bastien Grossin Publi\u00e9 le 9 avr. 2025 \u00e0 8h06 \u00ab\u2009Il y a 300\u2009000 \u00e9v\u00e9nements graves associ\u00e9s aux&hellip;\n","protected":false},"author":2,"featured_media":12151,"comment_status":"","ping_status":"","sticky":false,"template":"","format":"standard","meta":{"footnotes":""},"categories":[2815],"tags":[1111,11,1777,674,1011,27,811,1307,12,25,71,2631],"class_list":{"0":"post-12150","1":"post","2":"type-post","3":"status-publish","4":"format-standard","5":"has-post-thumbnail","7":"category-lille","8":"tag-actu","9":"tag-actualites","10":"tag-eu","11":"tag-europe","12":"tag-fr","13":"tag-france","14":"tag-hauts-de-france","15":"tag-lille","16":"tag-news","17":"tag-republique-francaise","18":"tag-sante","19":"tag-sciences-technologie"},"share_on_mastodon":{"url":"","error":""},"_links":{"self":[{"href":"https:\/\/www.europesays.com\/fr\/wp-json\/wp\/v2\/posts\/12150","targetHints":{"allow":["GET"]}}],"collection":[{"href":"https:\/\/www.europesays.com\/fr\/wp-json\/wp\/v2\/posts"}],"about":[{"href":"https:\/\/www.europesays.com\/fr\/wp-json\/wp\/v2\/types\/post"}],"author":[{"embeddable":true,"href":"https:\/\/www.europesays.com\/fr\/wp-json\/wp\/v2\/users\/2"}],"replies":[{"embeddable":true,"href":"https:\/\/www.europesays.com\/fr\/wp-json\/wp\/v2\/comments?post=12150"}],"version-history":[{"count":0,"href":"https:\/\/www.europesays.com\/fr\/wp-json\/wp\/v2\/posts\/12150\/revisions"}],"wp:featuredmedia":[{"embeddable":true,"href":"https:\/\/www.europesays.com\/fr\/wp-json\/wp\/v2\/media\/12151"}],"wp:attachment":[{"href":"https:\/\/www.europesays.com\/fr\/wp-json\/wp\/v2\/media?parent=12150"}],"wp:term":[{"taxonomy":"category","embeddable":true,"href":"https:\/\/www.europesays.com\/fr\/wp-json\/wp\/v2\/categories?post=12150"},{"taxonomy":"post_tag","embeddable":true,"href":"https:\/\/www.europesays.com\/fr\/wp-json\/wp\/v2\/tags?post=12150"}],"curies":[{"name":"wp","href":"https:\/\/api.w.org\/{rel}","templated":true}]}}