{"id":121517,"date":"2025-05-23T08:29:09","date_gmt":"2025-05-23T08:29:09","guid":{"rendered":"https:\/\/www.europesays.com\/fr\/121517\/"},"modified":"2025-05-23T08:29:09","modified_gmt":"2025-05-23T08:29:09","slug":"les-supporters-de-lol-retiennent-leur-souffle","status":"publish","type":"post","link":"https:\/\/www.europesays.com\/fr\/121517\/","title":{"rendered":"les supporters de l&rsquo;OL retiennent leur souffle"},"content":{"rendered":"<p>                            <img width=\"770\" height=\"433\" src=\"https:\/\/www.europesays.com\/fr\/wp-content\/uploads\/2025\/05\/000_34RG7AH-770x433.jpg\" class=\"attachment-article size-article wp-post-image\" alt=\"John Textor en discussions avec les supporters de l'OL \u00e0 Clermont\" decoding=\"async\" fetchpriority=\"high\"  \/><\/p>\n<p>John Textor en discussions avec les supporters de l\u2019OL \u00e0 Clermont (Photo by JEAN-PHILIPPE KSIAZEK \/ AFP)<\/p>\n<p>Avec une audition pr\u00e9vue le 24 juin prochain, l&rsquo;OL a un mois pour mettre de l&rsquo;ordre dans ses comptes et rassurer la DNCG. Un mois durant lequel les supporters lyonnais vont vivre avec l&rsquo;angoisse d&rsquo;une rel\u00e9gation malgr\u00e9 les annonces de John Textor.<\/p>\n<p>Il n&rsquo;y a d\u00e9sormais plus de suspense. Quelques jours seulement apr\u00e8s la fin du championnat et cette 6e place qualificative pour la Ligue Europa Conf\u00e9rence &#8211; en attendant mieux -, l&rsquo;OL a re\u00e7u la date du plus gros match de sa saison. Ce n&rsquo;\u00e9tait pas la finale de la Ligue Europa qui s&rsquo;est tenue entre <strong>Tottenham <\/strong>et le bourreau lyonnais qu&rsquo;est <strong>Manchester United<\/strong>, mais bien <a href=\"https:\/\/www.olympique-et-lyonnais.com\/l-ol-passera-devant-la-dncg-le-24-juin,362545.html\" rel=\"nofollow noopener\" target=\"_blank\">du passage devant la DNCG<\/a>. Un rendez-vous attendu et \u00e0 la fois redout\u00e9, tant les derni\u00e8res fois ont \u00e9t\u00e9 source de d\u00e9ception pour les supporters rhodaniens. Le 24 juin prochain sera encore plus crispant, car depuis la mi-novembre 2024, une rel\u00e9gation en Ligue 2 \u00e0 titre conservatoire a \u00e9t\u00e9 prononc\u00e9e contre le club.<\/p>\n<p>Une issue que personne ne veut imaginer entre Rh\u00f4ne et Sa\u00f4ne, comme l&rsquo;a confi\u00e9 Jorge <strong>Maciel <\/strong>apr\u00e8s le dernier match de la saison. \u00ab\u00a0On fait confiance aux dirigeants. Jusqu&rsquo;\u00e0 pr\u00e9sent, on sent que le club nous offre de bonnes conditions, que le club a l&rsquo;air en bonne sant\u00e9. Il faut donc y croire, et on a pleinement confiance en ceux qui travaillent au niveau administratif pour avoir un Olympique lyonnais dans l&rsquo;\u00e9lite fran\u00e7aise.\u00a0\u00bb Cette sortie est dans la lign\u00e9e de celle de John <strong>Textor <\/strong>depuis plusieurs jours. Fortement critiqu\u00e9 par les supporters, le propri\u00e9taire <a href=\"https:\/\/www.olympique-et-lyonnais.com\/textor-tente-de-rassurer-les-supporters-de-lol,362064.html\" rel=\"nofollow noopener\" target=\"_blank\">tente de rassurer<\/a> comme il le peut, \u00e0 l&rsquo;image de cette petite phrase gliss\u00e9e \u00e0 Olympique-et-Lyonnais, samedi dernier. \u00ab\u00a0On a l&rsquo;argent, tu as compris ? On a l&rsquo;argent.\u00a0\u00bb<\/p>\n<p>Le stade des promesses est termin\u00e9<\/p>\n<p>Aucune raison donc de s&rsquo;inqui\u00e9ter concernant ce passage devant la DNCG. L&rsquo;Am\u00e9ricain en a d&rsquo;ailleurs remis une couche mercredi suite \u00e0 l&rsquo;annonce de la date du rendez-vous \u00e0 Paris. Le patron d&rsquo;Eagle Football assure \u00ab\u00a0avoir compris les demandes\u00a0\u00bb du gendarme financier et que ce dernier \u00ab\u00a0a compris notre fonctionnement\u00a0\u00bb. La derni\u00e8re fois que <strong>Textor <\/strong>avait fait preuve d&rsquo;autant d&rsquo;optimisme, les choses ne s&rsquo;\u00e9taient pas vraiment pass\u00e9es comme pr\u00e9vu. C&rsquo;est d&rsquo;ailleurs ce qui fait peur \u00e0 Matthias, crois\u00e9 jeudi matin \u00e0 la boutique du Parc OL \u00e0 la recherche d&rsquo;un maillot d\u00e9sormais collector d&rsquo;Alexandre <strong><a href=\"https:\/\/www.olympique-et-lyonnais.com\/lacazette-a-lol-un-seul-titre-mais-des-moments-qui-resteront-dans-la-legende,362542.html\" rel=\"nofollow noopener\" target=\"_blank\">Lacazette<\/a><\/strong>. \u00ab\u00a0On aimerait pouvoir lui faire confiance. Mais depuis qu&rsquo;il est l\u00e0, le club est soit interdit de recrutement, soit oblig\u00e9 de vendre pour r\u00e9duire la masse salariale et maintenant, il y a m\u00eame une rel\u00e9gation. Donc, ce sont\u00a0avant tout des actes que l&rsquo;on attend.\u00a0\u00bb<\/p>\n<p>Ces derni\u00e8res heures, les clubs de Ligue 1 ont d\u00fb envoyer leur budget pr\u00e9visionnel avec l&rsquo;absence de revenus li\u00e9s aux droits TV. Mais aussi et surtout, l&rsquo;absence de promesses de vente. Le 24 juin prochain, la d\u00e9l\u00e9gation lyonnaise devra donc arriver avec les reins solides et notamment des \u00e9l\u00e9ments concrets en mains. Quand Jean-Michel <strong>Aulas <\/strong>pouvait faire gonfler la note en estimant un d\u00e9part de Karl <strong>Toko-Ekambi<\/strong> \u00e0 20 millions d&rsquo;euros, John Textor ne pourra se permettre de telles promesses. C&rsquo;est d\u00e9sormais proscrit et il n&rsquo;a malheureusement pas le m\u00eame poids dans les instances que son pr\u00e9d\u00e9cesseur.<\/p>\n<p>Quelle \u00e9quipe si tout le monde est \u00e0 vendre ?<\/p>\n<p>C&rsquo;est donc une <a href=\"https:\/\/www.olympique-et-lyonnais.com\/face-a-la-dncg-lol-prepare-son-match-le-plus-important,362364.html\" rel=\"nofollow noopener\" target=\"_blank\">course-contre-la-montre<\/a> qui se joue sur le prochain mois \u00e0 la recherche de liquidit\u00e9s disponibles pour rassurer la DNCG et lever la r\u00e9trogradation en Ligue 2. D&rsquo;apr\u00e8s nos informations, ce n&rsquo;est pas dans l&rsquo;int\u00e9r\u00eat du football fran\u00e7ais que de voir l&rsquo;<strong>OL<\/strong> glisser \u00e0 l&rsquo;\u00e9tage inf\u00e9rieur. N\u00e9anmoins, le club va quand m\u00eame devoir apporter des garanties et pas seulement un beau sourire en disant \u00ab\u00a0nous sommes l&rsquo;Olympique lyonnais\u00a0\u00bb.<\/p>\n<p>Le club devrait mettre en avant la vente d&rsquo;un joueur ou deux ainsi que les \u00e9conomies salariales r\u00e9alis\u00e9es sur Alexandre <strong>Lacazette <\/strong>et Nicolas <strong>Tagliafico <\/strong>pour \u00ab\u00a0simplement\u00a0\u00bb se voir interdit de recrutement avec un fort encadrement de la masse salariale. Un moindre mal ? Annabelle, pr\u00e9sente \u00e0 D\u00e9cines jeudi, le con\u00e7oit, mais \u00ab\u00a0s&rsquo;interroge sur le visage de l&rsquo;OL la saison prochaine. On nous annonce que tout le monde est \u00e0 vendre, mais si dans le m\u00eame temps on ne peut pas recruter, la saison risque d&rsquo;\u00eatre compliqu\u00e9e.\u00a0\u00bb<\/p>\n<p>Il est vrai que personne n&rsquo;est \u00e0 l&rsquo;abri de ne pas faire ses valises durant l&rsquo;\u00e9t\u00e9 et si <a href=\"https:\/\/www.olympique-et-lyonnais.com\/ca-bouge-a-l-ol-academie,362619.html\" rel=\"nofollow noopener\" target=\"_blank\">l&rsquo;Acad\u00e9mie <\/a>a sauv\u00e9 l&rsquo;OL au d\u00e9but des ann\u00e9es 2010, le doute est un peu plus permis en 2025. Matthias souligne que \u00ab\u00a0peu de jeunes ont d\u00e9but\u00e9 ces derni\u00e8res saisons en Ligue 1 et surtout, ce fut de fa\u00e7on sporadique. Ont-ils vraiment le niveau ?\u00a0\u00bb C&rsquo;est toute la question, comme celle de savoir si John <strong>Textor <\/strong>va tenir les d\u00e9lais \u00e0 temps. C&rsquo;est un vilain d\u00e9faut depuis sa prise de contr\u00f4le en d\u00e9cembre 2022, mais les <a href=\"https:\/\/www.olympique-et-lyonnais.com\/bourse-crystal-palace-eagle-football-group-ex-ol-groupe-tente-de-rassurer,361942.html\" rel=\"nofollow noopener\" target=\"_blank\">r\u00e9centes annonces <\/a>sur la vente de <strong>Crystal Palace<\/strong> et l&rsquo;introduction en Bourse laissent un certain espoir. Les supporters esp\u00e8rent avant tout qu&rsquo;il ne soit pas vain.<\/p>\n","protected":false},"excerpt":{"rendered":"John Textor en discussions avec les supporters de l\u2019OL \u00e0 Clermont (Photo by JEAN-PHILIPPE KSIAZEK \/ AFP) Avec&hellip;\n","protected":false},"author":2,"featured_media":121518,"comment_status":"","ping_status":"","sticky":false,"template":"","format":"standard","meta":{"footnotes":""},"categories":[1410],"tags":[63,1011,27,66,241,978,60],"class_list":{"0":"post-121517","1":"post","2":"type-post","3":"status-publish","4":"format-standard","5":"has-post-thumbnail","7":"category-football","8":"tag-football","9":"tag-fr","10":"tag-france","11":"tag-ligue-1","12":"tag-ol","13":"tag-olympique-lyonnais","14":"tag-sports"},"share_on_mastodon":{"url":"","error":""},"_links":{"self":[{"href":"https:\/\/www.europesays.com\/fr\/wp-json\/wp\/v2\/posts\/121517","targetHints":{"allow":["GET"]}}],"collection":[{"href":"https:\/\/www.europesays.com\/fr\/wp-json\/wp\/v2\/posts"}],"about":[{"href":"https:\/\/www.europesays.com\/fr\/wp-json\/wp\/v2\/types\/post"}],"author":[{"embeddable":true,"href":"https:\/\/www.europesays.com\/fr\/wp-json\/wp\/v2\/users\/2"}],"replies":[{"embeddable":true,"href":"https:\/\/www.europesays.com\/fr\/wp-json\/wp\/v2\/comments?post=121517"}],"version-history":[{"count":0,"href":"https:\/\/www.europesays.com\/fr\/wp-json\/wp\/v2\/posts\/121517\/revisions"}],"wp:featuredmedia":[{"embeddable":true,"href":"https:\/\/www.europesays.com\/fr\/wp-json\/wp\/v2\/media\/121518"}],"wp:attachment":[{"href":"https:\/\/www.europesays.com\/fr\/wp-json\/wp\/v2\/media?parent=121517"}],"wp:term":[{"taxonomy":"category","embeddable":true,"href":"https:\/\/www.europesays.com\/fr\/wp-json\/wp\/v2\/categories?post=121517"},{"taxonomy":"post_tag","embeddable":true,"href":"https:\/\/www.europesays.com\/fr\/wp-json\/wp\/v2\/tags?post=121517"}],"curies":[{"name":"wp","href":"https:\/\/api.w.org\/{rel}","templated":true}]}}