{"id":121523,"date":"2025-05-23T08:32:12","date_gmt":"2025-05-23T08:32:12","guid":{"rendered":"https:\/\/www.europesays.com\/fr\/121523\/"},"modified":"2025-05-23T08:32:12","modified_gmt":"2025-05-23T08:32:12","slug":"un-salon-du-livre-ce-dimanche-dans-le-somptueux-cadre-du-chateau-des-ravalet","status":"publish","type":"post","link":"https:\/\/www.europesays.com\/fr\/121523\/","title":{"rendered":"Un salon du livre ce dimanche dans le somptueux cadre du ch\u00e2teau des Ravalet"},"content":{"rendered":"<p>            Par<br \/>\n        <strong><br \/>\n            <a href=\"https:\/\/actu.fr\/auteur\/redaction-pressemanche\" title=\"Consulter tous les articles de R\u00e9daction La Presse de la Manche\" target=\"_blank\" rel=\"noopener\">R\u00e9daction La Presse de la Manche<\/a><br \/>\n        <\/strong><\/p>\n<p>        Publi\u00e9 le<\/p>\n<p>            23 mai 2025 \u00e0 9h35        <\/p>\n<p>Ce <b>dimanche 25\u00a0mai 2025<\/b>, le <a href=\"https:\/\/actu.fr\/tag\/chateau-des-ravalet\" target=\"_blank\" rel=\"noopener\">ch\u00e2teau des Ravalet<\/a>, \u00e0 <a href=\"https:\/\/actu.fr\/tag\/tourlaville\" target=\"_blank\" rel=\"noopener\">Tourlaville<\/a>, accueillera la <b>2e \u00e9dition<\/b> du<b> Salon du livre <\/b>de l\u2019<a href=\"https:\/\/www.facebook.com\/p\/Auteurs-En-Cotentin-100063772804238\/\" target=\"_blank\" rel=\"noopener\">association Auteurs en Cotentin<\/a>, \u00ab\u2009Ch\u00e2teau \u00e0 la page\u2009\u00bb, organis\u00e9 en partenariat avec la Ville de <a href=\"https:\/\/actu.fr\/normandie\/cherbourg-en-cotentin_50129\" target=\"_blank\" rel=\"noopener\">Cherbourg-en-Cotentin<\/a> (Manche).<\/p>\n<p>    <a href=\"https:\/\/www.google.com\/maps\/embed?pb=!1m18!1m12!1m3!1d4095.1698687521907!2d-1.5714204037931632!3d49.629841072492646!2m3!1f0!2f0!3f0!3m2!1i1024!2i768!4f13.1!3m3!1m2!1s0x480c99a8a3c48623%3A0x7a1897c82eef536d!2sCh%C3%A2teau%20des%20Ravalet!5e1!3m2!1sfr!2sfr!4v1747985316961!5m2!1sfr!2sfr\" title=\"Ouvrie le lien\" target=\"_blank\" rel=\"noopener\">Cliquez ici pour visualiser le contenu<\/a><\/p>\n<p class=\" wall-content\">Ce <b>rendez-vous annuel<\/b>, <b>d\u00e9sormais incontournable<\/b> dans le monde de l\u2019\u00e9criture normand, rassemblera, dans le <b>somptueux cadre m\u00e9di\u00e9val<\/b> des Ravalet, une<b> trentaine d\u2019\u00e9crivaines et d\u2019\u00e9crivains <\/b>venus de toute la <a href=\"https:\/\/actu.fr\/normandie\/\" target=\"_blank\" rel=\"noopener\">Normandie<\/a>.<\/p>\n<p>L\u2019occasion d\u2019une petite balade en famille<\/p>\n<p class=\" wall-content\">La Normandie inspire les auteurs, le salon propose un beau panel des <b>talents<\/b> du territoire, dans tous les styles et tous les genres. Plut\u00f4t roman policier ou d\u2019espionnage, historique ou science-fiction, po\u00e9sie ou fantasy, r\u00e9cit de voyage ou essai sociologique\u2009?<\/p>\n<p>    <a href=\"https:\/\/www.facebook.com\/plugins\/post.php?href=https%3A%2F%2Fwww.facebook.com%2Fpermalink.php%3Fstory_fbid%3Dpfbid089akACLma9oTAQtpePaXZ4LpdfdqJSUjpfDN4axC5amdmWSUhRWUczF1Yi6CtQbUl%26id%3D100063772804238&amp;show_text=true&amp;width=350\" title=\"Ouvrie le lien\" target=\"_blank\" rel=\"noopener\">Cliquez ici pour visualiser le contenu<\/a><\/p>\n<p class=\" wall-content\">\u00ab\u2009Ch\u00e2teau \u00e0 la page\u2009\u00bb r\u00e9pond \u00e0 toutes les attentes et pour chaque go\u00fbt ou centre d\u2019int\u00e9r\u00eat, on trouve un Auteur en Cotentin. L\u2019association accueille cette ann\u00e9e de nouveaux auteurs dont <a href=\"https:\/\/actu.fr\/normandie\/valognes_50615\/feru-dhistoire-lecrivain-julien-sapori-consacre-son-nouveau-livre-a-ernest-hemingway_62638099.html\" target=\"_blank\" rel=\"noopener\">Julien Sapori<\/a>, auteur d\u2019un ouvrage sur les aventures \u00e9piques d\u2019Ernest Hemingway, en 39-45.<\/p>\n<p>Vid\u00e9os : en ce moment sur Actu<\/p>\n<p class=\" wall-content\">En ce dimanche de <a href=\"https:\/\/actu.fr\/tag\/fete-des-meres\" target=\"_blank\" rel=\"noopener\">f\u00eate des M\u00e8res<\/a>, c\u2019est l\u2019occasion d\u2019une<b> petite balade en famille<\/b> dans le magnifique parc du ch\u00e2teau, tout en profitant de lectures passionnantes pour toute la famille.<\/p>\n<p class=\" wall-content\"><b>De notre correspondante Karen PENVERN<\/b><\/p>\n<p>Le salon est ouvert de 10\u00a0heures \u00e0 19\u00a0heures. Entr\u00e9e Libre. Parking gratuit.<\/p>\n<p class=\" wall-content\">Suivez toute l\u2019actualit\u00e9 de vos villes et m\u00e9dias favoris en vous inscrivant \u00e0 <a href=\"https:\/\/moncompte.actu.fr\" title=\"D\u00e9couvez Mon Actu\" rel=\"nofollow noopener\" data-trk=\"{&quot;cta&quot;:{&quot;action&quot;:&quot;https:\\\/\\\/moncompte.actu.fr&quot;,&quot;category&quot;:&quot;mon compte&quot;,&quot;from&quot;:&quot;article footer&quot;,&quot;name&quot;:&quot;Mon actu&quot;,&quot;type&quot;:&quot;cta&quot;}}\" target=\"_blank\">Mon Actu<\/a>.<\/p>\n","protected":false},"excerpt":{"rendered":"Par R\u00e9daction La Presse de la Manche Publi\u00e9 le 23 mai 2025 \u00e0 9h35 Ce dimanche 25\u00a0mai 2025,&hellip;\n","protected":false},"author":2,"featured_media":121524,"comment_status":"","ping_status":"","sticky":false,"template":"","format":"standard","meta":{"footnotes":""},"categories":[1357],"tags":[1379,3168,58,59,1011,27,1380,1652,3169],"class_list":{"0":"post-121523","1":"post","2":"type-post","3":"status-publish","4":"format-standard","5":"has-post-thumbnail","7":"category-livres","8":"tag-books","9":"tag-cotentin","10":"tag-divertissement","11":"tag-entertainment","12":"tag-fr","13":"tag-france","14":"tag-livres","15":"tag-loisirs-culture","16":"tag-tourlaville"},"share_on_mastodon":{"url":"https:\/\/pubeurope.com\/@fr\/114556223268826900","error":""},"_links":{"self":[{"href":"https:\/\/www.europesays.com\/fr\/wp-json\/wp\/v2\/posts\/121523","targetHints":{"allow":["GET"]}}],"collection":[{"href":"https:\/\/www.europesays.com\/fr\/wp-json\/wp\/v2\/posts"}],"about":[{"href":"https:\/\/www.europesays.com\/fr\/wp-json\/wp\/v2\/types\/post"}],"author":[{"embeddable":true,"href":"https:\/\/www.europesays.com\/fr\/wp-json\/wp\/v2\/users\/2"}],"replies":[{"embeddable":true,"href":"https:\/\/www.europesays.com\/fr\/wp-json\/wp\/v2\/comments?post=121523"}],"version-history":[{"count":0,"href":"https:\/\/www.europesays.com\/fr\/wp-json\/wp\/v2\/posts\/121523\/revisions"}],"wp:featuredmedia":[{"embeddable":true,"href":"https:\/\/www.europesays.com\/fr\/wp-json\/wp\/v2\/media\/121524"}],"wp:attachment":[{"href":"https:\/\/www.europesays.com\/fr\/wp-json\/wp\/v2\/media?parent=121523"}],"wp:term":[{"taxonomy":"category","embeddable":true,"href":"https:\/\/www.europesays.com\/fr\/wp-json\/wp\/v2\/categories?post=121523"},{"taxonomy":"post_tag","embeddable":true,"href":"https:\/\/www.europesays.com\/fr\/wp-json\/wp\/v2\/tags?post=121523"}],"curies":[{"name":"wp","href":"https:\/\/api.w.org\/{rel}","templated":true}]}}