{"id":121539,"date":"2025-05-23T08:41:09","date_gmt":"2025-05-23T08:41:09","guid":{"rendered":"https:\/\/www.europesays.com\/fr\/121539\/"},"modified":"2025-05-23T08:41:09","modified_gmt":"2025-05-23T08:41:09","slug":"mexique-un-ex-chef-de-la-securite-et-sa-femme-condamnes-a-payer-24-milliards-de-dollars-actualites","status":"publish","type":"post","link":"https:\/\/www.europesays.com\/fr\/121539\/","title":{"rendered":"Mexique: un ex-chef de la S\u00e9curit\u00e9 et sa femme condamn\u00e9s \u00e0 payer 2,4 milliards de dollars : Actualit\u00e9s"},"content":{"rendered":"<p class=\"lead \">Un ex-ministre de la S\u00e9curit\u00e9 mexicain, Genaro Garcia Luna, condamn\u00e9 pour trafic de drogue aux Etats-Unis, et sa femme ont \u00e9t\u00e9 condamn\u00e9s par un tribunal de Floride \u00e0 payer 2,4 milliards de dollars dans une affaire de corruption, a indiqu\u00e9 jeudi le gouvernement mexicain.<\/p>\n<p class=\"lead \">Garcia Luna, 56 ans, a \u00e9t\u00e9 secr\u00e9taire \u00e0 la S\u00e9curit\u00e9 Publique pendant le gouvernement de Felipe Calder\u00f3n (2006-2012), du Parti Action Nationale (PAN) conservateur. A ce titre, il \u00e9tait en charge de la lutte contre le trafic de drogue.<\/p>\n<p class=\"lead \">Dans de pr\u00e9c\u00e9dentes fonctions (directeur d&rsquo;une agence f\u00e9d\u00e9rale d&rsquo;enqu\u00eate), il avait particip\u00e9 en d\u00e9cembre 2005 \u00e0 l&rsquo;arrestation de la Fran\u00e7aise Florence Cassez et de son compagnon mexicain Israel Vallarta, accus\u00e9s d&rsquo;\u00eatre \u00e0 la t\u00eate d&rsquo;un gang de ravisseurs.<\/p>\n<p class=\"lead \">D\u00e9tenu aux Etats-Unis, M. Luna a \u00e9t\u00e9 condamn\u00e9 l&rsquo;ann\u00e9e derni\u00e8re \u00e0 pr\u00e8s de 39 ans de prison par un tribunal de New York pour avoir prot\u00e9g\u00e9 le cartel de Sinaloa en \u00e9change de millions de dollars en pots-de-vin.<\/p>\n<p class=\"lead \">Mexico a port\u00e9 plainte au civil en septembre 2021 contre M. Luna et son \u00e9pouse Linda Cristina Pereyra. L&rsquo;ex\u00e9cutif les accuse d&rsquo;avoir mis sur pied \u00ab\u00a0un r\u00e9seau de corruption et de blanchiment d&rsquo;argent\u00a0\u00bb qui concerne des dizaines de contrats publics.<\/p>\n<p class=\"lead \">\u00ab\u00a0La sentence \u00e9quivaut \u00e0 trois fois la somme d&rsquo;argent pour laquelle le gouvernement du Mexique les avait initialement poursuivis\u00a0\u00bb en vertu de la loi de Floride, a indiqu\u00e9 dans un communiqu\u00e9 l&rsquo;Unit\u00e9 de renseignement financier du secr\u00e9tariat des Finances (UIF), bras anti-blanchiment du gouvernement.<\/p>\n<p class=\"lead \">Dans le d\u00e9tail, Garcia Luna a \u00e9t\u00e9 condamn\u00e9 \u00e0 payer 748 millions de dollars, et son \u00e9pouse 1,7 milliard de dollars, d&rsquo;apr\u00e8s le communiqu\u00e9 de l&rsquo;UIF.<\/p>\n<p class=\"lead \">L&rsquo;ancien fonctionnaire a \u00e9t\u00e9 arr\u00eat\u00e9 en d\u00e9cembre 2019 \u00e0 Dallas, Texas. Il vivait depuis 2012 aux Etats-Unis. <\/p>\n<p class=\"lead \">Le gouvernement mexicain a d\u00e9clar\u00e9 qu&rsquo;un conglom\u00e9rat d&rsquo;entreprises familiales de Garcia Luna et sa femme avait obtenu trente contrats avec divers organes de s\u00e9curit\u00e9 publique, permettant le d\u00e9tournement de 745,9 millions de fonds publics.<\/p>\n<p class=\"lead \">En mars 2023, la UIF a d\u00e9clar\u00e9 que les ressources \u00ab\u00a0avaient \u00e9t\u00e9 transf\u00e9r\u00e9es \u00e0 l&rsquo;\u00e9tranger\u00a0\u00bb \u00e0 travers l&rsquo;utilisation de paradis fiscaux et l&rsquo;acquisition de biens et d&rsquo;autres actifs en Floride. <\/p>\n<p class=\"lead \">Garcia Luna doit r\u00e9pondre de plusieurs autres accusations au Mexique, a d\u00e9clar\u00e9 la pr\u00e9sidente Claudia Sheinbaum. <\/p>\n<p class=\"lead \">L&rsquo;une des affaires porte sur l&rsquo;op\u00e9ration \u00ab\u00a0Fast and furious\u00a0\u00bb initi\u00e9e par une agence des Etats-Unis pour tracer des armes au Mexique. Les autorit\u00e9s ont finalement perdu la trace des armes qui sont tomb\u00e9es entre les mains de groupes criminels.<\/p>\n<p class=\"lead \">Le gouvernement affirme de plus que Garcia Luna doit r\u00e9pondre \u00ab\u00a0d&rsquo;association de malfaiteurs\u00a0\u00bb dans le dossier de la privatisation de prisons f\u00e9d\u00e9rales.<\/p>\n<p class=\"lead \">\u00ab\u00a0Il n&rsquo;y a pas de diff\u00e9rence entre ce personnage et Joaqu\u00edn &lsquo;Chapo&rsquo; Guzm\u00e1n (le cofondateur du cartel de Sinaloa), un personnage reconnu pour \u00eatre un narcotrafiquant\u00a0\u00bb, avait d\u00e9clar\u00e9 Mme Sheinbaum quand M. Luna avait \u00e9t\u00e9 condamn\u00e9 pour ses liens reconnus avec le cartel de Sinaloa.<\/p>\n<p class=\"small font-weight-bold text-gray3 \"> publi\u00e9 le 23 mai \u00e0 08h18, AFP<\/p>\n<p>                             Partager<\/p>\n","protected":false},"excerpt":{"rendered":"Un ex-ministre de la S\u00e9curit\u00e9 mexicain, Genaro Garcia Luna, condamn\u00e9 pour trafic de drogue aux Etats-Unis, et sa&hellip;\n","protected":false},"author":2,"featured_media":121540,"comment_status":"","ping_status":"","sticky":false,"template":"","format":"standard","meta":{"footnotes":""},"categories":[5],"tags":[11,1770,3992,1011,27,14,5697,12,308,28],"class_list":{"0":"post-121539","1":"post","2":"type-post","3":"status-publish","4":"format-standard","5":"has-post-thumbnail","7":"category-international","8":"tag-actualites","9":"tag-corruption","10":"tag-drogues","11":"tag-fr","12":"tag-france","13":"tag-international","14":"tag-mexique","15":"tag-news","16":"tag-usa","17":"tag-world"},"share_on_mastodon":{"url":"https:\/\/pubeurope.com\/@fr\/114556258444167626","error":""},"_links":{"self":[{"href":"https:\/\/www.europesays.com\/fr\/wp-json\/wp\/v2\/posts\/121539","targetHints":{"allow":["GET"]}}],"collection":[{"href":"https:\/\/www.europesays.com\/fr\/wp-json\/wp\/v2\/posts"}],"about":[{"href":"https:\/\/www.europesays.com\/fr\/wp-json\/wp\/v2\/types\/post"}],"author":[{"embeddable":true,"href":"https:\/\/www.europesays.com\/fr\/wp-json\/wp\/v2\/users\/2"}],"replies":[{"embeddable":true,"href":"https:\/\/www.europesays.com\/fr\/wp-json\/wp\/v2\/comments?post=121539"}],"version-history":[{"count":0,"href":"https:\/\/www.europesays.com\/fr\/wp-json\/wp\/v2\/posts\/121539\/revisions"}],"wp:featuredmedia":[{"embeddable":true,"href":"https:\/\/www.europesays.com\/fr\/wp-json\/wp\/v2\/media\/121540"}],"wp:attachment":[{"href":"https:\/\/www.europesays.com\/fr\/wp-json\/wp\/v2\/media?parent=121539"}],"wp:term":[{"taxonomy":"category","embeddable":true,"href":"https:\/\/www.europesays.com\/fr\/wp-json\/wp\/v2\/categories?post=121539"},{"taxonomy":"post_tag","embeddable":true,"href":"https:\/\/www.europesays.com\/fr\/wp-json\/wp\/v2\/tags?post=121539"}],"curies":[{"name":"wp","href":"https:\/\/api.w.org\/{rel}","templated":true}]}}