{"id":121545,"date":"2025-05-23T08:44:08","date_gmt":"2025-05-23T08:44:08","guid":{"rendered":"https:\/\/www.europesays.com\/fr\/121545\/"},"modified":"2025-05-23T08:44:08","modified_gmt":"2025-05-23T08:44:08","slug":"7-partis-sunissent-pour-faire-tomber-gael-perdriau","status":"publish","type":"post","link":"https:\/\/www.europesays.com\/fr\/121545\/","title":{"rendered":"7 partis s\u2019unissent pour faire tomber Ga\u00ebl Perdriau"},"content":{"rendered":"\n<p>Ils veulent faire front commun et prendre la place de Ga\u00ebl Perdriau. Pas moins de 7 partis distincts viennent de s&rsquo;unir en vue<strong> <\/strong>des \u00e9lections municipales de mars 2026. On retrouve les ex-d\u00e9put\u00e9s Quentin Bataillon (Renaissance), Dino Cinieri (LR), l\u2019ancien adjoint Lionel Boucher (UDI), mais aussi Zahra Bencharif (PRG), Alain Bertheas (Parti Radical), Emmanuel Mandon (MoDem) et Eric Le Jaouen (Horizons) (ndlr, qui avait d\u00e9j\u00e0 annonc\u00e9 se lancer dans l\u2019aventure).<\/p>\n<p>Ils viennent de cr\u00e9er une union sous la banni\u00e8re \u00ab\u00a0Saint-\u00c9tienne Ensemble 2026\u00a0\u00bb. Ils doivent pr\u00e9senter leur strat\u00e9gie dans la journ\u00e9e.<\/p>\n","protected":false},"excerpt":{"rendered":"Ils veulent faire front commun et prendre la place de Ga\u00ebl Perdriau. Pas moins de 7 partis distincts&hellip;\n","protected":false},"author":2,"featured_media":28906,"comment_status":"","ping_status":"","sticky":false,"template":"","format":"standard","meta":{"footnotes":""},"categories":[9653],"tags":[5734,1111,11,2430,7692,24322,24323,1777,674,1011,27,3554,12,24321,25,4001],"class_list":{"0":"post-121545","1":"post","2":"type-post","3":"status-publish","4":"format-standard","5":"has-post-thumbnail","7":"category-saint-etienne","8":"tag-5734","9":"tag-actu","10":"tag-actualites","11":"tag-auvergne-rhone-alpes","12":"tag-bataillon","13":"tag-boucher","14":"tag-cinieri","15":"tag-eu","16":"tag-europe","17":"tag-fr","18":"tag-france","19":"tag-municipales","20":"tag-news","21":"tag-perdriau","22":"tag-republique-francaise","23":"tag-saint-etienne"},"share_on_mastodon":{"url":"https:\/\/pubeurope.com\/@fr\/114556270227562694","error":""},"_links":{"self":[{"href":"https:\/\/www.europesays.com\/fr\/wp-json\/wp\/v2\/posts\/121545","targetHints":{"allow":["GET"]}}],"collection":[{"href":"https:\/\/www.europesays.com\/fr\/wp-json\/wp\/v2\/posts"}],"about":[{"href":"https:\/\/www.europesays.com\/fr\/wp-json\/wp\/v2\/types\/post"}],"author":[{"embeddable":true,"href":"https:\/\/www.europesays.com\/fr\/wp-json\/wp\/v2\/users\/2"}],"replies":[{"embeddable":true,"href":"https:\/\/www.europesays.com\/fr\/wp-json\/wp\/v2\/comments?post=121545"}],"version-history":[{"count":0,"href":"https:\/\/www.europesays.com\/fr\/wp-json\/wp\/v2\/posts\/121545\/revisions"}],"wp:featuredmedia":[{"embeddable":true,"href":"https:\/\/www.europesays.com\/fr\/wp-json\/wp\/v2\/media\/28906"}],"wp:attachment":[{"href":"https:\/\/www.europesays.com\/fr\/wp-json\/wp\/v2\/media?parent=121545"}],"wp:term":[{"taxonomy":"category","embeddable":true,"href":"https:\/\/www.europesays.com\/fr\/wp-json\/wp\/v2\/categories?post=121545"},{"taxonomy":"post_tag","embeddable":true,"href":"https:\/\/www.europesays.com\/fr\/wp-json\/wp\/v2\/tags?post=121545"}],"curies":[{"name":"wp","href":"https:\/\/api.w.org\/{rel}","templated":true}]}}