{"id":121552,"date":"2025-05-23T08:48:09","date_gmt":"2025-05-23T08:48:09","guid":{"rendered":"https:\/\/www.europesays.com\/fr\/121552\/"},"modified":"2025-05-23T08:48:09","modified_gmt":"2025-05-23T08:48:09","slug":"shym-ophelie-winter-boney-m-tout-ce-quil-faut-savoir-sur-la-kermesse-festival-qui-se-tiendra-cet-ete","status":"publish","type":"post","link":"https:\/\/www.europesays.com\/fr\/121552\/","title":{"rendered":"Shy&rsquo;m, Oph\u00e9lie Winter, Boney M&#8230; tout ce qu\u2019il faut savoir sur La Kermesse Festival qui se tiendra cet \u00e9t\u00e9"},"content":{"rendered":"<p>Il est n\u00e9 dans les ann\u00e9es quatre-vingt-dix: c\u2019est peut-\u00eatre pour \u00e7a que le DJ et producteur toulonnais connu sous le nom de Le Pedre, Pierre Abatte, porte La Kermesse Festival. Un grand rendez-vous autour de la musique des ann\u00e9es 1990\/2000 qui na\u00eet \u00e0 Nice en 2022. Depuis 2023, La Kermesse Festival se d\u00e9roule aussi \u00e0 La Seyne-sur-Mer. Et m\u00eame Toulouse.<\/p>\n<p>Raison du succ\u00e8s? \u00ab\u00a0La nostalgie s\u00fbrement, confie Pierre Abatte. La nostalgie de ces ann\u00e9es-l\u00e0, de ces concerts. Avec la Kermesse, on revoit les artistes qu\u2019on avait en poster sur les murs de notre chambre quand on \u00e9tait plus jeune.\u00a0\u00bb Et forc\u00e9ment, le public de La Kermesse est interg\u00e9n\u00e9rationnel. \u00ab\u00a0Pour nous c\u2019est tr\u00e8s agr\u00e9able \u00e0 produire, on a une good vibe des familles\u2026\u00a0\u00bb<\/p>\n<p>Zaho et Oph\u00e9lie Winter<\/p>\n<p>C\u00f4t\u00e9 plateau, \u00ab\u00a0on essaie de se renouveler\u00a0\u00bb et surtout, 30% du programme est choisi par le public lui-m\u00eame en r\u00e9pondant \u00e0 une enqu\u00eate de satisfaction \u00e0 la fin de chaque manifestation. Parmi la programmation, on retrouve donc des \u00ab\u00a0fid\u00e8les\u00a0\u00bb comme les L5, Jessy Matador, Helmut Fritz ou encore Tribal King et Fatal Bazooka qui \u00e9taient d\u00e9j\u00e0 \u00e0 l\u2019affiche en 2022. \u00ab\u00a0Musicalement, le projet de Fatal Bazooka est g\u00e9nial, et voir Micha\u00ebl Youn sur sc\u00e8ne, c&rsquo;est exceptionnel!\u00a0\u00bb, assure Pierre Abatte, admiratif.<\/p>\n<p>Mais l\u2019affiche s\u2019enrichit de belles p\u00e9pites: apr\u00e8s Aliz\u00e9e l\u2019an dernier, on savait que la prod avait r\u00e9ussi \u00e0 toucher Zaho, c\u00e9l\u00e8bre pour son titre C\u2019est chelou. La chanteuse alg\u00e9ro-canadienne se produira \u00e0 Nice le 6 juillet et \u00e0 La Seyne le 3 ao\u00fbt.<\/p>\n<p>Autre grand nom: Oph\u00e9lie Winter, c\u2019est annonc\u00e9! La star du milieu des ann\u00e9es 1990 avec son Dieu m\u2019a donn\u00e9 la foi (rien que l\u2019\u00e9crire \u00e7a nous met le refrain dans la t\u00eate! Vous l\u2019avez aussi maintenant, on parie&#8230;) ne se produisait plus \u00ab\u00a0mais on a r\u00e9ussi \u00e0 la convaincre gr\u00e2ce aux images, aux retomb\u00e9es m\u00e9diatiques du Festival\u00a0\u00bb, confie Pierre Abatte. Et quand on sait que quelque 20.000 personnes vont reprendre les refrains de vos plus grands titres en ch\u0153ur, \u00e7a aide!<\/p>\n<p>Gilbert Montagn\u00e9 et Boney M<\/p>\n<p>Ic\u00f4ne des ann\u00e9es 2000, Shy\u2019m rejoint \u00e9galement la sc\u00e8ne cet \u00e9t\u00e9. Celle qui a su imposer son style marqu\u00e9 par la pop, le R\u2019n\u2019B et la vari\u00e9t\u00e9 fran\u00e7aise reprendra ses plus beaux morceaux le 5 juillet \u00e0 Nice, le 2 ao\u00fbt \u00e0 La Seyne, o\u00f9 elle retrouvera d\u2019ailleurs celui avec qui elle s\u2019est fait conna\u00eetre aupr\u00e8s du grand public, K. Maro.<\/p>\n<p>Encore plus populaire et grand public, Gilbert Montagn\u00e9 viendra mettre le feu sous les sunlights de Nice et La Seyne. En live qui plus est (lire par ailleurs). Enfin, on remonte un peu plus loin le calendrier temporel pour applaudir et danser avec les rois du disco et de la pop des ann\u00e9es 1970\/1980: Boney M. L\u00e0, tout le monde fredonne Daddy Cool ou Ma Baker non? On retrouvera \u00e9galement Kenza Farah<b> <\/b>(Mon ange), Nuttea\u2026 Dans un registre diff\u00e9rent, la bonne humeur de Francky Vincent ou encore la nonchalance incarn\u00e9e avec Doc Gyneco.<\/p>\n<p>Des artistes en live<\/p>\n<p>Grande nouveaut\u00e9 cette ann\u00e9e: certains artistes remplacent la bande-son par de la vraie musique interpr\u00e9t\u00e9e en live sur sc\u00e8ne. Pas rien! On appr\u00e9ciera donc de se replonger avec des musiciens dans la vari\u00e9t\u00e9 de Gilbert Montagn\u00e9, le hip-hop reggae des Neg Marrons (le 1er ao\u00fbt \u00e0 La Seyne), la pop de Shy\u2019m, la dance pop d\u2019Inna\u2026 Tom Frager, Pep\u2019s et Keen\u2019V, et Andrick Airways et Pep\u2019s seront \u00e9galement en live.<\/p>\n<p>La Kermesse Festival les 4,5 et 6 juillet \u00e0 Nice, au th\u00e9\u00e2tre de Verdure. Les 1er, 2 et 3 ao\u00fbt \u00e0 La Seyne-sur-Mer, parc de La Navale. De 16h \u00e0 minuit. Tarifs: de 32,99 \u00e0 54,99 le jour du concert\u2026 S\u2019il reste des places. Rens. <a href=\"https:\/\/lakermesse.fr\" target=\"_blank\" rel=\"noopener\">lakermesse.fr<\/a><\/p>\n<p>            Une identit\u00e9 propre d\u2019une ville \u00e0 l\u2019autre<\/p>\n<p>Entre Nice et La Seyne, la manifestation s\u2019est forg\u00e9 une identit\u00e9 propre. \u00ab\u00a0\u00c0 Nice, on est sur une manifestation plus intimiste avec seulement 3 000 spectateurs par soir\u00e9es, commente Pierre Abatte, organisateur de La Kermesse. Un format concert o\u00f9 l\u2019artiste n\u2019est jamais \u00e0 plus de 20 m\u00e8tres de vous et o\u00f9 vous pouvez croiser le regard de l\u2019artiste.\u00a0\u00bb\u00a0Une formule que certains festivaliers privil\u00e9gient \u00e0 l\u2019effet \u00ab\u00a0waouh\u00a0\u00bb\u00a0du concert g\u00e9ant. Pour \u00e7a, direction La Seyne en effet o\u00f9 cet \u00e9t\u00e9, les festivaliers devraient atteindre le record de 60 000. \u00ab\u00a0L\u2019an dernier, on \u00e9tait limit\u00e9 en jauge en raison des JO et des forces de s\u00e9curit\u00e9 mobilis\u00e9s pour cela. Cette ann\u00e9e, on monte jusqu\u2019\u00e0 20 000 spectateurs par soir\u00e9e.\u00a0\u00bb\u00a0Si la manifestation est inscrite dans les g\u00e8nes des vacanciers qui viennent passer une semaine dans le coin, c\u2019est surtout le lieu, Le Parc de La Navale, qui fait toute la diff\u00e9rence.<\/p>\n<p><strong>Un foodcourt \u00e0 La Seyne<\/strong><\/p>\n<p>Des nouveaut\u00e9s? Oui, mais surtout du c\u00f4t\u00e9 varois, o\u00f9 la sc\u00e8ne s\u2019enrichit de deux \u00e9crans g\u00e9ants\u00a0\u00ab\u00a0pour que les gens qui sont un peu loin ou qui ne veulent pas forc\u00e9ment de gros bains de foule, puissent assister au concert, peu importe o\u00f9 ils sont.\u00a0\u00bb\u00a0Et toujours beaucoup d\u2019effets, comme les feux d\u2019artifice. C\u00f4t\u00e9 restauration, un foodcourt proposera une vingtaine d\u2019offres culinaires pour tous les r\u00e9gimes alimentaires. Les bars seront \u00e9quip\u00e9s d\u2019\u00e9cran et de gyrophare pour indiquer leur disponibilit\u00e9 et l\u2019absence de file d\u2019attente. (Rappelons que l\u2019abus d\u2019alcool est dangereux pour la sant\u00e9 et doit \u00eatre consomm\u00e9 avec mod\u00e9ration).<\/p>\n<p><strong>After au casino Joa et au Naho Club<\/strong><\/p>\n<p>Apr\u00e8s minuit, c\u2019est au casino Joa que celles et ceux qui le souhaitent pourront profiter de l\u2019after avec deux artistes programm\u00e9s (contre un jusqu\u2019\u00e0 pr\u00e9sent). Un vrai succ\u00e8s pour ce rendez-vous d\u00e9j\u00e0 complet, qui n\u2019existe qu\u2019\u00e0 La Seyne. Alors pour ne d\u00e9cevoir personne, on prend les deux m\u00eames artistes qui iront se produire \u00e0 La Garde dans la foul\u00e9e, au Naho. Pour celles et ceux qui voudraient partager ce moment d\u00e9p\u00eachez-vous: \u00ab\u00a0on est d\u00e9j\u00e0 \u00e0 70 % de r\u00e9servation!\u00a0\u00bb<\/p>\n<p>After avec le 1er ao\u00fbt Faf Larage et Makassy, Sinik et Danzel le 2 et Trag\u00e9die et Medhy Custos le 3. Tarifs : 20 euros, 15 euros avec un billet.<\/p>\n<p>              <img ci-src=\"https:\/\/www.nicematin.com\/concerts\/protec\/DATA_ART_15568480-9y9cE6HC.jpg?vh=ae34eb&amp;ci_seal=3caf95ef52\" alt=\"\"\/><br \/>\n        Trag\u00e9die en after le 3 ao\u00fbt \u00e0 La Seyne.  Photo Christophe Hermeline <\/p>\n","protected":false},"excerpt":{"rendered":"Il est n\u00e9 dans les ann\u00e9es quatre-vingt-dix: c\u2019est peut-\u00eatre pour \u00e7a que le DJ et producteur toulonnais connu&hellip;\n","protected":false},"author":2,"featured_media":121553,"comment_status":"","ping_status":"","sticky":false,"template":"","format":"standard","meta":{"footnotes":""},"categories":[9619],"tags":[1111,11,4156,251,1777,674,1011,27,12,882,25,2310],"class_list":{"0":"post-121552","1":"post","2":"type-post","3":"status-publish","4":"format-standard","5":"has-post-thumbnail","7":"category-toulon","8":"tag-actu","9":"tag-actualites","10":"tag-concerts","11":"tag-culture","12":"tag-eu","13":"tag-europe","14":"tag-fr","15":"tag-france","16":"tag-news","17":"tag-provence-alpes-cote-dazur","18":"tag-republique-francaise","19":"tag-toulon"},"share_on_mastodon":{"url":"https:\/\/pubeurope.com\/@fr\/114556285943236027","error":""},"_links":{"self":[{"href":"https:\/\/www.europesays.com\/fr\/wp-json\/wp\/v2\/posts\/121552","targetHints":{"allow":["GET"]}}],"collection":[{"href":"https:\/\/www.europesays.com\/fr\/wp-json\/wp\/v2\/posts"}],"about":[{"href":"https:\/\/www.europesays.com\/fr\/wp-json\/wp\/v2\/types\/post"}],"author":[{"embeddable":true,"href":"https:\/\/www.europesays.com\/fr\/wp-json\/wp\/v2\/users\/2"}],"replies":[{"embeddable":true,"href":"https:\/\/www.europesays.com\/fr\/wp-json\/wp\/v2\/comments?post=121552"}],"version-history":[{"count":0,"href":"https:\/\/www.europesays.com\/fr\/wp-json\/wp\/v2\/posts\/121552\/revisions"}],"wp:featuredmedia":[{"embeddable":true,"href":"https:\/\/www.europesays.com\/fr\/wp-json\/wp\/v2\/media\/121553"}],"wp:attachment":[{"href":"https:\/\/www.europesays.com\/fr\/wp-json\/wp\/v2\/media?parent=121552"}],"wp:term":[{"taxonomy":"category","embeddable":true,"href":"https:\/\/www.europesays.com\/fr\/wp-json\/wp\/v2\/categories?post=121552"},{"taxonomy":"post_tag","embeddable":true,"href":"https:\/\/www.europesays.com\/fr\/wp-json\/wp\/v2\/tags?post=121552"}],"curies":[{"name":"wp","href":"https:\/\/api.w.org\/{rel}","templated":true}]}}