{"id":121568,"date":"2025-05-23T08:57:11","date_gmt":"2025-05-23T08:57:11","guid":{"rendered":"https:\/\/www.europesays.com\/fr\/121568\/"},"modified":"2025-05-23T08:57:11","modified_gmt":"2025-05-23T08:57:11","slug":"gravement-blesse-par-un-coup-de-couteau-un-homme-abandonne-devant-lhopital","status":"publish","type":"post","link":"https:\/\/www.europesays.com\/fr\/121568\/","title":{"rendered":"Gravement bless\u00e9 par un coup de couteau, un homme abandonn\u00e9 devant l\u2019h\u00f4pital"},"content":{"rendered":"<p>Ne parlant pas le fran\u00e7ais, il n\u2019a pas su expliquer ce qui lui est arriv\u00e9. Un homme d\u2019une trentaine d\u2019ann\u00e9es a \u00e9t\u00e9 gri\u00e8vement bless\u00e9 <a href=\"https:\/\/www.20minutes.fr\/dossier\/coup_de_couteau\" class=\"color-ultramarine c-link\" rel=\"nofollow noopener\" target=\"_blank\">\u00e0 l\u2019arme blanche<\/a> mercredi en fin de journ\u00e9e \u00e0 <a href=\"https:\/\/www.20minutes.fr\/rennes\/\" class=\"color-ultramarine c-link\" rel=\"nofollow noopener\" target=\"_blank\">Rennes<\/a>. L\u2019individu, qui pr\u00e9sentait une grave plaie au niveau des c\u00f4tes et des traces de coups au visage, a \u00e9t\u00e9 abandonn\u00e9 devant les urgences de l\u2019h\u00f4pital sud apr\u00e8s son agression, <a href=\"https:\/\/www.rennes-infos-autrement.fr\/agression-au-couteau-un-trentenaire-blesse-conduit-aux-urgences\/\" rel=\"nofollow noopener\" target=\"_blank\" class=\"color-ultramarine c-link\">pr\u00e9cise Rennes Infos Autrement<\/a>. Il a aussit\u00f4t \u00e9t\u00e9 pris en charge par le personnel m\u00e9dical et ses jours ne sont plus en danger.<\/p>\n<p>Selon les premiers \u00e9l\u00e9ments de l\u2019enqu\u00eate, <a href=\"https:\/\/www.20minutes.fr\/dossier\/agression\" class=\"color-ultramarine c-link\" rel=\"nofollow noopener\" target=\"_blank\">l\u2019agression<\/a> aurait eu lieu devant le centre commercial Italie dans le <a href=\"https:\/\/www.20minutes.fr\/faits_divers\/faits-divers-rennes\/4132331-20250107-rennes-victime-suspect-meurtre-blosne-croises-garde-vue\" class=\"color-ultramarine c-link\" rel=\"nofollow noopener\" target=\"_blank\">quartier du Blosne<\/a>, un lieu o\u00f9 le trafic de stup\u00e9fiants est bien implant\u00e9.<\/p>\n","protected":false},"excerpt":{"rendered":"Ne parlant pas le fran\u00e7ais, il n\u2019a pas su expliquer ce qui lui est arriv\u00e9. Un homme d\u2019une&hellip;\n","protected":false},"author":2,"featured_media":121569,"comment_status":"","ping_status":"","sticky":false,"template":"","format":"standard","meta":{"footnotes":""},"categories":[2821],"tags":[1111,47,11,1120,829,7623,1777,674,118,7641,1011,27,100,848,12,584,25,5510,6444],"class_list":{"0":"post-121568","1":"post","2":"type-post","3":"status-publish","4":"format-standard","5":"has-post-thumbnail","7":"category-rennes","8":"tag-actu","9":"tag-actualite","10":"tag-actualites","11":"tag-agression","12":"tag-bretagne","13":"tag-coup-de-couteau","14":"tag-eu","15":"tag-europe","16":"tag-faits-divers","17":"tag-faits-divers-rennes","18":"tag-fr","19":"tag-france","20":"tag-hopital","21":"tag-ille-et-vilaine","22":"tag-news","23":"tag-rennes","24":"tag-republique-francaise","25":"tag-rixe","26":"tag-urgences"},"share_on_mastodon":{"url":"https:\/\/pubeurope.com\/@fr\/114556321343206709","error":""},"_links":{"self":[{"href":"https:\/\/www.europesays.com\/fr\/wp-json\/wp\/v2\/posts\/121568","targetHints":{"allow":["GET"]}}],"collection":[{"href":"https:\/\/www.europesays.com\/fr\/wp-json\/wp\/v2\/posts"}],"about":[{"href":"https:\/\/www.europesays.com\/fr\/wp-json\/wp\/v2\/types\/post"}],"author":[{"embeddable":true,"href":"https:\/\/www.europesays.com\/fr\/wp-json\/wp\/v2\/users\/2"}],"replies":[{"embeddable":true,"href":"https:\/\/www.europesays.com\/fr\/wp-json\/wp\/v2\/comments?post=121568"}],"version-history":[{"count":0,"href":"https:\/\/www.europesays.com\/fr\/wp-json\/wp\/v2\/posts\/121568\/revisions"}],"wp:featuredmedia":[{"embeddable":true,"href":"https:\/\/www.europesays.com\/fr\/wp-json\/wp\/v2\/media\/121569"}],"wp:attachment":[{"href":"https:\/\/www.europesays.com\/fr\/wp-json\/wp\/v2\/media?parent=121568"}],"wp:term":[{"taxonomy":"category","embeddable":true,"href":"https:\/\/www.europesays.com\/fr\/wp-json\/wp\/v2\/categories?post=121568"},{"taxonomy":"post_tag","embeddable":true,"href":"https:\/\/www.europesays.com\/fr\/wp-json\/wp\/v2\/tags?post=121568"}],"curies":[{"name":"wp","href":"https:\/\/api.w.org\/{rel}","templated":true}]}}