{"id":121572,"date":"2025-05-23T08:59:13","date_gmt":"2025-05-23T08:59:13","guid":{"rendered":"https:\/\/www.europesays.com\/fr\/121572\/"},"modified":"2025-05-23T08:59:13","modified_gmt":"2025-05-23T08:59:13","slug":"point-sur-le-centre-de-formation","status":"publish","type":"post","link":"https:\/\/www.europesays.com\/fr\/121572\/","title":{"rendered":"Point sur le Centre de Formation"},"content":{"rendered":"<p class=\"chapo\">\u00c0 l\u2019aube du Final Four U18, et \u00e0 quelques jours du Troph\u00e9e du futur, Olivier Weissler, directeur du centre de formation, Patrice Koenig Coach U21 et Abdel Loucif, coach des U18 ont fait le point sur la saison pass\u00e9e, avant de s\u2019exprimer sur leurs \u00e9ch\u00e9ances \u00e0 venir.<\/p>\n<p class=\"chapo\">\u00a0<\/p>\n<p class=\"chapo\">\u00a0<\/p>\n<p><strong>Cap sur le Final Four U18<\/strong><\/p>\n<p class=\"text-align-center\">\u00a0<\/p>\n<p class=\"text-align-justify\">\u00a0<\/p>\n<p><strong>Un Troph\u00e9e du futur \u00e0 pr\u00e9parer<\/strong><\/p>\n<p class=\"text-align-center\">\u00a0<\/p>\n<p>Au terme d\u2019une belle saison, nos Espoirs ont valid\u00e9 leur qualification pour le Troph\u00e9e du Futur. Pour rappel, ce tournoi r\u00e9unit les sept meilleures \u00e9quipes d\u2019Espoirs \u00c9lite, ainsi que le champion de France Espoirs Pro B. Nos jeunes SIGmen devront relever un gros d\u00e9fi : faire tomber l\u2019\u00e9quipe tenante du titre et h\u00f4te de l\u2019\u00e9dition 2025\u00a0: la JL Bourg Basket. Invaincus dans leur salle depuis le d\u00e9but de la saison, les Bressans sont annonc\u00e9s grands favoris pour remporter le titre. C\u2019est donc le couteau entre les dents que nos jeunes devront batailler pour tenter de r\u00e9aliser l\u2019exploit en terres burgiennes.<\/p>\n<p class=\"text-align-justify\">\u00a0<\/p>\n<p class=\"text-align-justify\">\u00a0<\/p>\n<p>Place donc \u00e0 deux semaines de travail avant de prendre la direction de l\u2019Ain pour le Troph\u00e9e du Futur \u00e9dition 2025. Premier match le 30 mai \u00e0 20h30, \u00e0 Ekinox, pour le quart de finale.<br \/>\nLa SIG Strasbourg se r\u00e9jouit de la r\u00e9ussite de notre centre de formation. Preuve que le travail paie toujours, nous serons tous derri\u00e8re nos jeunes en cette fin de saison palpitante.\u00a0<\/p>\n<p class=\"text-align-justify\">\u00a0<\/p>\n","protected":false},"excerpt":{"rendered":"\u00c0 l\u2019aube du Final Four U18, et \u00e0 quelques jours du Troph\u00e9e du futur, Olivier Weissler, directeur du&hellip;\n","protected":false},"author":2,"featured_media":121573,"comment_status":"","ping_status":"","sticky":false,"template":"","format":"standard","meta":{"footnotes":""},"categories":[2820],"tags":[1111,11,3146,1777,674,1011,27,775,3145,12,25,3144,640],"class_list":{"0":"post-121572","1":"post","2":"type-post","3":"status-publish","4":"format-standard","5":"has-post-thumbnail","7":"category-strasbourg","8":"tag-actu","9":"tag-actualites","10":"tag-betclic-elite","11":"tag-eu","12":"tag-europe","13":"tag-fr","14":"tag-france","15":"tag-grand-est","16":"tag-lnb","17":"tag-news","18":"tag-republique-francaise","19":"tag-sig","20":"tag-strasbourg"},"share_on_mastodon":{"url":"https:\/\/pubeurope.com\/@fr\/114556329462569177","error":""},"_links":{"self":[{"href":"https:\/\/www.europesays.com\/fr\/wp-json\/wp\/v2\/posts\/121572","targetHints":{"allow":["GET"]}}],"collection":[{"href":"https:\/\/www.europesays.com\/fr\/wp-json\/wp\/v2\/posts"}],"about":[{"href":"https:\/\/www.europesays.com\/fr\/wp-json\/wp\/v2\/types\/post"}],"author":[{"embeddable":true,"href":"https:\/\/www.europesays.com\/fr\/wp-json\/wp\/v2\/users\/2"}],"replies":[{"embeddable":true,"href":"https:\/\/www.europesays.com\/fr\/wp-json\/wp\/v2\/comments?post=121572"}],"version-history":[{"count":0,"href":"https:\/\/www.europesays.com\/fr\/wp-json\/wp\/v2\/posts\/121572\/revisions"}],"wp:featuredmedia":[{"embeddable":true,"href":"https:\/\/www.europesays.com\/fr\/wp-json\/wp\/v2\/media\/121573"}],"wp:attachment":[{"href":"https:\/\/www.europesays.com\/fr\/wp-json\/wp\/v2\/media?parent=121572"}],"wp:term":[{"taxonomy":"category","embeddable":true,"href":"https:\/\/www.europesays.com\/fr\/wp-json\/wp\/v2\/categories?post=121572"},{"taxonomy":"post_tag","embeddable":true,"href":"https:\/\/www.europesays.com\/fr\/wp-json\/wp\/v2\/tags?post=121572"}],"curies":[{"name":"wp","href":"https:\/\/api.w.org\/{rel}","templated":true}]}}