{"id":121576,"date":"2025-05-23T09:01:15","date_gmt":"2025-05-23T09:01:15","guid":{"rendered":"https:\/\/www.europesays.com\/fr\/121576\/"},"modified":"2025-05-23T09:01:15","modified_gmt":"2025-05-23T09:01:15","slug":"la-neige-fait-son-retour-surprise-en-plein-mois-de-mai","status":"publish","type":"post","link":"https:\/\/www.europesays.com\/fr\/121576\/","title":{"rendered":"la neige fait son retour surprise en plein mois de mai"},"content":{"rendered":"<p>            Par<br \/>\n        <strong><br \/>\n            <a href=\"https:\/\/actu.fr\/auteur\/ugo-maillard\" title=\"Consulter tous les articles de Ugo Maillard\" rel=\"nofollow noopener\" target=\"_blank\">Ugo Maillard<\/a><br \/>\n        <\/strong><\/p>\n<p>        Publi\u00e9 le<\/p>\n<p>            23 mai 2025 \u00e0 10h14        <\/p>\n<p>Si le littoral azur\u00e9en s\u2019appr\u00eate \u00e0 conna\u00eetre ses premi\u00e8res fortes chaleurs avec des temp\u00e9ratures qui d\u00e9passeront les 25\u00b0C \u00e0 <a href=\"https:\/\/actu.fr\/nice\/\" rel=\"nofollow noopener\" target=\"_blank\">Nice<\/a> lors de la semaine du 26\u00a0mai 2025, c\u2019est <strong>la neige<\/strong> qui a point\u00e9 le bout de son nez dans le d\u00e9partement.<\/p>\n<p class=\" wall-content\">D\u2019importantes chutes de neige ont \u00e9t\u00e9 constat\u00e9es dans les Alpes du sud, en particulier sur la station de ski d\u2019Isola (<a href=\"https:\/\/actu.fr\/provence-alpes-cote-d-azur\/alpes-maritimes_06\" rel=\"nofollow noopener\" target=\"_blank\">Alpes-Maritimes<\/a>), situ\u00e9e \u00e0 <strong>2000 m\u00e8tres d\u2019altitude<\/strong>.<\/p>\n<p>    <a href=\"https:\/\/www.google.com\/maps\/embed?pb=!1m18!1m12!1m3!1d22887.972772996887!2d7.143937000482279!3d44.18653689148169!2m3!1f0!2f0!3f0!3m2!1i1024!2i768!4f13.1!3m3!1m2!1s0x12cd009231f701b5%3A0x66b6e5e5bbf251c2!2sIsola%202000!5e0!3m2!1sfr!2sfr!4v1747986015390!5m2!1sfr!2sfr\" title=\"Ouvrie le lien\" rel=\"nofollow noopener\" target=\"_blank\">Cliquez ici pour visualiser le contenu<\/a><\/p>\n<p class=\" wall-content\">Si les chutes de neige ne sont pas une premi\u00e8re lors d\u2019un mois de mai, ce ph\u00e9nom\u00e8ne reste rare \u00e0 quelques semaines de l\u2019\u00e9t\u00e9.<\/p>\n<p>Le soleil de retour ce vendredi<\/p>\n<p class=\" wall-content\">\u00ab\u2009Apr\u00e8s le passage des orages, la neige tombe d\u00e9sormais de fa\u00e7on soutenue dans le secteur\u2009\u00bb, constatait M\u00e9t\u00e9o C\u00f4te d\u2019Azur, durant la soir\u00e9e de ce jeudi 22\u00a0mai.<\/p>\n<p>Vid\u00e9os : en ce moment sur Actu<\/p>\n<p class=\" wall-content\">Un <strong>\u00e9pisode tr\u00e8s ponctuel<\/strong> puisque la neige commence d\u2019ores et d\u00e9j\u00e0 \u00e0 fondre ce vendredi matin comme il est possible de le constater via les webcams de la station.<\/p>\n<p>    <img   decoding=\"async\" loading=\"lazy\" src=\"https:\/\/www.europesays.com\/fr\/wp-content\/uploads\/2025\/05\/neige-isola-mai-960x640.png\" alt=\"La neige commence d\u00e9j\u00e0 \u00e0 fondre ce vendredi matin.\" width=\"960\" height=\"640\"\/><br \/>\n    La neige commence d\u00e9j\u00e0 \u00e0 fondre ce vendredi matin. (\u00a9Capture Webcam Isola 2000)<\/p>\n<p class=\" wall-content\">Les pr\u00e9visions de M\u00e9t\u00e9o France indiquent que le mercure grimpera jusqu\u2019\u00e0 11\u00b0C et ne descendra pas en de\u00e7\u00e0 de 6\u00b0C ce vendredi. \u00c0 noter que des orages sont attendus en fin d\u2019apr\u00e8s-midi.<\/p>\n<p class=\" wall-content\">Suivez toute l\u2019actualit\u00e9 de vos villes et m\u00e9dias favoris en vous inscrivant \u00e0 <a href=\"https:\/\/moncompte.actu.fr\" title=\"D\u00e9couvez Mon Actu\" rel=\"nofollow noopener\" data-trk=\"{&quot;cta&quot;:{&quot;action&quot;:&quot;https:\\\/\\\/moncompte.actu.fr&quot;,&quot;category&quot;:&quot;mon compte&quot;,&quot;from&quot;:&quot;article footer&quot;,&quot;name&quot;:&quot;Mon actu&quot;,&quot;type&quot;:&quot;cta&quot;}}\" target=\"_blank\">Mon Actu<\/a>.<\/p>\n","protected":false},"excerpt":{"rendered":"Par Ugo Maillard Publi\u00e9 le 23 mai 2025 \u00e0 10h14 Si le littoral azur\u00e9en s\u2019appr\u00eate \u00e0 conna\u00eetre ses&hellip;\n","protected":false},"author":2,"featured_media":121577,"comment_status":"","ping_status":"","sticky":false,"template":"","format":"standard","meta":{"footnotes":""},"categories":[2819],"tags":[1111,11,1777,674,1011,27,2487,12,2401,882,25],"class_list":{"0":"post-121576","1":"post","2":"type-post","3":"status-publish","4":"format-standard","5":"has-post-thumbnail","7":"category-nice","8":"tag-actu","9":"tag-actualites","10":"tag-eu","11":"tag-europe","12":"tag-fr","13":"tag-france","14":"tag-meteo","15":"tag-news","16":"tag-nice","17":"tag-provence-alpes-cote-dazur","18":"tag-republique-francaise"},"share_on_mastodon":{"url":"https:\/\/pubeurope.com\/@fr\/114556337301594087","error":""},"_links":{"self":[{"href":"https:\/\/www.europesays.com\/fr\/wp-json\/wp\/v2\/posts\/121576","targetHints":{"allow":["GET"]}}],"collection":[{"href":"https:\/\/www.europesays.com\/fr\/wp-json\/wp\/v2\/posts"}],"about":[{"href":"https:\/\/www.europesays.com\/fr\/wp-json\/wp\/v2\/types\/post"}],"author":[{"embeddable":true,"href":"https:\/\/www.europesays.com\/fr\/wp-json\/wp\/v2\/users\/2"}],"replies":[{"embeddable":true,"href":"https:\/\/www.europesays.com\/fr\/wp-json\/wp\/v2\/comments?post=121576"}],"version-history":[{"count":0,"href":"https:\/\/www.europesays.com\/fr\/wp-json\/wp\/v2\/posts\/121576\/revisions"}],"wp:featuredmedia":[{"embeddable":true,"href":"https:\/\/www.europesays.com\/fr\/wp-json\/wp\/v2\/media\/121577"}],"wp:attachment":[{"href":"https:\/\/www.europesays.com\/fr\/wp-json\/wp\/v2\/media?parent=121576"}],"wp:term":[{"taxonomy":"category","embeddable":true,"href":"https:\/\/www.europesays.com\/fr\/wp-json\/wp\/v2\/categories?post=121576"},{"taxonomy":"post_tag","embeddable":true,"href":"https:\/\/www.europesays.com\/fr\/wp-json\/wp\/v2\/tags?post=121576"}],"curies":[{"name":"wp","href":"https:\/\/api.w.org\/{rel}","templated":true}]}}