{"id":12158,"date":"2025-04-09T08:31:07","date_gmt":"2025-04-09T08:31:07","guid":{"rendered":"https:\/\/www.europesays.com\/fr\/12158\/"},"modified":"2025-04-09T08:31:07","modified_gmt":"2025-04-09T08:31:07","slug":"un-vide-dressing-sur-les-toits-de-lyon-ce-week-end","status":"publish","type":"post","link":"https:\/\/www.europesays.com\/fr\/12158\/","title":{"rendered":"Un vide-dressing sur les toits de Lyon ce week-end"},"content":{"rendered":"<p itemprop=\"description\"><strong>Faire de bonnes affaires avec une jolie vue de Lyon.<\/strong><\/p>\n<p>Direction le 1er arrondissement. La boutique Les D\u00e9goteuses organise un vide-dressing pas comme les autres ce week-end. Le rendez-vous est donn\u00e9 ce samedi 12 (11h-21h) et ce dimanche (11h-18h) sur les toits de Lyon, plus exactement au Fort Saint Laurent. L\u2019entr\u00e9e sera libre et gratuite.<\/p>\n<p>Ce sont plus de 1500 p\u00e9pites de seconde main qui seront \u00e0 d\u00e9couvrir sur place avec des marques comme S\u00e9zane, Sandro, Ba&amp;sh, Isabel Marant\u2026 Une vente de plantes organis\u00e9e par Indoor Poppies est \u00e9galement pr\u00e9vue. Des cr\u00e9ateurs locaux seront aussi pr\u00e9sents avec au bout des bijoux, de la c\u00e9ramique, des illustrations et des accessoires.<\/p>\n<p>Une fa\u00e7on de faire de belles trouvailles tout en profitant d\u2019une belle vue de Lyon avec la possibilit\u00e9 de chiller entre deux achats.<\/p>\n<p>            <a href=\"#\" class=\"back-page\" rel=\"back\">X<\/a><\/p>\n","protected":false},"excerpt":{"rendered":"Faire de bonnes affaires avec une jolie vue de Lyon. Direction le 1er arrondissement. La boutique Les D\u00e9goteuses&hellip;\n","protected":false},"author":2,"featured_media":12159,"comment_status":"","ping_status":"","sticky":false,"template":"","format":"standard","meta":{"footnotes":""},"categories":[1889],"tags":[1111,11,2813,2190,2430,1109,251,1112,2811,1777,674,118,1294,4651,1011,27,1922,1110,1114,2428,4903,4902,12,241,316,25,2812,517,800],"class_list":{"0":"post-12158","1":"post","2":"type-post","3":"status-publish","4":"format-standard","5":"has-post-thumbnail","7":"category-lyon","8":"tag-actu","9":"tag-actualites","10":"tag-article","11":"tag-asvel","12":"tag-auvergne-rhone-alpes","13":"tag-breves","14":"tag-culture","15":"tag-depeches","16":"tag-economique","17":"tag-eu","18":"tag-europe","19":"tag-faits-divers","20":"tag-femme","21":"tag-femmes","22":"tag-fr","23":"tag-france","24":"tag-info","25":"tag-informations","26":"tag-infos","27":"tag-lyon","28":"tag-lyonfemme","29":"tag-lyonfemmes","30":"tag-news","31":"tag-ol","32":"tag-politique","33":"tag-republique-francaise","34":"tag-sociale","35":"tag-sport","36":"tag-transports"},"share_on_mastodon":{"url":"https:\/\/pubeurope.com\/@fr\/114307077493782207","error":""},"_links":{"self":[{"href":"https:\/\/www.europesays.com\/fr\/wp-json\/wp\/v2\/posts\/12158","targetHints":{"allow":["GET"]}}],"collection":[{"href":"https:\/\/www.europesays.com\/fr\/wp-json\/wp\/v2\/posts"}],"about":[{"href":"https:\/\/www.europesays.com\/fr\/wp-json\/wp\/v2\/types\/post"}],"author":[{"embeddable":true,"href":"https:\/\/www.europesays.com\/fr\/wp-json\/wp\/v2\/users\/2"}],"replies":[{"embeddable":true,"href":"https:\/\/www.europesays.com\/fr\/wp-json\/wp\/v2\/comments?post=12158"}],"version-history":[{"count":0,"href":"https:\/\/www.europesays.com\/fr\/wp-json\/wp\/v2\/posts\/12158\/revisions"}],"wp:featuredmedia":[{"embeddable":true,"href":"https:\/\/www.europesays.com\/fr\/wp-json\/wp\/v2\/media\/12159"}],"wp:attachment":[{"href":"https:\/\/www.europesays.com\/fr\/wp-json\/wp\/v2\/media?parent=12158"}],"wp:term":[{"taxonomy":"category","embeddable":true,"href":"https:\/\/www.europesays.com\/fr\/wp-json\/wp\/v2\/categories?post=12158"},{"taxonomy":"post_tag","embeddable":true,"href":"https:\/\/www.europesays.com\/fr\/wp-json\/wp\/v2\/tags?post=12158"}],"curies":[{"name":"wp","href":"https:\/\/api.w.org\/{rel}","templated":true}]}}