{"id":121588,"date":"2025-05-23T09:08:17","date_gmt":"2025-05-23T09:08:17","guid":{"rendered":"https:\/\/www.europesays.com\/fr\/121588\/"},"modified":"2025-05-23T09:08:17","modified_gmt":"2025-05-23T09:08:17","slug":"la-circulation-en-soiree-sur-la-branche-roubaix-reprend-plus-tot-que-prevu","status":"publish","type":"post","link":"https:\/\/www.europesays.com\/fr\/121588\/","title":{"rendered":"la circulation en soir\u00e9e sur la branche Roubaix reprend plus t\u00f4t que pr\u00e9vu"},"content":{"rendered":"<p>            Par<br \/>\n        <strong><br \/>\n            <a href=\"https:\/\/actu.fr\/auteur\/margot-nicodeme\" title=\"Consulter tous les articles de Margot Nicod\u00e8me\" rel=\"nofollow noopener\" target=\"_blank\">Margot Nicod\u00e8me<\/a><br \/>\n        <\/strong><\/p>\n<p>        Publi\u00e9 le<\/p>\n<p>            23 mai 2025 \u00e0 10h28        <\/p>\n<p><b>Les travaux ont fini en avance<\/b>, c\u2019est la bonne nouvelle. La circulation du <a href=\"https:\/\/actu.fr\/hauts-de-france\/lille_59350\/metropole-de-lille-a-vous-de-choisir-le-nom-de-votre-futur-moyen-de-transport_62573596.html\" rel=\"nofollow noopener\" target=\"_blank\">tramway<\/a> ne devait pas reprendre avant le dimanche 25 mai, cela se fera finalement deux jours plus t\u00f4t, pour la joie des voyageurs. <a href=\"https:\/\/actu.fr\/tag\/ilevia\" rel=\"nofollow noopener\" target=\"_blank\">Il\u00e9via<\/a> annonce<b> la r\u00e9ouverture de la branche <a href=\"https:\/\/actu.fr\/hauts-de-france\/roubaix_59512\" rel=\"nofollow noopener\" target=\"_blank\">Roubaix<\/a> (Nord) en soir\u00e9e<\/b>, \u00e0 compter de ce vendredi 23 mai.<\/p>\n<p>Des travaux sur la branche Roubaix du tram engag\u00e9s le 12 mai 2025<\/p>\n<p class=\" wall-content\">Pour rappel, des travaux pr\u00e9paratoires \u00e9taient engag\u00e9s depuis le 12 mai dernier, au niveau de la station Planche Epinoy. Le tramway \u00e9tait ainsi <a href=\"https:\/\/actu.fr\/hauts-de-france\/lille_59350\/metropole-de-lille-le-metro-et-le-tramway-interrompus-plusieurs-jours-en-mai-et-juin_62566620.html\" rel=\"nofollow noopener\" target=\"_blank\">interrompu entre Crois\u00e9 Laroche et Roubaix Eurot\u00e9l\u00e9port<\/a> chaque soir \u00e0 partir de 22h, jusqu\u2019\u00e0 la fin de service.<\/p>\n<p class=\" wall-content\">Retour \u00e0 la normale ce vendredi, aux horaires habituels. Le tronc commun et la branche Tourcoing n\u2019\u00e9taient pas impact\u00e9s.\u00a0<\/p>\n<p class=\" wall-content\">Suivez toute l\u2019actualit\u00e9 de vos villes et m\u00e9dias favoris en vous inscrivant \u00e0 <a href=\"https:\/\/moncompte.actu.fr\" title=\"D\u00e9couvez Mon Actu\" rel=\"nofollow noopener\" data-trk=\"{&quot;cta&quot;:{&quot;action&quot;:&quot;https:\\\/\\\/moncompte.actu.fr&quot;,&quot;category&quot;:&quot;mon compte&quot;,&quot;from&quot;:&quot;article footer&quot;,&quot;name&quot;:&quot;Mon actu&quot;,&quot;type&quot;:&quot;cta&quot;}}\" target=\"_blank\">Mon Actu<\/a>.<\/p>\n","protected":false},"excerpt":{"rendered":"Par Margot Nicod\u00e8me Publi\u00e9 le 23 mai 2025 \u00e0 10h28 Les travaux ont fini en avance, c\u2019est la&hellip;\n","protected":false},"author":2,"featured_media":121589,"comment_status":"","ping_status":"","sticky":false,"template":"","format":"standard","meta":{"footnotes":""},"categories":[2815],"tags":[1111,11,1777,674,1011,27,811,4288,1307,12,25,104,2086],"class_list":{"0":"post-121588","1":"post","2":"type-post","3":"status-publish","4":"format-standard","5":"has-post-thumbnail","7":"category-lille","8":"tag-actu","9":"tag-actualites","10":"tag-eu","11":"tag-europe","12":"tag-fr","13":"tag-france","14":"tag-hauts-de-france","15":"tag-ilevia","16":"tag-lille","17":"tag-news","18":"tag-republique-francaise","19":"tag-societe","20":"tag-travaux"},"share_on_mastodon":{"url":"https:\/\/pubeurope.com\/@fr\/114556364606286047","error":""},"_links":{"self":[{"href":"https:\/\/www.europesays.com\/fr\/wp-json\/wp\/v2\/posts\/121588","targetHints":{"allow":["GET"]}}],"collection":[{"href":"https:\/\/www.europesays.com\/fr\/wp-json\/wp\/v2\/posts"}],"about":[{"href":"https:\/\/www.europesays.com\/fr\/wp-json\/wp\/v2\/types\/post"}],"author":[{"embeddable":true,"href":"https:\/\/www.europesays.com\/fr\/wp-json\/wp\/v2\/users\/2"}],"replies":[{"embeddable":true,"href":"https:\/\/www.europesays.com\/fr\/wp-json\/wp\/v2\/comments?post=121588"}],"version-history":[{"count":0,"href":"https:\/\/www.europesays.com\/fr\/wp-json\/wp\/v2\/posts\/121588\/revisions"}],"wp:featuredmedia":[{"embeddable":true,"href":"https:\/\/www.europesays.com\/fr\/wp-json\/wp\/v2\/media\/121589"}],"wp:attachment":[{"href":"https:\/\/www.europesays.com\/fr\/wp-json\/wp\/v2\/media?parent=121588"}],"wp:term":[{"taxonomy":"category","embeddable":true,"href":"https:\/\/www.europesays.com\/fr\/wp-json\/wp\/v2\/categories?post=121588"},{"taxonomy":"post_tag","embeddable":true,"href":"https:\/\/www.europesays.com\/fr\/wp-json\/wp\/v2\/tags?post=121588"}],"curies":[{"name":"wp","href":"https:\/\/api.w.org\/{rel}","templated":true}]}}