{"id":121592,"date":"2025-05-23T09:10:09","date_gmt":"2025-05-23T09:10:09","guid":{"rendered":"https:\/\/www.europesays.com\/fr\/121592\/"},"modified":"2025-05-23T09:10:09","modified_gmt":"2025-05-23T09:10:09","slug":"un-atelier-a-la-pointe-du-made-in-marseille","status":"publish","type":"post","link":"https:\/\/www.europesays.com\/fr\/121592\/","title":{"rendered":"Un atelier \u00e0 la pointe du Made in Marseille"},"content":{"rendered":"\n<p>Un an d\u00e9j\u00e0 que le Label \u00ab\u00a0Fabriqu\u00e9 \u00e0 Marseille\u00a0\u00bb a \u00e9t\u00e9 lanc\u00e9 par la Ville de Marseille. Et c\u2019est pour \u00ab\u00a0continuer de promouvoir la diversit\u00e9 et la richesse des productions artisanales et industrielles marseillaises\u00a0\u00bb que la municipalit\u00e9 a d\u00e9cid\u00e9 d\u2019organiser jeudi un atelier au Clo\u00eetre, \u00e0 l\u2019occasion de la journ\u00e9e des Rencontres Made in France. Anouck Plugnian, cheffe de projet du label, a rappel\u00e9 les quatre types de produits potentiellement concern\u00e9s par l\u2019appellation\u00a0: l\u2019alimentaire, la mode et les accessoires, l\u2019univers de la maison et autres produits manufactur\u00e9s. Pour tenter leur chance, les artisans marseillais doivent r\u00e9pondre \u00e0 un des appels \u00e0 projets que lance successivement la mairie. Le dernier en date se cl\u00f4ture le 16\u00a0juin. Et pour \u00eatre laur\u00e9at, trois crit\u00e8res\u00a0: le caract\u00e8re local de la fabrication ou de la transformation du produit, l\u2019existence d\u2019un savoir-faire de qualit\u00e9 et l\u2019int\u00e9gration dans le processus de fabrication des enjeux sociaux et environnementaux. Le premier appel \u00e0 projet avait permis \u00e0 la municipalit\u00e9 de recueillir 121 candidatures et 107 entreprises ont finalement \u00e9t\u00e9 labelis\u00e9es. L\u2019appellation est valable trois ans. Parmi les grands gagnants\u00a0: les mythiques navettes des Accoules.<\/p>\n","protected":false},"excerpt":{"rendered":"Un an d\u00e9j\u00e0 que le Label \u00ab\u00a0Fabriqu\u00e9 \u00e0 Marseille\u00a0\u00bb a \u00e9t\u00e9 lanc\u00e9 par la Ville de Marseille. Et&hellip;\n","protected":false},"author":2,"featured_media":121593,"comment_status":"","ping_status":"","sticky":false,"template":"","format":"standard","meta":{"footnotes":""},"categories":[2814],"tags":[1111,11,24324,1777,674,1011,27,884,12,882,25],"class_list":{"0":"post-121592","1":"post","2":"type-post","3":"status-publish","4":"format-standard","5":"has-post-thumbnail","7":"category-marseille","8":"tag-actu","9":"tag-actualites","10":"tag-candidatures","11":"tag-eu","12":"tag-europe","13":"tag-fr","14":"tag-france","15":"tag-marseille","16":"tag-news","17":"tag-provence-alpes-cote-dazur","18":"tag-republique-francaise"},"share_on_mastodon":{"url":"https:\/\/pubeurope.com\/@fr\/114556372445814321","error":""},"_links":{"self":[{"href":"https:\/\/www.europesays.com\/fr\/wp-json\/wp\/v2\/posts\/121592","targetHints":{"allow":["GET"]}}],"collection":[{"href":"https:\/\/www.europesays.com\/fr\/wp-json\/wp\/v2\/posts"}],"about":[{"href":"https:\/\/www.europesays.com\/fr\/wp-json\/wp\/v2\/types\/post"}],"author":[{"embeddable":true,"href":"https:\/\/www.europesays.com\/fr\/wp-json\/wp\/v2\/users\/2"}],"replies":[{"embeddable":true,"href":"https:\/\/www.europesays.com\/fr\/wp-json\/wp\/v2\/comments?post=121592"}],"version-history":[{"count":0,"href":"https:\/\/www.europesays.com\/fr\/wp-json\/wp\/v2\/posts\/121592\/revisions"}],"wp:featuredmedia":[{"embeddable":true,"href":"https:\/\/www.europesays.com\/fr\/wp-json\/wp\/v2\/media\/121593"}],"wp:attachment":[{"href":"https:\/\/www.europesays.com\/fr\/wp-json\/wp\/v2\/media?parent=121592"}],"wp:term":[{"taxonomy":"category","embeddable":true,"href":"https:\/\/www.europesays.com\/fr\/wp-json\/wp\/v2\/categories?post=121592"},{"taxonomy":"post_tag","embeddable":true,"href":"https:\/\/www.europesays.com\/fr\/wp-json\/wp\/v2\/tags?post=121592"}],"curies":[{"name":"wp","href":"https:\/\/api.w.org\/{rel}","templated":true}]}}