{"id":121594,"date":"2025-05-23T09:11:09","date_gmt":"2025-05-23T09:11:09","guid":{"rendered":"https:\/\/www.europesays.com\/fr\/121594\/"},"modified":"2025-05-23T09:11:09","modified_gmt":"2025-05-23T09:11:09","slug":"1000-euros-par-camera-detruite-a-marseille-deux-mineurs-interpelles","status":"publish","type":"post","link":"https:\/\/www.europesays.com\/fr\/121594\/","title":{"rendered":"\u00ab1000 euros par cam\u00e9ra d\u00e9truite\u00bb \u00e0 Marseille\u00a0: deux mineurs interpell\u00e9s"},"content":{"rendered":"<p><strong>INFO LE FIGARO<\/strong> &#8211; Ces deux jeunes individus sont suspect\u00e9s d\u2019\u00eatre entr\u00e9s par effraction dans les locaux de la facult\u00e9 Colbert afin de d\u00e9truire une cam\u00e9ra de vid\u00e9osurveillance, r\u00e9pondant \u00e0 une annonce en ligne promettant une ran\u00e7on.<\/p>\n<p class=\"fig-paragraph\">Deux mineurs suspect\u00e9s d\u2019avoir d\u00e9grad\u00e9 une cam\u00e9ra de vid\u00e9osurveillance install\u00e9e dans l\u2019enceinte de la facult\u00e9 d\u2019\u00e9conomie et de gestion de l\u2019<a href=\"http:\/\/www.lefigaro.fr\/marseille\/les-premiers-chercheurs-americains-fuyant-donald-trump-seront-accueillis-par-l-universite-d-aix-marseille-en-juin-20250418\" data-fig-type=\"NewsFlash\" data-gtm-custom-categorie=\"navigation\" data-gtm-custom-action=\"crossclick\" data-gtm-custom-label=\"Contextuel\" data-gtm-event=\"customEventSPE\" data-fig-domain=\"LEFIGARO\" target=\"_blank\" rel=\"noopener\">universit\u00e9 Aix-Marseille<\/a>\u00a0ont \u00e9t\u00e9 interpell\u00e9s, a appris Le Figaro d\u2019une source polici\u00e8re. Ces jeunes suspects pourraient avoir r\u00e9pondu \u00e0 une \u00abannonce\u00bb en ligne incitant \u00e0 d\u00e9grader les cam\u00e9ras du secteur, en proie \u00e0 un trafic de stup\u00e9fiants diffus.<\/p>\n<p class=\"fig-paragraph\">Les faits s\u2019\u00e9taient produits dans la nuit du lundi 12 au mardi 13 mai\u00a0: deux individus \u00e9taient entr\u00e9s par effraction dans les locaux de la facult\u00e9 et son site de Colbert situ\u00e9 dans le 1er arrondissement de la ville. Les malfaiteurs \u00e9taient parvenus \u00e0 p\u00e9n\u00e9trer dans une salle de cours avant d\u2019ouvrir une fen\u00eatre pour d\u00e9couper le support d\u2019une cam\u00e9ra de vid\u00e9osurveillance install\u00e9e sur la fa\u00e7ade d\u2019un b\u00e2timent avant de prendre la fuite.<\/p>\n<p>Annonce en ligne<\/p>\n<p class=\"fig-paragraph\">Avis\u00e9es des faits, les forces de l\u2019ordre s\u2019\u00e9taient lanc\u00e9es \u00e0 la recherche de ces d\u00e9coupeurs compulsifs. Dans le m\u00eame temps, les enqu\u00eateurs avaient mis la main sur une vid\u00e9o qui circulait en ligne et promettait \u00ab1000 euros par cam\u00e9ra d\u00e9truite\u00bb dans le secteur. La cam\u00e9ra install\u00e9e dans la facult\u00e9 \u00e9tait vraisemblablement point\u00e9e vers un point de deal. Les deux mineurs interpell\u00e9s vont \u00eatre pr\u00e9sent\u00e9s \u00e0 des juges pour enfants.<\/p>\n<p class=\"fig-paragraph\">\u00abDes cam\u00e9ras couvrent le secteur gr\u00e2ce au d\u00e9ploiement actif de la vid\u00e9oprotection. Cela a permis des effets sur le secteur en mati\u00e8re de lutte contre le trafic. Ces effets positifs alimentent les tentatives de r\u00e9implantation du trafic\u00bb, avait indiqu\u00e9 la pr\u00e9fecture de police des Bouches-du-Rh\u00f4ne, lanc\u00e9e dans une lutte quotidienne pour\u00a0<a href=\"http:\/\/www.lefigaro.fr\/marseille\/on-s-enfonce-dans-un-gouffre-le-deal-et-les-toxicomanes-s-installent-dans-le-centre-ville-de-marseille-20241205\" data-fig-type=\"NewsFlash\" data-gtm-custom-categorie=\"navigation\" data-gtm-custom-action=\"crossclick\" data-gtm-custom-label=\"Contextuel\" data-gtm-event=\"customEventSPE\" data-fig-domain=\"LEFIGARO\" target=\"_blank\" rel=\"noopener\">endiguer le d\u00e9veloppement des points de deal dans l\u2019hypercentre de Marseille<\/a>. Pris de court, les dealers du secteur tentent en retour de contrer l\u2019action des autorit\u00e9s en\u00a0<a href=\"http:\/\/www.lefigaro.fr\/marseille\/marseille-deux-mineurs-tentent-de-scier-le-mat-d-une-camera-de-videosurveillance-avec-une-disqueuse-20241119\" data-fig-type=\"NewsFlash\" data-gtm-custom-categorie=\"navigation\" data-gtm-custom-action=\"crossclick\" data-gtm-custom-label=\"Contextuel\" data-gtm-event=\"customEventSPE\" data-fig-domain=\"LEFIGARO\" target=\"_blank\" rel=\"noopener\">d\u00e9gradant les cam\u00e9ras de vid\u00e9osurveillance en pleine rue et \u00e0 la disqueuse<\/a>.<\/p>\n","protected":false},"excerpt":{"rendered":"INFO LE FIGARO &#8211; Ces deux jeunes individus sont suspect\u00e9s d\u2019\u00eatre entr\u00e9s par effraction dans les locaux de&hellip;\n","protected":false},"author":2,"featured_media":121595,"comment_status":"","ping_status":"","sticky":false,"template":"","format":"standard","meta":{"footnotes":""},"categories":[2814],"tags":[1111,11,885,1182,1180,1181,1777,674,1011,27,1184,1185,884,12,1177,1176,149,1072,1186,882,25,1178,1183,9673,1179],"class_list":{"0":"post-121594","1":"post","2":"type-post","3":"status-publish","4":"format-standard","5":"has-post-thumbnail","7":"category-marseille","8":"tag-actu","9":"tag-actualites","10":"tag-bouches-du-rhone","11":"tag-calanques","12":"tag-canebiere","13":"tag-cite-phoceenne","14":"tag-eu","15":"tag-europe","16":"tag-fr","17":"tag-france","18":"tag-la-timone","19":"tag-les-baumettes-mediterranee","20":"tag-marseille","21":"tag-news","22":"tag-notre-dame-de-la-garde","23":"tag-olympique-de-marseille","24":"tag-om","25":"tag-police","26":"tag-provence","27":"tag-provence-alpes-cote-dazur","28":"tag-republique-francaise","29":"tag-saint-charles","30":"tag-sormiou","31":"tag-surveillance","32":"tag-vieux-port"},"share_on_mastodon":{"url":"https:\/\/pubeurope.com\/@fr\/114556376406261618","error":""},"_links":{"self":[{"href":"https:\/\/www.europesays.com\/fr\/wp-json\/wp\/v2\/posts\/121594","targetHints":{"allow":["GET"]}}],"collection":[{"href":"https:\/\/www.europesays.com\/fr\/wp-json\/wp\/v2\/posts"}],"about":[{"href":"https:\/\/www.europesays.com\/fr\/wp-json\/wp\/v2\/types\/post"}],"author":[{"embeddable":true,"href":"https:\/\/www.europesays.com\/fr\/wp-json\/wp\/v2\/users\/2"}],"replies":[{"embeddable":true,"href":"https:\/\/www.europesays.com\/fr\/wp-json\/wp\/v2\/comments?post=121594"}],"version-history":[{"count":0,"href":"https:\/\/www.europesays.com\/fr\/wp-json\/wp\/v2\/posts\/121594\/revisions"}],"wp:featuredmedia":[{"embeddable":true,"href":"https:\/\/www.europesays.com\/fr\/wp-json\/wp\/v2\/media\/121595"}],"wp:attachment":[{"href":"https:\/\/www.europesays.com\/fr\/wp-json\/wp\/v2\/media?parent=121594"}],"wp:term":[{"taxonomy":"category","embeddable":true,"href":"https:\/\/www.europesays.com\/fr\/wp-json\/wp\/v2\/categories?post=121594"},{"taxonomy":"post_tag","embeddable":true,"href":"https:\/\/www.europesays.com\/fr\/wp-json\/wp\/v2\/tags?post=121594"}],"curies":[{"name":"wp","href":"https:\/\/api.w.org\/{rel}","templated":true}]}}