{"id":121596,"date":"2025-05-23T09:12:07","date_gmt":"2025-05-23T09:12:07","guid":{"rendered":"https:\/\/www.europesays.com\/fr\/121596\/"},"modified":"2025-05-23T09:12:07","modified_gmt":"2025-05-23T09:12:07","slug":"sa-compagne-se-fait-draguer-par-un-conscrit-il-la-violente","status":"publish","type":"post","link":"https:\/\/www.europesays.com\/fr\/121596\/","title":{"rendered":"sa compagne se fait draguer par un conscrit, il la violente"},"content":{"rendered":"<p>Pr\u00e8s de Lyon : sa compagne se fait draguer par un conscrit, il la violente &#8211; LyonMag<\/p>\n<p itemprop=\"description\"><strong>Les faits se sont d\u00e9roul\u00e9s en f\u00e9vrier dernier.<\/strong><\/p>\n<p>Alors que les conscrits faisaient la f\u00eate dans un bar de Charentay dans le Rh\u00f4ne, un jeune homme a dragu\u00e9 une femme sous les yeux de son compagnon. Ce dernier, furieux, s&rsquo;en est pris \u00e0 sa moiti\u00e9 devant tout le monde, l&rsquo;insultant, la tirant par les cheveux et lui jetant le contenu d&rsquo;un verre au visage.<\/p>\n<p>L&rsquo;intervention des gendarmes avait permis d&rsquo;apaiser la situation. Mais de retour chez lui durant la nuit, le couple s&rsquo;\u00e9tait \u00e0 nouveau disput\u00e9. Cette fois, l&rsquo;homme avait pouss\u00e9 la femme sur un \u00e9tendage, tandis que son fils tentait de les s\u00e9parer.<\/p>\n<p>L&rsquo;homme a \u00e9t\u00e9 jug\u00e9 r\u00e9cemment par le tribunal correctionnel de Villefranche-sur-Sa\u00f4ne. Avec un casier judiciaire d\u00e9j\u00e0 bien charg\u00e9 en mati\u00e8re de violences conjugales, il a pr\u00e9sent\u00e9 ses excuses, rejetant la faute sur sa consommation d&rsquo;alcool.<\/p>\n<p>De son c\u00f4t\u00e9, la victime lui a pardonn\u00e9, elle a m\u00eame expliqu\u00e9 aux juges \u00eatre partiellement responsable des agissements de son compagnon.<\/p>\n<p>Ce dernier a \u00e9cop\u00e9 de 8 mois de prison ferme, une peine qu&rsquo;il fera sous bracelet \u00e9lectronique. Par contre, la justice est all\u00e9e contre la volont\u00e9 du couple qui voulait continuer \u00e0 pouvoir vivre ensemble, puisque le pr\u00e9venu a l&rsquo;interdiction de se rendre au domicile de sa compagne.<\/p>\n","protected":false},"excerpt":{"rendered":"Pr\u00e8s de Lyon : sa compagne se fait draguer par un conscrit, il la violente &#8211; LyonMag Les&hellip;\n","protected":false},"author":2,"featured_media":121597,"comment_status":"","ping_status":"","sticky":false,"template":"","format":"standard","meta":{"footnotes":""},"categories":[1889],"tags":[1111,11,2813,2190,2430,1109,251,1112,2811,1777,674,118,1011,27,1922,1110,1114,2428,2810,12,241,316,25,2812,517,800],"class_list":{"0":"post-121596","1":"post","2":"type-post","3":"status-publish","4":"format-standard","5":"has-post-thumbnail","7":"category-lyon","8":"tag-actu","9":"tag-actualites","10":"tag-article","11":"tag-asvel","12":"tag-auvergne-rhone-alpes","13":"tag-breves","14":"tag-culture","15":"tag-depeches","16":"tag-economique","17":"tag-eu","18":"tag-europe","19":"tag-faits-divers","20":"tag-fr","21":"tag-france","22":"tag-info","23":"tag-informations","24":"tag-infos","25":"tag-lyon","26":"tag-lyonmag","27":"tag-news","28":"tag-ol","29":"tag-politique","30":"tag-republique-francaise","31":"tag-sociale","32":"tag-sport","33":"tag-transports"},"share_on_mastodon":{"url":"https:\/\/pubeurope.com\/@fr\/114556380424534930","error":""},"_links":{"self":[{"href":"https:\/\/www.europesays.com\/fr\/wp-json\/wp\/v2\/posts\/121596","targetHints":{"allow":["GET"]}}],"collection":[{"href":"https:\/\/www.europesays.com\/fr\/wp-json\/wp\/v2\/posts"}],"about":[{"href":"https:\/\/www.europesays.com\/fr\/wp-json\/wp\/v2\/types\/post"}],"author":[{"embeddable":true,"href":"https:\/\/www.europesays.com\/fr\/wp-json\/wp\/v2\/users\/2"}],"replies":[{"embeddable":true,"href":"https:\/\/www.europesays.com\/fr\/wp-json\/wp\/v2\/comments?post=121596"}],"version-history":[{"count":0,"href":"https:\/\/www.europesays.com\/fr\/wp-json\/wp\/v2\/posts\/121596\/revisions"}],"wp:featuredmedia":[{"embeddable":true,"href":"https:\/\/www.europesays.com\/fr\/wp-json\/wp\/v2\/media\/121597"}],"wp:attachment":[{"href":"https:\/\/www.europesays.com\/fr\/wp-json\/wp\/v2\/media?parent=121596"}],"wp:term":[{"taxonomy":"category","embeddable":true,"href":"https:\/\/www.europesays.com\/fr\/wp-json\/wp\/v2\/categories?post=121596"},{"taxonomy":"post_tag","embeddable":true,"href":"https:\/\/www.europesays.com\/fr\/wp-json\/wp\/v2\/tags?post=121596"}],"curies":[{"name":"wp","href":"https:\/\/api.w.org\/{rel}","templated":true}]}}