{"id":121602,"date":"2025-05-23T09:15:10","date_gmt":"2025-05-23T09:15:10","guid":{"rendered":"https:\/\/www.europesays.com\/fr\/121602\/"},"modified":"2025-05-23T09:15:10","modified_gmt":"2025-05-23T09:15:10","slug":"ratp-le-tarif-des-amendes-va-augmenter-le-2-juin-2","status":"publish","type":"post","link":"https:\/\/www.europesays.com\/fr\/121602\/","title":{"rendered":"RATP : le tarif des amendes va augmenter le 2 juin"},"content":{"rendered":"<p><img loading=\"lazy\" decoding=\"async\" alt=\"\u00a9 Shuttertock - Les amendes forfaitaires dans les transports g\u00e9r\u00e9s par la RATP augmenteront \u00e0 compter du 2 juin.\" data-zoom-src=\"https:\/\/www.europesays.com\/fr\/wp-content\/uploads\/2025\/05\/initial-metro.jpg\" data-zoomable=\"\" height=\"702\" src=\"https:\/\/www.europesays.com\/fr\/wp-content\/uploads\/2025\/05\/initial-metro.jpg\" width=\"1248\"\/>  <\/p>\n<p class=\"article-desc\">\u00a9 Shuttertock &#8211; Les amendes forfaitaires dans les transports g\u00e9r\u00e9s par la RATP augmenteront \u00e0 compter du 2 juin. <\/p>\n<p>Conform\u00e9ment au plan de <strong>lutte contre la fraude<\/strong> lanc\u00e9 en f\u00e9vrier dernier par<a href=\"https:\/\/mesinfos.fr\/77290-mitry-mory\/retards-ile-de-france-mobilites-lance-sa-campagne-de-dedommagement-218927.html\" rel=\"noopener nofollow\" target=\"_blank\"> \u00cele-de-France Mobilit\u00e9s<\/a> sur l&rsquo;ensemble des r\u00e9seaux franciliens visant \u00e0 la diminuer de moiti\u00e9, la RATP a d\u00e9cid\u00e9 d&rsquo;augmenter le <strong>tarif des amendes tarifaires<\/strong> \u00e0 compter du 2 juin. <\/p>\n<p>70 euros en paiement imm\u00e9diat, 120 euros en paiement diff\u00e9r\u00e9\u00a0 <\/p>\n<p>Ainsi, l&rsquo;amende tarifaire en <strong>paiement imm\u00e9diat augmentera de 20 euros<\/strong>, passant ainsi de 50 \u00e0 <strong>70 euros<\/strong>. Celle en <strong>paiement diff\u00e9r\u00e9<\/strong>, sous la limite des 90 jours, passera \u00e0 <strong>120 euros<\/strong>, puis \u00e0 180 euros au-del\u00e0 des 90 jours, en forfait major\u00e9.\u00a0 <\/p>\n<p>Concernant les <strong>bus et tramways,<\/strong> l&rsquo;amende pour non-validation d&rsquo;un abonnement passera de <strong>5<\/strong> \u00e0 <strong>15 euros<\/strong>, soit une augmentation de 10 euros, et ce \u00ab\u00a0afin d&rsquo;inciter les clients \u00e0 valider leur titre et ainsi adapter l&rsquo;offre de transport \u00e0 la demande gr\u00e2ce \u00e0 des remont\u00e9es de fr\u00e9quentation plus pr\u00e9cises\u00a0\u00bb, pr\u00e9cise la R\u00e9gie autonome des transports parisiens.<\/p>\n<p> \u00a0Plus d&rsquo;un million d&rsquo;infractions par an et des dizaines de millions d&rsquo;euros de perte dus \u00e0 la fraude  <\/p>\n<p>Parall\u00e8lement au durcissement des amendes, des <strong>affichages<\/strong> sur l&rsquo;ensemble du r\u00e9seau m\u00e9tro et RER, dans les stations de tramway ainsi que dans les bus sont pr\u00e9vus d\u00e8s le 2 juin.\u00a0 <\/p>\n<p>Pour lutter contre la fraude, entre <strong>400 et 600 agents de contr\u00f4le<\/strong> sont <strong>mobilis\u00e9s quotidiennement<\/strong> sur le r\u00e9seau de la RATP, qui rappelle que la fraude repr\u00e9sente \u00ab\u00a0plusieurs <strong>dizaines de millions d&rsquo;euros<\/strong> de <strong>perte<\/strong> annuelle et plus de <strong>1,7 million d&rsquo;infractions chaque ann\u00e9e<\/strong> sur l&rsquo;ensemble du r\u00e9seau\u00a0\u00bb qu&rsquo;elle exploite pour le compte d\u2019\u00cele-de-France Mobilit\u00e9s.\u00a0<\/p>\n","protected":false},"excerpt":{"rendered":"\u00a9 Shuttertock &#8211; Les amendes forfaitaires dans les transports g\u00e9r\u00e9s par la RATP augmenteront \u00e0 compter du 2&hellip;\n","protected":false},"author":2,"featured_media":121601,"comment_status":"","ping_status":"","sticky":false,"template":"","format":"standard","meta":{"footnotes":""},"categories":[1592],"tags":[1111,11,1777,674,1011,27,662,12,626,625,25],"class_list":{"0":"post-121602","1":"post","2":"type-post","3":"status-publish","4":"format-standard","5":"has-post-thumbnail","7":"category-ile-de-france","8":"tag-actu","9":"tag-actualites","10":"tag-eu","11":"tag-europe","12":"tag-fr","13":"tag-france","14":"tag-ile-de-france","15":"tag-news","16":"tag-paris","17":"tag-ratp","18":"tag-republique-francaise"},"share_on_mastodon":{"url":"https:\/\/pubeurope.com\/@fr\/114556392464333281","error":""},"_links":{"self":[{"href":"https:\/\/www.europesays.com\/fr\/wp-json\/wp\/v2\/posts\/121602","targetHints":{"allow":["GET"]}}],"collection":[{"href":"https:\/\/www.europesays.com\/fr\/wp-json\/wp\/v2\/posts"}],"about":[{"href":"https:\/\/www.europesays.com\/fr\/wp-json\/wp\/v2\/types\/post"}],"author":[{"embeddable":true,"href":"https:\/\/www.europesays.com\/fr\/wp-json\/wp\/v2\/users\/2"}],"replies":[{"embeddable":true,"href":"https:\/\/www.europesays.com\/fr\/wp-json\/wp\/v2\/comments?post=121602"}],"version-history":[{"count":0,"href":"https:\/\/www.europesays.com\/fr\/wp-json\/wp\/v2\/posts\/121602\/revisions"}],"wp:featuredmedia":[{"embeddable":true,"href":"https:\/\/www.europesays.com\/fr\/wp-json\/wp\/v2\/media\/121601"}],"wp:attachment":[{"href":"https:\/\/www.europesays.com\/fr\/wp-json\/wp\/v2\/media?parent=121602"}],"wp:term":[{"taxonomy":"category","embeddable":true,"href":"https:\/\/www.europesays.com\/fr\/wp-json\/wp\/v2\/categories?post=121602"},{"taxonomy":"post_tag","embeddable":true,"href":"https:\/\/www.europesays.com\/fr\/wp-json\/wp\/v2\/tags?post=121602"}],"curies":[{"name":"wp","href":"https:\/\/api.w.org\/{rel}","templated":true}]}}