{"id":121607,"date":"2025-05-23T09:18:08","date_gmt":"2025-05-23T09:18:08","guid":{"rendered":"https:\/\/www.europesays.com\/fr\/121607\/"},"modified":"2025-05-23T09:18:08","modified_gmt":"2025-05-23T09:18:08","slug":"roof-madame-m-paris-capitale","status":"publish","type":"post","link":"https:\/\/www.europesays.com\/fr\/121607\/","title":{"rendered":"Roof Madame M | Paris Capitale"},"content":{"rendered":"<p>C\u2019est d\u00e9sormais une tradition ; d\u00e8s l\u2019arriv\u00e9e des beaux jours, <strong>Roof<\/strong>, le toit-terrasse de l\u2019h\u00f4tel Madame R\u00eave, devient un incontournable. Pour la quatri\u00e8me ann\u00e9e cons\u00e9cutive, les visiteurs et les clients de l\u2019\u00e9tablissement peuvent siroter une s\u00e9lection de champagnes et de cocktails signature au milieu d\u2019un jardin luxuriant, qui compte plus d\u2019une centaine d\u2019esp\u00e8ces v\u00e9g\u00e9tales. Une vraie bulle de nature en plein Paris.<\/p>\n","protected":false},"excerpt":{"rendered":"C\u2019est d\u00e9sormais une tradition ; d\u00e8s l\u2019arriv\u00e9e des beaux jours, Roof, le toit-terrasse de l\u2019h\u00f4tel Madame R\u00eave, devient&hellip;\n","protected":false},"author":2,"featured_media":121608,"comment_status":"","ping_status":"","sticky":false,"template":"","format":"standard","meta":{"footnotes":""},"categories":[1888],"tags":[11,1777,674,1011,27,12,626,25,8551],"class_list":{"0":"post-121607","1":"post","2":"type-post","3":"status-publish","4":"format-standard","5":"has-post-thumbnail","7":"category-paris","8":"tag-actualites","9":"tag-eu","10":"tag-europe","11":"tag-fr","12":"tag-france","13":"tag-news","14":"tag-paris","15":"tag-republique-francaise","16":"tag-tendance"},"share_on_mastodon":{"url":"https:\/\/pubeurope.com\/@fr\/114556403989203769","error":""},"_links":{"self":[{"href":"https:\/\/www.europesays.com\/fr\/wp-json\/wp\/v2\/posts\/121607","targetHints":{"allow":["GET"]}}],"collection":[{"href":"https:\/\/www.europesays.com\/fr\/wp-json\/wp\/v2\/posts"}],"about":[{"href":"https:\/\/www.europesays.com\/fr\/wp-json\/wp\/v2\/types\/post"}],"author":[{"embeddable":true,"href":"https:\/\/www.europesays.com\/fr\/wp-json\/wp\/v2\/users\/2"}],"replies":[{"embeddable":true,"href":"https:\/\/www.europesays.com\/fr\/wp-json\/wp\/v2\/comments?post=121607"}],"version-history":[{"count":0,"href":"https:\/\/www.europesays.com\/fr\/wp-json\/wp\/v2\/posts\/121607\/revisions"}],"wp:featuredmedia":[{"embeddable":true,"href":"https:\/\/www.europesays.com\/fr\/wp-json\/wp\/v2\/media\/121608"}],"wp:attachment":[{"href":"https:\/\/www.europesays.com\/fr\/wp-json\/wp\/v2\/media?parent=121607"}],"wp:term":[{"taxonomy":"category","embeddable":true,"href":"https:\/\/www.europesays.com\/fr\/wp-json\/wp\/v2\/categories?post=121607"},{"taxonomy":"post_tag","embeddable":true,"href":"https:\/\/www.europesays.com\/fr\/wp-json\/wp\/v2\/tags?post=121607"}],"curies":[{"name":"wp","href":"https:\/\/api.w.org\/{rel}","templated":true}]}}