{"id":121614,"date":"2025-05-23T09:22:08","date_gmt":"2025-05-23T09:22:08","guid":{"rendered":"https:\/\/www.europesays.com\/fr\/121614\/"},"modified":"2025-05-23T09:22:08","modified_gmt":"2025-05-23T09:22:08","slug":"la-cour-supreme-protege-lindependance-de-la-fed-face-a-trump","status":"publish","type":"post","link":"https:\/\/www.europesays.com\/fr\/121614\/","title":{"rendered":"la Cour supr\u00eame prot\u00e8ge l&rsquo;ind\u00e9pendance de la Fed face \u00e0 Trump"},"content":{"rendered":"<p>La R\u00e9serve f\u00e9d\u00e9rale reste \u00e0 l&rsquo;abri des pressions politiques. Dans une d\u00e9cision tr\u00e8s attendue rendue cette nuit, la Cour supr\u00eame des \u00c9tats-Unis a r\u00e9affirm\u00e9 l&rsquo;ind\u00e9pendance des dirigeants de la Fed, en excluant explicitement l&rsquo;institution mon\u00e9taire du champ des officiels que le pr\u00e9sident am\u00e9ricain peut r\u00e9voquer sans motif.<\/p>\n<p>La haute juridiction, domin\u00e9e par une majorit\u00e9 conservatrice, a autoris\u00e9 provisoirement le pr\u00e9sident Donald Trump \u00e0 limoger deux hauts responsables d&rsquo;agences f\u00e9d\u00e9rales sans justifier d&rsquo;une faute,\u00a0l&rsquo;un au sein du National Labor Relations Board (NLRB), l&rsquo;autre au Merit Systems Protection Board (MSPB). Mais la Cour supr\u00eame a clairement pos\u00e9 une limite : les gouverneurs de la R\u00e9serve f\u00e9d\u00e9rale ne sont pas concern\u00e9s par cette souplesse, malgr\u00e9 des statuts de nomination comparables.<\/p>\n<p>Cette distinction intervient alors que Donald Trump ne cache plus son hostilit\u00e9 \u00e0 l&rsquo;\u00e9gard de Jerome Powell, pr\u00e9sident de la Fed, qu&rsquo;il avait lui-m\u00eame nomm\u00e9 en 2018. Ces derniers mois, le locataire de la Maison-Blanche a multipli\u00e9 les attaques publiques contre la politique mon\u00e9taire men\u00e9e sous Powell, allant jusqu&rsquo;\u00e0 \u00e9voquer son remplacement.<\/p>\n<p>\u00ab Entit\u00e9 quasi priv\u00e9e \u00bb<\/p>\n<p>Les magistrats ont rejet\u00e9 l&rsquo;argument des institutions plaignantes selon lequel l&rsquo;autorisation de licenciements sans motif cr\u00e9erait un pr\u00e9c\u00e9dent mena\u00e7ant l&rsquo;ind\u00e9pendance de la banque centrale. \u00ab La R\u00e9serve f\u00e9d\u00e9rale est une entit\u00e9 quasi priv\u00e9e, dot\u00e9e d&rsquo;une structure historique unique \u00bb, \u00e9crit la Cour, invoquant l&rsquo;h\u00e9ritage des deux premi\u00e8res banques centrales am\u00e9ricaines.<\/p>\n<p>En affirmant que l&rsquo;ind\u00e9pendance de la Fed ne saurait \u00eatre remise en cause par le pouvoir ex\u00e9cutif, la Cour rassure les march\u00e9s. Elle r\u00e9affirme aussi un principe fondamental de la gouvernance \u00e9conomique am\u00e9ricaine : la politique mon\u00e9taire doit rester hors de port\u00e9e des int\u00e9r\u00eats politiques imm\u00e9diats.<\/p>\n","protected":false},"excerpt":{"rendered":"La R\u00e9serve f\u00e9d\u00e9rale reste \u00e0 l&rsquo;abri des pressions politiques. Dans une d\u00e9cision tr\u00e8s attendue rendue cette nuit, la&hellip;\n","protected":false},"author":2,"featured_media":121615,"comment_status":"","ping_status":"","sticky":false,"template":"","format":"standard","meta":{"footnotes":""},"categories":[1589],"tags":[17,11,8663,33,73,1866,2823,7512,24327,12,24326,24325,1864,1865,1863,308],"class_list":{"0":"post-121614","1":"post","2":"type-post","3":"status-publish","4":"format-standard","5":"has-post-thumbnail","7":"category-etats-unis","8":"tag-17","9":"tag-actualites","10":"tag-cour","11":"tag-economie","12":"tag-etats-unis","13":"tag-etats-unis-damerique","14":"tag-face","15":"tag-fed","16":"tag-lindependance","17":"tag-news","18":"tag-protege","19":"tag-supreme","20":"tag-united-states","21":"tag-united-states-of-america","22":"tag-us","23":"tag-usa"},"share_on_mastodon":{"url":"https:\/\/pubeurope.com\/@fr\/114556419656713273","error":""},"_links":{"self":[{"href":"https:\/\/www.europesays.com\/fr\/wp-json\/wp\/v2\/posts\/121614","targetHints":{"allow":["GET"]}}],"collection":[{"href":"https:\/\/www.europesays.com\/fr\/wp-json\/wp\/v2\/posts"}],"about":[{"href":"https:\/\/www.europesays.com\/fr\/wp-json\/wp\/v2\/types\/post"}],"author":[{"embeddable":true,"href":"https:\/\/www.europesays.com\/fr\/wp-json\/wp\/v2\/users\/2"}],"replies":[{"embeddable":true,"href":"https:\/\/www.europesays.com\/fr\/wp-json\/wp\/v2\/comments?post=121614"}],"version-history":[{"count":0,"href":"https:\/\/www.europesays.com\/fr\/wp-json\/wp\/v2\/posts\/121614\/revisions"}],"wp:featuredmedia":[{"embeddable":true,"href":"https:\/\/www.europesays.com\/fr\/wp-json\/wp\/v2\/media\/121615"}],"wp:attachment":[{"href":"https:\/\/www.europesays.com\/fr\/wp-json\/wp\/v2\/media?parent=121614"}],"wp:term":[{"taxonomy":"category","embeddable":true,"href":"https:\/\/www.europesays.com\/fr\/wp-json\/wp\/v2\/categories?post=121614"},{"taxonomy":"post_tag","embeddable":true,"href":"https:\/\/www.europesays.com\/fr\/wp-json\/wp\/v2\/tags?post=121614"}],"curies":[{"name":"wp","href":"https:\/\/api.w.org\/{rel}","templated":true}]}}